{"id":16010,"date":"2024-05-10T16:26:14","date_gmt":"2024-05-10T21:26:14","guid":{"rendered":"https:\/\/www.elamazonico.comportal\/?p=16010"},"modified":"2024-05-10T16:26:14","modified_gmt":"2024-05-10T21:26:14","slug":"quienes-fueron-los-invitados-a-la-narcofiesta-en-una-finca-de-via-a-la-costa-filtran-lista-completa","status":"publish","type":"post","link":"https:\/\/www.elamazonico.com\/portal\/quienes-fueron-los-invitados-a-la-narcofiesta-en-una-finca-de-via-a-la-costa-filtran-lista-completa\/","title":{"rendered":"\u00bfQui\u00e9nes fueron los invitados a la &#8216;narcofiesta&#8217; en una finca de v\u00eda a la Costa? Filtran lista completa"},"content":{"rendered":"<div class=\"lead destacado\">La \u2018narcofiesta\u2019, como se ha empezado a identificar al evento realizado en una finca de v\u00eda a la Costa, tuvo alrededor de 150 invitados, entre los que se destacan ciudadanos con antecedentes penales, cantantes nacionales e internacionales, y personajes de la far\u00e1ndula local.<\/div>\n<div class=\"paragraph texto\">\n<p class=\"p_0\">La madrugada de este viernes 10 de mayo del 2024, a las 05:00 de la ma\u00f1ana, empez\u00f3 un operativo policial en una propiedad del kil\u00f3metro 34 de la<b>\u00a0carretera que conecta Guayaquil-Salinas<\/b>\u00a0a 10 minutos del peaje de Chong\u00f3n.<\/p>\n<p class=\"p_1\"><a href=\"https:\/\/www.ecuavisa.com\/noticias\/seguridad\/fiesta-via-a-la-costa-nombres-cinco-detenido-operativo-policial-CY7302756?fbclid=IwZXh0bgNhZW0CMTAAAR02DzW-9bXJyU4O0vAz8dMmKRYRGyPzcgrcfhVKLGoY8jtWNo5ENsVUdy4_aem_AXaOMwNHsCAK_NqVAT70ACVTlNl1JExXtGsX8g2ewERcvFh6tLzNpbULtLvZk6qMmnwrTCbliDiMpoy6MqGnXffg\" rel=\"nofollow\">Ecuavisa<\/a>\u00a0reporta que en esta finca se congregaron unas 150 personas que festejaban el cumplea\u00f1os de un l\u00edder criminal.<\/p>\n<p>El show estuvo a cargo de varios artistas nacionales e internacionales como por ejemplo, el colombiano\u00a0<b>Nelson Vel\u00e1squez,<\/b>\u00a0quien subi\u00f3 a sus redes sociales un video cantando vallenatos en la fiesta privada.<\/p>\n<div class=\"paragraph texto\">\n<p class=\"p_3\"><b>Dayanara Peralta<\/b>, artista ecuatoriana, tambi\u00e9n interpret\u00f3 sus \u00e9xitos. Ella lo confirm\u00f3 en sus historias de Instagram, donde manifest\u00f3: \u201cBuenos d\u00edas, mi familia hermosa. \u00bfC\u00f3mo est\u00e1n? Espero que superbi\u00e9n.\u00a0<b>He recibido muchos mensajitos pregunt\u00e1ndome c\u00f3mo estoy y c\u00f3mo est\u00e1 mi equipo.\u00a0<\/b>Gracias a Dios, todos estamos muy bien, los quiero mucho. Gracias por siempre estar pendientes de m\u00ed y de mi m\u00fasica\u201d.<\/p>\n<p class=\"p_4\"><b>Lea tambi\u00e9n:\u00a0<a href=\"https:\/\/www.vistazo.com\/actualidad\/nacional\/operativo-en-una-finca-de-via-a-la-costa-en-guayaquil-esto-se-conoce-sobre-los-detenidos-BA7301939\">Operativo en una finca de v\u00eda a la Costa en Guayaquil: esto se conoce sobre los detenidos<\/a><\/b><\/p>\n<\/div>\n<div class=\"multimediaMacroWrapper img lateral\">\n<figure class=\"contentMedia art-img\">\n<div><img fetchpriority=\"high\" decoding=\"async\" class=\" lazyloaded\" title=\"As\u00ed luce la finca donde se desarroll\u00f3 la pol\u00e9mica fiesta.\" src=\"https:\/\/www.vistazo.com\/placeholder\/svg\/viewbox\/768x468\" sizes=\"100vw\" srcset=\"\/\/www.vistazo.com\/binrepository\/768x468\/0c0\/0d0\/none\/12727\/TVWX\/20240510106469-gye-narcofiesta_1520790_20240510154003.jpg 768w,\/\/www.vistazo.com\/binrepository\/640x390\/0c0\/0d0\/none\/12727\/TVWM\/20240510106469-gye-narcofiesta_1520790_20240510154003.jpg 640w,\/\/www.vistazo.com\/binrepository\/512x312\/0c0\/0d0\/none\/12727\/TVWB\/20240510106469-gye-narcofiesta_1520790_20240510154003.jpg 512w,\/\/www.vistazo.com\/binrepository\/384x234\/0c0\/0d0\/none\/12727\/TVWO\/20240510106469-gye-narcofiesta_1520790_20240510154003.jpg 384w,\/\/www.vistazo.com\/binrepository\/300x183\/0c0\/0d0\/none\/12727\/TVWN\/20240510106469-gye-narcofiesta_1520790_20240510154003.jpg 300w\" alt=\"$!As\u00ed luce la finca donde se desarroll\u00f3 la pol\u00e9mica fiesta.\" width=\"768\" height=\"468\" data-srcset=\"\/\/www.vistazo.com\/binrepository\/768x468\/0c0\/0d0\/none\/12727\/TVWX\/20240510106469-gye-narcofiesta_1520790_20240510154003.jpg 768w,\/\/www.vistazo.com\/binrepository\/640x390\/0c0\/0d0\/none\/12727\/TVWM\/20240510106469-gye-narcofiesta_1520790_20240510154003.jpg 640w,\/\/www.vistazo.com\/binrepository\/512x312\/0c0\/0d0\/none\/12727\/TVWB\/20240510106469-gye-narcofiesta_1520790_20240510154003.jpg 512w,\/\/www.vistazo.com\/binrepository\/384x234\/0c0\/0d0\/none\/12727\/TVWO\/20240510106469-gye-narcofiesta_1520790_20240510154003.jpg 384w,\/\/www.vistazo.com\/binrepository\/300x183\/0c0\/0d0\/none\/12727\/TVWN\/20240510106469-gye-narcofiesta_1520790_20240510154003.jpg 300w\" \/><\/div>\n<div class=\"cutline-byline\"><span class=\"cutline-text\">As\u00ed luce la finca donde se desarroll\u00f3 la pol\u00e9mica fiesta.\u00a0<\/span><span class=\"byline-image\">(API)<\/span><\/div>\n<\/figure>\n<\/div>\n<div class=\"html_text\">\n<h2>INVITADOS CON ANTECEDENTES<\/h2>\n<h2><\/h2>\n<\/div>\n<div class=\"paragraph texto\">\n<p class=\"p_5\">La Polic\u00eda Nacional indic\u00f3 que unas 150 personas quedaron a disposici\u00f3n de las autoridades para determinar si son requeridas por la justicia. Adem\u00e1s,\u00a0<b>se coteja la propiedad de cada una de las armas decomisadas<\/b>.<\/p>\n<p class=\"p_6\">No obstante, la cadena Ecuavisa revel\u00f3 que cinco personas est\u00e1n oficialmente detenidas. El principal es\u00a0<b>Federico Rolando G\u00f3mez Quinde<\/b>, alias \u2018Feder\u2019, cabecilla de la banda criminal\u00a0<b>\u2018Los \u00c1guilas\u2019<\/b>, quien cuenta con antecedentes por asesinato, tenencia de armas, asociaci\u00f3n il\u00edcita y robo.<\/p>\n<p class=\"p_7\">Otros aprehendidos son\u00a0<b>Celso Miguel Moreira Heredia<\/b>, con investigaciones por tenencia de armas y asociaci\u00f3n il\u00edcita;\u00a0<b>Cantu\u00f1a Quilumba Jos\u00e9 Luis<\/b>, exmiembro de la Polic\u00eda Nacional, con antecedentes por robo y enriquecimiento il\u00edcito; y\u00a0<b>Mac\u00edas Cobe\u00f1a Edwin Andr\u00e9s<\/b>, quien no registra antecedentes.<\/p>\n<div class=\"paragraph texto\">\n<p class=\"p_8\">Mientras que\u00a0<b><a href=\"https:\/\/www.vistazo.com\/politica\/nacional\/abdala-bucaram-dice-que-la-detencion-de-su-hijo-jacobo-bucaram-en-una-narcofiesta-es-persecucion-politica-EA7301633\">Jacobo Bucaram Pulley<\/a><\/b>, hijo del expresidente Abdal\u00e1 Bucaram, qued\u00f3 detenido porque habr\u00eda una orden de captura en su contra,<b>\u00a0aunque su abogado desminti\u00f3 esta aseveraci\u00f3n<\/b>.<\/p>\n<p class=\"p_9\">De hecho, su padre escribi\u00f3 en la red social X que\u00a0<b>\u201cJacobito simplemente estaba invitado a una fiesta en una finca\u201d<\/b>\u00a0y que el procesado no puede responder por los antecedentes de los invitados.<\/p>\n<p class=\"p_10\">No es la primera vez que esta familia se ve salpicada por un esc\u00e1ndalo. En medio de la pandemia, los Bucaram fueron investigados por la<b>\u00a0corrupci\u00f3n hospitalaria<\/b>\u00a0y relacionados con el sentenciado\u00a0<a href=\"https:\/\/www.vistazo.com\/cronologia\/-\/meta\/daniel-salcedo\" rel=\"nofollow\">Daniel Salcedo.<\/a><\/p>\n<p class=\"p_11\"><b>Lea tambi\u00e9n:\u00a0<a href=\"https:\/\/www.vistazo.com\/politica\/nacional\/abdala-bucaram-dice-que-la-detencion-de-su-hijo-jacobo-bucaram-en-una-narcofiesta-es-persecucion-politica-EA7301633\">Abdal\u00e1 Bucaram dice que la detenci\u00f3n de su hijo Jacobo Bucaram en una narcofiesta es persecuci\u00f3n pol\u00edtica<\/a><\/b><\/p>\n<\/div>\n<div class=\"multimediaMacroWrapper youtube_video\"><iframe src=\"https:\/\/www.youtube.com\/embed\/L2poXb_3WEk?wmode=transparent&amp;controls=2&amp;showinfo=0&amp;theme=light\" width=\"100%\" height=\"495\" frameborder=\"0\" allowfullscreen=\"allowfullscreen\" data-mce-fragment=\"1\"><\/iframe><\/div>\n<div class=\"html_text\">\n<h2>\u00bfPERSONAJES DE FAR\u00c1NDULA?<\/h2>\n<h2><\/h2>\n<\/div>\n<div class=\"paragraph texto\">\n<p class=\"p_12\">Las decenas de detenidos fueron trasladados en buses hasta la autoridad competente para determinar su situaci\u00f3n legal.<\/p>\n<p class=\"p_13\">Por el momento, se desconoce qui\u00e9nes son los otros retenidos y cu\u00e1l es el delito investigado.<\/p>\n<p class=\"p_14\">No obstante,\u00a0<b>la cadena Ecuavisa present\u00f3 la lista completa de invitados<\/b>. Ah\u00ed saltan nombres que coinciden con personajes de la far\u00e1ndula local.<\/p>\n<\/div>\n<div class=\"multimediaMacroWrapper img lateral\">\n<figure class=\"contentMedia art-img\">\n<div><img decoding=\"async\" class=\" lazyloaded\" title=\"\u00bfQui\u00e9nes fueron los invitados a la 'narcofiesta' en una finca de v\u00eda a la Costa? Filtran lista completa\" src=\"https:\/\/www.vistazo.com\/placeholder\/svg\/viewbox\/641x800\" sizes=\"100vw\" srcset=\"\/\/www.vistazo.com\/binrepository\/641x800\/0c0\/0d0\/none\/12727\/QBED\/esta_1520808_20240510154517.png 641w,\/\/www.vistazo.com\/binrepository\/534x667\/0c0\/0d0\/none\/12727\/QBLC\/esta_1520808_20240510154517.png 534w,\/\/www.vistazo.com\/binrepository\/427x533\/0c0\/0d0\/none\/12727\/QBJB\/esta_1520808_20240510154517.png 427w,\/\/www.vistazo.com\/binrepository\/321x400\/0c0\/0d0\/none\/12727\/QBIA\/esta_1520808_20240510154517.png 321w\" alt=\"$!\u00bfQui\u00e9nes fueron los invitados a la 'narcofiesta' en una finca de v\u00eda a la Costa? Filtran lista completa\" width=\"641\" height=\"800\" data-srcset=\"\/\/www.vistazo.com\/binrepository\/641x800\/0c0\/0d0\/none\/12727\/QBED\/esta_1520808_20240510154517.png 641w,\/\/www.vistazo.com\/binrepository\/534x667\/0c0\/0d0\/none\/12727\/QBLC\/esta_1520808_20240510154517.png 534w,\/\/www.vistazo.com\/binrepository\/427x533\/0c0\/0d0\/none\/12727\/QBJB\/esta_1520808_20240510154517.png 427w,\/\/www.vistazo.com\/binrepository\/321x400\/0c0\/0d0\/none\/12727\/QBIA\/esta_1520808_20240510154517.png 321w\" \/><\/div>\n<div><strong>Fuente: Vistazo.<\/strong><\/div>\n<\/figure>\n<\/div>\n<\/div>\n<\/div>\n","protected":false},"excerpt":{"rendered":"<p>La \u2018narcofiesta\u2019, como se ha empezado a identificar al evento realizado en una finca de v\u00eda a la Costa, tuvo alrededor de 150 invitados, entre los que se destacan ciudadanos con antecedentes penales, cantantes nacionales e internacionales, y personajes de la far\u00e1ndula local. La madrugada de este viernes 10 de mayo del 2024, a las 05:00 de la ma\u00f1ana, empez\u00f3 un operativo policial en una propiedad del kil\u00f3metro 34 de la\u00a0carretera que conecta Guayaquil-Salinas\u00a0a 10 minutos del peaje de Chong\u00f3n. Ecuavisa\u00a0reporta que en esta finca se congregaron unas 150 personas que festejaban el cumplea\u00f1os de un l\u00edder criminal. El show estuvo a cargo de varios artistas nacionales e internacionales como por ejemplo, el colombiano\u00a0Nelson Vel\u00e1squez,\u00a0quien subi\u00f3 a sus redes sociales un video cantando vallenatos en la fiesta privada. Dayanara Peralta, artista ecuatoriana, tambi\u00e9n interpret\u00f3 sus \u00e9xitos. Ella lo confirm\u00f3 en sus historias de Instagram, donde manifest\u00f3: \u201cBuenos d\u00edas, mi familia hermosa. \u00bfC\u00f3mo est\u00e1n? Espero que superbi\u00e9n.\u00a0He recibido muchos mensajitos pregunt\u00e1ndome c\u00f3mo estoy y c\u00f3mo est\u00e1 mi equipo.\u00a0Gracias a Dios, todos estamos muy bien, los quiero mucho. Gracias por siempre estar pendientes de m\u00ed y de mi m\u00fasica\u201d. Lea tambi\u00e9n:\u00a0Operativo en una finca de v\u00eda a la Costa en Guayaquil: esto se conoce sobre los detenidos As\u00ed luce la finca donde se desarroll\u00f3 la pol\u00e9mica fiesta.\u00a0(API) INVITADOS CON ANTECEDENTES La Polic\u00eda Nacional indic\u00f3 que unas 150 personas quedaron a disposici\u00f3n de las autoridades para determinar si son requeridas por la justicia. Adem\u00e1s,\u00a0se coteja la propiedad de cada una de las armas decomisadas. No obstante, la cadena Ecuavisa revel\u00f3 que cinco personas est\u00e1n oficialmente detenidas. El principal es\u00a0Federico Rolando G\u00f3mez Quinde, alias \u2018Feder\u2019, cabecilla de la banda criminal\u00a0\u2018Los \u00c1guilas\u2019, quien cuenta con antecedentes por asesinato, tenencia de armas, asociaci\u00f3n il\u00edcita y robo. Otros aprehendidos son\u00a0Celso Miguel Moreira Heredia, con investigaciones por tenencia de armas y asociaci\u00f3n il\u00edcita;\u00a0Cantu\u00f1a Quilumba Jos\u00e9 Luis, exmiembro de la Polic\u00eda Nacional, con antecedentes por robo y enriquecimiento il\u00edcito; y\u00a0Mac\u00edas Cobe\u00f1a Edwin Andr\u00e9s, quien no registra antecedentes. Mientras que\u00a0Jacobo Bucaram Pulley, hijo del expresidente Abdal\u00e1 Bucaram, qued\u00f3 detenido porque habr\u00eda una orden de captura en su contra,\u00a0aunque su abogado desminti\u00f3 esta aseveraci\u00f3n. De hecho, su padre escribi\u00f3 en la red social X que\u00a0\u201cJacobito simplemente estaba invitado a una fiesta en una finca\u201d\u00a0y que el procesado no puede responder por los antecedentes de los invitados. No es la primera vez que esta familia se ve salpicada por un esc\u00e1ndalo. En medio de la pandemia, los Bucaram fueron investigados por la\u00a0corrupci\u00f3n hospitalaria\u00a0y relacionados con el sentenciado\u00a0Daniel Salcedo. Lea tambi\u00e9n:\u00a0Abdal\u00e1 Bucaram dice que la detenci\u00f3n de su hijo Jacobo Bucaram en una narcofiesta es persecuci\u00f3n pol\u00edtica \u00bfPERSONAJES DE FAR\u00c1NDULA? Las decenas de detenidos fueron trasladados en buses hasta la autoridad competente para determinar su situaci\u00f3n legal. Por el momento, se desconoce qui\u00e9nes son los otros retenidos y cu\u00e1l es el delito investigado. No obstante,\u00a0la cadena Ecuavisa present\u00f3 la lista completa de invitados. Ah\u00ed saltan nombres que coinciden con personajes de la far\u00e1ndula local. Fuente: Vistazo.<\/p>\n","protected":false},"author":1,"featured_media":16011,"comment_status":"open","ping_status":"open","sticky":false,"template":"","format":"standard","meta":{"footnotes":""},"categories":[268],"tags":[],"class_list":["post-16010","post","type-post","status-publish","format-standard","has-post-thumbnail","hentry","category-nacionales"],"_links":{"self":[{"href":"https:\/\/www.elamazonico.com\/portal\/wp-json\/wp\/v2\/posts\/16010","targetHints":{"allow":["GET"]}}],"collection":[{"href":"https:\/\/www.elamazonico.com\/portal\/wp-json\/wp\/v2\/posts"}],"about":[{"href":"https:\/\/www.elamazonico.com\/portal\/wp-json\/wp\/v2\/types\/post"}],"author":[{"embeddable":true,"href":"https:\/\/www.elamazonico.com\/portal\/wp-json\/wp\/v2\/users\/1"}],"replies":[{"embeddable":true,"href":"https:\/\/www.elamazonico.com\/portal\/wp-json\/wp\/v2\/comments?post=16010"}],"version-history":[{"count":1,"href":"https:\/\/www.elamazonico.com\/portal\/wp-json\/wp\/v2\/posts\/16010\/revisions"}],"predecessor-version":[{"id":16012,"href":"https:\/\/www.elamazonico.com\/portal\/wp-json\/wp\/v2\/posts\/16010\/revisions\/16012"}],"wp:featuredmedia":[{"embeddable":true,"href":"https:\/\/www.elamazonico.com\/portal\/wp-json\/wp\/v2\/media\/16011"}],"wp:attachment":[{"href":"https:\/\/www.elamazonico.com\/portal\/wp-json\/wp\/v2\/media?parent=16010"}],"wp:term":[{"taxonomy":"category","embeddable":true,"href":"https:\/\/www.elamazonico.com\/portal\/wp-json\/wp\/v2\/categories?post=16010"},{"taxonomy":"post_tag","embeddable":true,"href":"https:\/\/www.elamazonico.com\/portal\/wp-json\/wp\/v2\/tags?post=16010"}],"curies":[{"name":"wp","href":"https:\/\/api.w.org\/{rel}","templated":true}]}}