{"id":16007,"date":"2024-05-10T15:43:16","date_gmt":"2024-05-10T20:43:16","guid":{"rendered":"https:\/\/www.elamazonico.comportal\/?p=16007"},"modified":"2024-05-10T15:43:16","modified_gmt":"2024-05-10T20:43:16","slug":"dos-reos-huyeron-del-hospital-monte-sinai-en-guayaquil-snai-presento-denuncia-en-fiscalia","status":"publish","type":"post","link":"https:\/\/www.elamazonico.com\/portal\/dos-reos-huyeron-del-hospital-monte-sinai-en-guayaquil-snai-presento-denuncia-en-fiscalia\/","title":{"rendered":"Dos reos huyeron del Hospital Monte Sina\u00ed en Guayaquil: SNAI present\u00f3 denuncia en Fiscal\u00eda"},"content":{"rendered":"<div class=\"lead destacado\">Dos privados de la libertad permanec\u00edan internados en el Hospital Monte Sina\u00ed de Guayaquil desde hace varios d\u00edas y la madrugada de este viernes 10 de mayo del 2024 escaparon con rumbo desconocido.<\/div>\n<div class=\"paragraph texto\">\n<p class=\"p_0\">As\u00ed lo expuso el Servicio Nacional de Atenci\u00f3n Integral a Personas Adultas Privadas de la Libertad y a Adolescentes Infractores (<b>SNAI<\/b>) a trav\u00e9s de un comunicado en el que explica que los reos\u00a0<b>Francisco B. y Jos\u00e9 M.<\/b>\u00a0se fugaron.<\/p>\n<p class=\"p_1\">Ellos cumpl\u00edan sentencia en el Centro de Rehabilitaci\u00f3n Social (CRS) Masculino Guayas N\u00b04. Sin embargo,\u00a0<b>estaban internados hace 67 y 40 d\u00edas respectivamente\u00a0<\/b>en el Hospital Monte Sina\u00ed de Guayaquil.<\/p>\n<p>\u201cLa madrugada de este viernes 10 de mayo de 2024\u00a0<b>evadieron los filtros de seguridad<\/b>\u00a0del hospital\u201d, admiti\u00f3 el SNAI.<\/p>\n<p class=\"p_3\">La instituci\u00f3n\u00a0<b>present\u00f3 una denuncia ante la Fiscal\u00eda Provincial del Guayas<\/b>\u00a0para dar inicio a las investigaciones correspondientes, determinar las causas y responsabilidades de la evasi\u00f3n.<\/p>\n<div class=\"multimediaMacroWrapper img lateral\">\n<figure class=\"contentMedia art-img\">\n<div><img fetchpriority=\"high\" decoding=\"async\" class=\" lazyloaded\" title=\"Dos reos huyeron del Hospital Monte Sina\u00ed en Guayaquil: SNAI present\u00f3 denuncia en Fiscal\u00eda\" src=\"https:\/\/www.vistazo.com\/placeholder\/svg\/viewbox\/600x447\" sizes=\"100vw\" srcset=\"\/\/www.vistazo.com\/binrepository\/600x447\/0c0\/0d0\/none\/12727\/UGVA\/hospital-monte-sinai-foto-1216389-202_1520280_20240510115111.jpg 600w,\/\/www.vistazo.com\/binrepository\/500x373\/0c0\/0d0\/none\/12727\/UGVD\/hospital-monte-sinai-foto-1216389-202_1520280_20240510115111.jpg 500w,\/\/www.vistazo.com\/binrepository\/400x298\/0c0\/0d0\/none\/12727\/UGVG\/hospital-monte-sinai-foto-1216389-202_1520280_20240510115111.jpg 400w,\/\/www.vistazo.com\/binrepository\/300x224\/0c0\/0d0\/none\/12727\/UGVG\/hospital-monte-sinai-foto-1216389-202_1520280_20240510115111.jpg 300w\" alt=\"$!Dos reos huyeron del Hospital Monte Sina\u00ed en Guayaquil: SNAI present\u00f3 denuncia en Fiscal\u00eda\" width=\"600\" height=\"447\" data-srcset=\"\/\/www.vistazo.com\/binrepository\/600x447\/0c0\/0d0\/none\/12727\/UGVA\/hospital-monte-sinai-foto-1216389-202_1520280_20240510115111.jpg 600w,\/\/www.vistazo.com\/binrepository\/500x373\/0c0\/0d0\/none\/12727\/UGVD\/hospital-monte-sinai-foto-1216389-202_1520280_20240510115111.jpg 500w,\/\/www.vistazo.com\/binrepository\/400x298\/0c0\/0d0\/none\/12727\/UGVG\/hospital-monte-sinai-foto-1216389-202_1520280_20240510115111.jpg 400w,\/\/www.vistazo.com\/binrepository\/300x224\/0c0\/0d0\/none\/12727\/UGVG\/hospital-monte-sinai-foto-1216389-202_1520280_20240510115111.jpg 300w\" \/><\/div>\n<\/figure>\n<\/div>\n<div class=\"paragraph texto\">\n<p class=\"p_5\">Adem\u00e1s, el SNAI mencion\u00f3 que llevar\u00e1 a cabo indagaciones para saber\u00a0<b>por qu\u00e9 y qui\u00e9nes permitieron que los dos privados de la libertad est\u00e9n hospitalizados tanto tiempo<\/b>.<\/p>\n<div class=\"paragraph texto\">\n<p class=\"p_6\">Finalmente, la entidad se ofreci\u00f3 a dar todas las facilidades para esclarecer estos hechos y dijo que en el transcurso de la jornada proporcionar\u00e1 las actualizaciones respectivas.<\/p>\n<p class=\"p_7\">En enero de este a\u00f1o, el presidente Daniel Noboa declar\u00f3 conflicto armado interno por la escalada de violencia en las calles y c\u00e1rceles del pa\u00eds. Por ello,\u00a0<b>dispuso que los militares entren a las prisiones para fomentar el orden<\/b>.<\/p>\n<\/div>\n<div class=\"art-twitter twitter_text\">\n<div class=\"twitter-content\">\n<div class=\"twitter-tweet twitter-tweet-rendered\"><iframe id=\"twitter-widget-0\" class=\"\" title=\"X Post\" src=\"https:\/\/platform.twitter.com\/embed\/Tweet.html?dnt=false&amp;embedId=twitter-widget-0&amp;features=eyJ0ZndfdGltZWxpbmVfbGlzdCI6eyJidWNrZXQiOltdLCJ2ZXJzaW9uIjpudWxsfSwidGZ3X2ZvbGxvd2VyX2NvdW50X3N1bnNldCI6eyJidWNrZXQiOnRydWUsInZlcnNpb24iOm51bGx9LCJ0ZndfdHdlZXRfZWRpdF9iYWNrZW5kIjp7ImJ1Y2tldCI6Im9uIiwidmVyc2lvbiI6bnVsbH0sInRmd19yZWZzcmNfc2Vzc2lvbiI6eyJidWNrZXQiOiJvbiIsInZlcnNpb24iOm51bGx9LCJ0ZndfZm9zbnJfc29mdF9pbnRlcnZlbnRpb25zX2VuYWJsZWQiOnsiYnVja2V0Ijoib24iLCJ2ZXJzaW9uIjpudWxsfSwidGZ3X21peGVkX21lZGlhXzE1ODk3Ijp7ImJ1Y2tldCI6InRyZWF0bWVudCIsInZlcnNpb24iOm51bGx9LCJ0ZndfZXhwZXJpbWVudHNfY29va2llX2V4cGlyYXRpb24iOnsiYnVja2V0IjoxMjA5NjAwLCJ2ZXJzaW9uIjpudWxsfSwidGZ3X3Nob3dfYmlyZHdhdGNoX3Bpdm90c19lbmFibGVkIjp7ImJ1Y2tldCI6Im9uIiwidmVyc2lvbiI6bnVsbH0sInRmd19kdXBsaWNhdGVfc2NyaWJlc190b19zZXR0aW5ncyI6eyJidWNrZXQiOiJvbiIsInZlcnNpb24iOm51bGx9LCJ0ZndfdXNlX3Byb2ZpbGVfaW1hZ2Vfc2hhcGVfZW5hYmxlZCI6eyJidWNrZXQiOiJvbiIsInZlcnNpb24iOm51bGx9LCJ0ZndfdmlkZW9faGxzX2R5bmFtaWNfbWFuaWZlc3RzXzE1MDgyIjp7ImJ1Y2tldCI6InRydWVfYml0cmF0ZSIsInZlcnNpb24iOm51bGx9LCJ0ZndfbGVnYWN5X3RpbWVsaW5lX3N1bnNldCI6eyJidWNrZXQiOnRydWUsInZlcnNpb24iOm51bGx9LCJ0ZndfdHdlZXRfZWRpdF9mcm9udGVuZCI6eyJidWNrZXQiOiJvbiIsInZlcnNpb24iOm51bGx9fQ%3D%3D&amp;frame=false&amp;hideCard=false&amp;hideThread=false&amp;id=1788952401291993583&amp;lang=es&amp;origin=https%3A%2F%2Fwww.vistazo.com%2Factualidad%2Fnacional%2Fdos-reos-huyeron-del-hospital-monte-sinai-en-guayaquil-snai-presento-denuncia-en-fiscalia-AY7302389&amp;sessionId=63c6482931b3266b4bc8131689ecf3fff28e36c1&amp;theme=light&amp;widgetsVersion=2615f7e52b7e0%3A1702314776716&amp;width=550px\" frameborder=\"0\" scrolling=\"no\" allowfullscreen=\"allowfullscreen\" data-tweet-id=\"1788952401291993583\" data-mce-fragment=\"1\"><\/iframe><\/div>\n<div><strong>Fuente: Vistazo.<\/strong><\/div>\n<\/div>\n<\/div>\n<\/div>\n<p>&nbsp;<\/p>\n<\/div>\n","protected":false},"excerpt":{"rendered":"<p>Dos privados de la libertad permanec\u00edan internados en el Hospital Monte Sina\u00ed de Guayaquil desde hace varios d\u00edas y la madrugada de este viernes 10 de mayo del 2024 escaparon con rumbo desconocido. As\u00ed lo expuso el Servicio Nacional de Atenci\u00f3n Integral a Personas Adultas Privadas de la Libertad y a Adolescentes Infractores (SNAI) a trav\u00e9s de un comunicado en el que explica que los reos\u00a0Francisco B. y Jos\u00e9 M.\u00a0se fugaron. Ellos cumpl\u00edan sentencia en el Centro de Rehabilitaci\u00f3n Social (CRS) Masculino Guayas N\u00b04. Sin embargo,\u00a0estaban internados hace 67 y 40 d\u00edas respectivamente\u00a0en el Hospital Monte Sina\u00ed de Guayaquil. \u201cLa madrugada de este viernes 10 de mayo de 2024\u00a0evadieron los filtros de seguridad\u00a0del hospital\u201d, admiti\u00f3 el SNAI. La instituci\u00f3n\u00a0present\u00f3 una denuncia ante la Fiscal\u00eda Provincial del Guayas\u00a0para dar inicio a las investigaciones correspondientes, determinar las causas y responsabilidades de la evasi\u00f3n. Adem\u00e1s, el SNAI mencion\u00f3 que llevar\u00e1 a cabo indagaciones para saber\u00a0por qu\u00e9 y qui\u00e9nes permitieron que los dos privados de la libertad est\u00e9n hospitalizados tanto tiempo. Finalmente, la entidad se ofreci\u00f3 a dar todas las facilidades para esclarecer estos hechos y dijo que en el transcurso de la jornada proporcionar\u00e1 las actualizaciones respectivas. En enero de este a\u00f1o, el presidente Daniel Noboa declar\u00f3 conflicto armado interno por la escalada de violencia en las calles y c\u00e1rceles del pa\u00eds. Por ello,\u00a0dispuso que los militares entren a las prisiones para fomentar el orden. Fuente: Vistazo. &nbsp;<\/p>\n","protected":false},"author":1,"featured_media":16008,"comment_status":"open","ping_status":"open","sticky":false,"template":"","format":"standard","meta":{"footnotes":""},"categories":[268],"tags":[],"class_list":["post-16007","post","type-post","status-publish","format-standard","has-post-thumbnail","hentry","category-nacionales"],"_links":{"self":[{"href":"https:\/\/www.elamazonico.com\/portal\/wp-json\/wp\/v2\/posts\/16007","targetHints":{"allow":["GET"]}}],"collection":[{"href":"https:\/\/www.elamazonico.com\/portal\/wp-json\/wp\/v2\/posts"}],"about":[{"href":"https:\/\/www.elamazonico.com\/portal\/wp-json\/wp\/v2\/types\/post"}],"author":[{"embeddable":true,"href":"https:\/\/www.elamazonico.com\/portal\/wp-json\/wp\/v2\/users\/1"}],"replies":[{"embeddable":true,"href":"https:\/\/www.elamazonico.com\/portal\/wp-json\/wp\/v2\/comments?post=16007"}],"version-history":[{"count":1,"href":"https:\/\/www.elamazonico.com\/portal\/wp-json\/wp\/v2\/posts\/16007\/revisions"}],"predecessor-version":[{"id":16009,"href":"https:\/\/www.elamazonico.com\/portal\/wp-json\/wp\/v2\/posts\/16007\/revisions\/16009"}],"wp:featuredmedia":[{"embeddable":true,"href":"https:\/\/www.elamazonico.com\/portal\/wp-json\/wp\/v2\/media\/16008"}],"wp:attachment":[{"href":"https:\/\/www.elamazonico.com\/portal\/wp-json\/wp\/v2\/media?parent=16007"}],"wp:term":[{"taxonomy":"category","embeddable":true,"href":"https:\/\/www.elamazonico.com\/portal\/wp-json\/wp\/v2\/categories?post=16007"},{"taxonomy":"post_tag","embeddable":true,"href":"https:\/\/www.elamazonico.com\/portal\/wp-json\/wp\/v2\/tags?post=16007"}],"curies":[{"name":"wp","href":"https:\/\/api.w.org\/{rel}","templated":true}]}}