{"id":16004,"date":"2024-05-10T15:24:41","date_gmt":"2024-05-10T20:24:41","guid":{"rendered":"https:\/\/www.elamazonico.comportal\/?p=16004"},"modified":"2024-05-10T15:24:41","modified_gmt":"2024-05-10T20:24:41","slug":"papa-francisco-recibira-a-daniel-noboa-en-el-vaticano","status":"publish","type":"post","link":"https:\/\/www.elamazonico.com\/portal\/papa-francisco-recibira-a-daniel-noboa-en-el-vaticano\/","title":{"rendered":"Papa Francisco recibir\u00e1 a Daniel Noboa en el Vaticano"},"content":{"rendered":"<p>Para el lunes, 13 de abril de 2024, estar\u00eda fijada una audiencia privada entre el Papa Francisco y el presidente de la Rep\u00fablica, Daniel Noboa Az\u00edn. El mandatario inici\u00f3 este viernes, 10 de mayo, una gira por Italia, Francia y Espa\u00f1a.<\/p>\n<p>Se espera que, tras su llegada a Italia, sea recibido por autoridades vaticanas y se dirija al Palacio Apost\u00f3lico para encontrarse con el pont\u00edfice.<\/p>\n<p>El mandatario anunci\u00f3 su viaje a Europa mediante un decreto emitido el pasado mi\u00e9rcoles, sin detallar la agenda exacta ni la duraci\u00f3n de su estancia en cada pa\u00eds. La delegaci\u00f3n que lo acompa\u00f1ar\u00e1 contar\u00e1 con la presencia de la ministra de Relaciones Exteriores y Movilidad Humana, Gabriela Sommerfeld, entre otros funcionarios.<\/p>\n<p>Esta ser\u00e1 la segunda visita oficial de Noboa a Europa desde que asumi\u00f3 el cargo en noviembre de 2023. Y es que, antes de esta gira, Noboa hab\u00eda viajado a Espa\u00f1a a finales de enero para participar en la feria internacional de turismo en Madrid, donde Ecuador fue pa\u00eds invitado de honor.<\/p>\n<p><strong>Fuente: Ecuadorenvivo.<\/strong><\/p>\n","protected":false},"excerpt":{"rendered":"<p>Para el lunes, 13 de abril de 2024, estar\u00eda fijada una audiencia privada entre el Papa Francisco y el presidente de la Rep\u00fablica, Daniel Noboa Az\u00edn. El mandatario inici\u00f3 este viernes, 10 de mayo, una gira por Italia, Francia y Espa\u00f1a. Se espera que, tras su llegada a Italia, sea recibido por autoridades vaticanas y se dirija al Palacio Apost\u00f3lico para encontrarse con el pont\u00edfice. El mandatario anunci\u00f3 su viaje a Europa mediante un decreto emitido el pasado mi\u00e9rcoles, sin detallar la agenda exacta ni la duraci\u00f3n de su estancia en cada pa\u00eds. La delegaci\u00f3n que lo acompa\u00f1ar\u00e1 contar\u00e1 con la presencia de la ministra de Relaciones Exteriores y Movilidad Humana, Gabriela Sommerfeld, entre otros funcionarios. Esta ser\u00e1 la segunda visita oficial de Noboa a Europa desde que asumi\u00f3 el cargo en noviembre de 2023. Y es que, antes de esta gira, Noboa hab\u00eda viajado a Espa\u00f1a a finales de enero para participar en la feria internacional de turismo en Madrid, donde Ecuador fue pa\u00eds invitado de honor. Fuente: Ecuadorenvivo.<\/p>\n","protected":false},"author":1,"featured_media":16005,"comment_status":"open","ping_status":"open","sticky":false,"template":"","format":"standard","meta":{"footnotes":""},"categories":[268],"tags":[],"class_list":["post-16004","post","type-post","status-publish","format-standard","has-post-thumbnail","hentry","category-nacionales"],"_links":{"self":[{"href":"https:\/\/www.elamazonico.com\/portal\/wp-json\/wp\/v2\/posts\/16004","targetHints":{"allow":["GET"]}}],"collection":[{"href":"https:\/\/www.elamazonico.com\/portal\/wp-json\/wp\/v2\/posts"}],"about":[{"href":"https:\/\/www.elamazonico.com\/portal\/wp-json\/wp\/v2\/types\/post"}],"author":[{"embeddable":true,"href":"https:\/\/www.elamazonico.com\/portal\/wp-json\/wp\/v2\/users\/1"}],"replies":[{"embeddable":true,"href":"https:\/\/www.elamazonico.com\/portal\/wp-json\/wp\/v2\/comments?post=16004"}],"version-history":[{"count":1,"href":"https:\/\/www.elamazonico.com\/portal\/wp-json\/wp\/v2\/posts\/16004\/revisions"}],"predecessor-version":[{"id":16006,"href":"https:\/\/www.elamazonico.com\/portal\/wp-json\/wp\/v2\/posts\/16004\/revisions\/16006"}],"wp:featuredmedia":[{"embeddable":true,"href":"https:\/\/www.elamazonico.com\/portal\/wp-json\/wp\/v2\/media\/16005"}],"wp:attachment":[{"href":"https:\/\/www.elamazonico.com\/portal\/wp-json\/wp\/v2\/media?parent=16004"}],"wp:term":[{"taxonomy":"category","embeddable":true,"href":"https:\/\/www.elamazonico.com\/portal\/wp-json\/wp\/v2\/categories?post=16004"},{"taxonomy":"post_tag","embeddable":true,"href":"https:\/\/www.elamazonico.com\/portal\/wp-json\/wp\/v2\/tags?post=16004"}],"curies":[{"name":"wp","href":"https:\/\/api.w.org\/{rel}","templated":true}]}}