{"id":15997,"date":"2024-05-10T11:24:35","date_gmt":"2024-05-10T16:24:35","guid":{"rendered":"https:\/\/www.elamazonico.com\/portal\/?p=15997"},"modified":"2024-05-10T11:24:35","modified_gmt":"2024-05-10T16:24:35","slug":"gilberto-santa-rosa-no-fue-detenido-en-operativo-en-finca-segun-policia","status":"publish","type":"post","link":"https:\/\/www.elamazonico.com\/portal\/gilberto-santa-rosa-no-fue-detenido-en-operativo-en-finca-segun-policia\/","title":{"rendered":"Gilberto Santa Rosa no fue detenido en operativo en finca, seg\u00fan Polic\u00eda"},"content":{"rendered":"<p>Una fiesta que se llevaba a cabo esta madrugada en una finca de la v\u00eda a la Costa fue interrumpida por un operativo policial, dejando la detenci\u00f3n de varias personas, incluido Jacobo Bucaram, hijo del expresidente Abdal\u00e1 Bucaram.<\/p>\n<p>Seg\u00fan informes, la fiesta cont\u00f3 con la presencia de varios artistas nacionales y extranjeros, incluyendo al cantante puertorrique\u00f1o de salsa, Gilberto Santa Rosa. Quienes habr\u00edan cantado en la celebraci\u00f3n donde se encontraba alias \u2018Feder\u2019, uno de los l\u00edderes de \u2018Las \u00c1guilas\u2019.<\/p>\n<hr class=\"wp-block-separator has-alpha-channel-opacity\" \/>\n<p class=\"has-text-align-center has-vivid-cyan-blue-color has-text-color has-link-color wp-elements-8e722f42195762b6c62449381583d4dd\"><a href=\"https:\/\/ecuadorenvivo.com\/encuentran-arsenal-de-armas-y-municiones-durante-operativo-en-via-a-la-costa-hay-varios-detenidos\/\"><strong>Jacobo Bucaram entre detenidos durante operativo en finca; Polic\u00eda encontr\u00f3 un arsenal de armas<\/strong><\/a><\/p>\n<hr class=\"wp-block-separator has-alpha-channel-opacity\" \/>\n<p>No obstante, una fuente policial indic\u00f3 que el cantante puertorrique\u00f1o se encontraba en el evento, pero no fue detenido. Santa Rosa est\u00e1 actualmente en una gira musical denominada \u2018Aut\u00e9ntico\u2019, que lo llevar\u00e1 a recorrer varios pa\u00edses como Espa\u00f1a, M\u00e9xico, Colombia, Per\u00fa, Estados Unidos, entre otros.<\/p>\n<p>Hasta el momento, ni el artista ni su equipo de prensa han comentado sobre el incidente, y no se ha proporcionado informaci\u00f3n sobre el ingreso de Santa Rosa al pa\u00eds. La fiesta, que tuvo lugar en una finca ubicada a 10 kil\u00f3metros del peaje a Chong\u00f3n, hab\u00eda atra\u00eddo a decenas de invitados.<\/p>\n<p><b>\u00a0Fuente: Ecuadorenvivo.<\/b><\/p>\n","protected":false},"excerpt":{"rendered":"<p>Una fiesta que se llevaba a cabo esta madrugada en una finca de la v\u00eda a la Costa fue interrumpida por un operativo policial, dejando la detenci\u00f3n de varias personas, incluido Jacobo Bucaram, hijo del expresidente Abdal\u00e1 Bucaram. Seg\u00fan informes, la fiesta cont\u00f3 con la presencia de varios artistas nacionales y extranjeros, incluyendo al cantante puertorrique\u00f1o de salsa, Gilberto Santa Rosa. Quienes habr\u00edan cantado en la celebraci\u00f3n donde se encontraba alias \u2018Feder\u2019, uno de los l\u00edderes de \u2018Las \u00c1guilas\u2019. Jacobo Bucaram entre detenidos durante operativo en finca; Polic\u00eda encontr\u00f3 un arsenal de armas No obstante, una fuente policial indic\u00f3 que el cantante puertorrique\u00f1o se encontraba en el evento, pero no fue detenido. Santa Rosa est\u00e1 actualmente en una gira musical denominada \u2018Aut\u00e9ntico\u2019, que lo llevar\u00e1 a recorrer varios pa\u00edses como Espa\u00f1a, M\u00e9xico, Colombia, Per\u00fa, Estados Unidos, entre otros. Hasta el momento, ni el artista ni su equipo de prensa han comentado sobre el incidente, y no se ha proporcionado informaci\u00f3n sobre el ingreso de Santa Rosa al pa\u00eds. La fiesta, que tuvo lugar en una finca ubicada a 10 kil\u00f3metros del peaje a Chong\u00f3n, hab\u00eda atra\u00eddo a decenas de invitados. \u00a0Fuente: Ecuadorenvivo.<\/p>\n","protected":false},"author":1,"featured_media":15998,"comment_status":"open","ping_status":"open","sticky":false,"template":"","format":"standard","meta":{"footnotes":""},"categories":[268],"tags":[],"class_list":["post-15997","post","type-post","status-publish","format-standard","has-post-thumbnail","hentry","category-nacionales"],"_links":{"self":[{"href":"https:\/\/www.elamazonico.com\/portal\/wp-json\/wp\/v2\/posts\/15997","targetHints":{"allow":["GET"]}}],"collection":[{"href":"https:\/\/www.elamazonico.com\/portal\/wp-json\/wp\/v2\/posts"}],"about":[{"href":"https:\/\/www.elamazonico.com\/portal\/wp-json\/wp\/v2\/types\/post"}],"author":[{"embeddable":true,"href":"https:\/\/www.elamazonico.com\/portal\/wp-json\/wp\/v2\/users\/1"}],"replies":[{"embeddable":true,"href":"https:\/\/www.elamazonico.com\/portal\/wp-json\/wp\/v2\/comments?post=15997"}],"version-history":[{"count":1,"href":"https:\/\/www.elamazonico.com\/portal\/wp-json\/wp\/v2\/posts\/15997\/revisions"}],"predecessor-version":[{"id":15999,"href":"https:\/\/www.elamazonico.com\/portal\/wp-json\/wp\/v2\/posts\/15997\/revisions\/15999"}],"wp:featuredmedia":[{"embeddable":true,"href":"https:\/\/www.elamazonico.com\/portal\/wp-json\/wp\/v2\/media\/15998"}],"wp:attachment":[{"href":"https:\/\/www.elamazonico.com\/portal\/wp-json\/wp\/v2\/media?parent=15997"}],"wp:term":[{"taxonomy":"category","embeddable":true,"href":"https:\/\/www.elamazonico.com\/portal\/wp-json\/wp\/v2\/categories?post=15997"},{"taxonomy":"post_tag","embeddable":true,"href":"https:\/\/www.elamazonico.com\/portal\/wp-json\/wp\/v2\/tags?post=15997"}],"curies":[{"name":"wp","href":"https:\/\/api.w.org\/{rel}","templated":true}]}}