{"id":15877,"date":"2024-05-08T11:14:37","date_gmt":"2024-05-08T16:14:37","guid":{"rendered":"https:\/\/www.elamazonico.comportal\/?p=15877"},"modified":"2024-05-08T11:14:37","modified_gmt":"2024-05-08T16:14:37","slug":"copa-libertadores-la-alineacion-de-liga-de-quito-para-visitar-a-botafogo","status":"publish","type":"post","link":"https:\/\/www.elamazonico.com\/portal\/copa-libertadores-la-alineacion-de-liga-de-quito-para-visitar-a-botafogo\/","title":{"rendered":"Copa Libertadores: La alineaci\u00f3n de Liga de Quito para visitar a Botafogo"},"content":{"rendered":"<p><strong>Liga Deportiva Universitaria de Quito<\/strong>\u00a0visitar\u00e1 a Botafogo, la noche de este mi\u00e9rcoles 8 de mayo de 2024, a las 19:30, por la cuarta fecha del grupo D de la\u00a0<strong>Copa Libertadores.<\/strong><\/p>\n<div class=\"google-auto-placed ap_container\"><ins class=\"adsbygoogle adsbygoogle-noablate\" data-ad-format=\"auto\" data-ad-client=\"ca-pub-4257119852434871\" data-adsbygoogle-status=\"done\" data-ad-status=\"unfilled\"><\/p>\n<div id=\"aswift_2_host\"><iframe id=\"aswift_2\" tabindex=\"0\" title=\"Advertisement\" src=\"https:\/\/googleads.g.doubleclick.net\/pagead\/ads?gdpr=0&amp;client=ca-pub-4257119852434871&amp;output=html&amp;h=280&amp;adk=1232257761&amp;adf=3290523148&amp;w=736&amp;abgtt=6&amp;fwrn=4&amp;fwrnh=100&amp;lmt=1715184707&amp;num_ads=1&amp;rafmt=1&amp;armr=3&amp;sem=mc&amp;pwprc=2102549152&amp;ad_type=text_image&amp;format=736x280&amp;url=https%3A%2F%2Fwww.eltelegrafo.com.ec%2Fnoticias%2Fdeportes%2F7%2Fcopa-libertadores-el-xi-de-liga-de-quito-para-visitar-a-botafogo&amp;fwr=0&amp;pra=3&amp;rh=184&amp;rw=736&amp;rpe=1&amp;resp_fmts=3&amp;wgl=1&amp;fa=27&amp;uach=WyJXaW5kb3dzIiwiMTAuMC4wIiwieDg2IiwiIiwiMTI0LjAuNjM2Ny4xMTkiLG51bGwsMCxudWxsLCI2NCIsW1siQ2hyb21pdW0iLCIxMjQuMC42MzY3LjExOSJdLFsiR29vZ2xlIENocm9tZSIsIjEyNC4wLjYzNjcuMTE5Il0sWyJOb3QtQS5CcmFuZCIsIjk5LjAuMC4wIl1dLDBd&amp;dt=1715184707599&amp;bpp=1&amp;bdt=579&amp;idt=1&amp;shv=r20240506&amp;mjsv=m202405060101&amp;ptt=9&amp;saldr=aa&amp;abxe=1&amp;cookie=ID%3Dc675d65f6010cfd6%3AT%3D1704198640%3ART%3D1715184677%3AS%3DALNI_MaFrIPuhRVihFLFNIoqCCF0nhWK5g&amp;gpic=UID%3D000009facd65c44e%3AT%3D1692271407%3ART%3D1715184677%3AS%3DALNI_MZ0pGfKCAQPlBvqqUB4blQH1-CLbg&amp;eo_id_str=ID%3D1826b25d1a4d499f%3AT%3D1708446896%3ART%3D1715184677%3AS%3DAA-Afja20nFLkOr5wUUO7l9ILtK_&amp;prev_fmts=0x0%2C356x280&amp;nras=3&amp;correlator=3377762364563&amp;rume=1&amp;frm=20&amp;pv=1&amp;ga_vid=1155168741.1634674297&amp;ga_sid=1715184707&amp;ga_hid=217646910&amp;ga_fc=1&amp;u_tz=-300&amp;u_his=9&amp;u_h=768&amp;u_w=1366&amp;u_ah=728&amp;u_aw=1366&amp;u_cd=24&amp;u_sd=1&amp;dmc=8&amp;adx=129&amp;ady=1022&amp;biw=1349&amp;bih=607&amp;scr_x=0&amp;scr_y=0&amp;eid=44759876%2C44759927%2C44759842%2C31082702%2C31083304%2C95330279%2C95331982%2C31083461%2C95331042%2C95332402%2C31061691%2C31061693%2C31078663%2C31078665%2C31078668%2C31078670&amp;oid=2&amp;pvsid=435400334167985&amp;tmod=1957431079&amp;uas=0&amp;nvt=1&amp;ref=https%3A%2F%2Fwww.eltelegrafo.com.ec%2F&amp;fc=1408&amp;brdim=0%2C0%2C0%2C0%2C1366%2C0%2C1366%2C728%2C1366%2C607&amp;vis=1&amp;rsz=%7C%7Cs%7C&amp;abl=NS&amp;fu=128&amp;bc=31&amp;bz=1&amp;td=1&amp;psd=W251bGwsbnVsbCwibGFiZWxfb25seV81IiwxXQ..&amp;nt=1&amp;ifi=3&amp;uci=a!3&amp;btvi=2&amp;fsb=1&amp;dtd=214\" name=\"aswift_2\" width=\"736\" height=\"0\" frameborder=\"0\" marginwidth=\"0\" marginheight=\"0\" scrolling=\"no\" sandbox=\"allow-forms allow-popups allow-popups-to-escape-sandbox allow-same-origin allow-scripts allow-top-navigation-by-user-activation\" data-google-container-id=\"a!3\" aria-label=\"Advertisement\" data-google-query-id=\"CLGg8Pm4_oUDFeLMKAUdLMoD3w\" data-load-complete=\"true\" data-mce-fragment=\"1\"><\/iframe><\/div>\n<p><\/ins><\/div>\n<p>La noche del pasado martes ya se enfrentaron\u00a0<strong>Universitario<\/strong>\u00a0de Deportes y\u00a0<strong>Junior<\/strong>\u00a0de Barranquilla (1-1) dejando la posibilidad de que Liga de Quito salte al liderato del grupo si gana en Brasil.<\/p>\n<p>Pero tambi\u00e9n hay un riesgo de que caiga al\u00a0<strong>\u00faltimo<\/strong>\u00a0lugar de la tabla si pierde. Un empate le pondr\u00e1 en la segunda casilla.<\/p>\n<p>Para este partido, el entrenador espa\u00f1ol,<strong>\u00a0Josep Alc\u00e1cer,<\/strong>\u00a0no contar\u00e1 con Sebasti\u00e1n Gonz\u00e1lez, ni Gonzalo Valle, por lesi\u00f3n. En cambio, recupera a Lisandro Alzugaray y Marco Agulo.<\/p>\n<p>As\u00ed, Liga de Quito saltar\u00e1 al campo con Alexander\u00a0<strong>Dom\u00ednguez<\/strong>\u00a0en el arco; Jos\u00e9 Quintero, Ricardo Ad\u00e9, Facundo Rodr\u00edguez y Leonel Qui\u00f1\u00f3nez en la defensa; Ezequiel Piovi, Gabriel Villamil, Jhojan Julio y Luis Estupi\u00f1\u00e1n en la mitad de la cancha; \u00c1lex Arce y Michel Estrada en el ataque.<\/p>\n<p>El duelo lo podr\u00e1 observar por\u00a0<strong>ESPN<\/strong>\u00a0en televisi\u00f3n por cable y STAR+ en streaming.<\/p>\n<p><img decoding=\"async\" src=\"https:\/\/www.eltelegrafo.com.ec\/images\/Fotos_ElTelegrafo\/tablaaaa.png?ver=1715173414436\" alt=\"tablaaaa\" \/><\/p>\n<p><strong>Fuente: El Tel\u00e9grafo.<\/strong><\/p>\n","protected":false},"excerpt":{"rendered":"<p>Liga Deportiva Universitaria de Quito\u00a0visitar\u00e1 a Botafogo, la noche de este mi\u00e9rcoles 8 de mayo de 2024, a las 19:30, por la cuarta fecha del grupo D de la\u00a0Copa Libertadores. La noche del pasado martes ya se enfrentaron\u00a0Universitario\u00a0de Deportes y\u00a0Junior\u00a0de Barranquilla (1-1) dejando la posibilidad de que Liga de Quito salte al liderato del grupo si gana en Brasil. Pero tambi\u00e9n hay un riesgo de que caiga al\u00a0\u00faltimo\u00a0lugar de la tabla si pierde. Un empate le pondr\u00e1 en la segunda casilla. Para este partido, el entrenador espa\u00f1ol,\u00a0Josep Alc\u00e1cer,\u00a0no contar\u00e1 con Sebasti\u00e1n Gonz\u00e1lez, ni Gonzalo Valle, por lesi\u00f3n. En cambio, recupera a Lisandro Alzugaray y Marco Agulo. As\u00ed, Liga de Quito saltar\u00e1 al campo con Alexander\u00a0Dom\u00ednguez\u00a0en el arco; Jos\u00e9 Quintero, Ricardo Ad\u00e9, Facundo Rodr\u00edguez y Leonel Qui\u00f1\u00f3nez en la defensa; Ezequiel Piovi, Gabriel Villamil, Jhojan Julio y Luis Estupi\u00f1\u00e1n en la mitad de la cancha; \u00c1lex Arce y Michel Estrada en el ataque. El duelo lo podr\u00e1 observar por\u00a0ESPN\u00a0en televisi\u00f3n por cable y STAR+ en streaming. Fuente: El Tel\u00e9grafo.<\/p>\n","protected":false},"author":1,"featured_media":15878,"comment_status":"open","ping_status":"open","sticky":false,"template":"","format":"standard","meta":{"footnotes":""},"categories":[6],"tags":[],"class_list":["post-15877","post","type-post","status-publish","format-standard","has-post-thumbnail","hentry","category-deportes"],"_links":{"self":[{"href":"https:\/\/www.elamazonico.com\/portal\/wp-json\/wp\/v2\/posts\/15877","targetHints":{"allow":["GET"]}}],"collection":[{"href":"https:\/\/www.elamazonico.com\/portal\/wp-json\/wp\/v2\/posts"}],"about":[{"href":"https:\/\/www.elamazonico.com\/portal\/wp-json\/wp\/v2\/types\/post"}],"author":[{"embeddable":true,"href":"https:\/\/www.elamazonico.com\/portal\/wp-json\/wp\/v2\/users\/1"}],"replies":[{"embeddable":true,"href":"https:\/\/www.elamazonico.com\/portal\/wp-json\/wp\/v2\/comments?post=15877"}],"version-history":[{"count":1,"href":"https:\/\/www.elamazonico.com\/portal\/wp-json\/wp\/v2\/posts\/15877\/revisions"}],"predecessor-version":[{"id":15879,"href":"https:\/\/www.elamazonico.com\/portal\/wp-json\/wp\/v2\/posts\/15877\/revisions\/15879"}],"wp:featuredmedia":[{"embeddable":true,"href":"https:\/\/www.elamazonico.com\/portal\/wp-json\/wp\/v2\/media\/15878"}],"wp:attachment":[{"href":"https:\/\/www.elamazonico.com\/portal\/wp-json\/wp\/v2\/media?parent=15877"}],"wp:term":[{"taxonomy":"category","embeddable":true,"href":"https:\/\/www.elamazonico.com\/portal\/wp-json\/wp\/v2\/categories?post=15877"},{"taxonomy":"post_tag","embeddable":true,"href":"https:\/\/www.elamazonico.com\/portal\/wp-json\/wp\/v2\/tags?post=15877"}],"curies":[{"name":"wp","href":"https:\/\/api.w.org\/{rel}","templated":true}]}}