{"id":15718,"date":"2024-05-03T10:49:55","date_gmt":"2024-05-03T15:49:55","guid":{"rendered":"https:\/\/www.elamazonico.comportal\/?p=15718"},"modified":"2024-05-03T10:49:55","modified_gmt":"2024-05-03T15:49:55","slug":"ligapro-asi-se-jugara-la-undecima-fecha","status":"publish","type":"post","link":"https:\/\/www.elamazonico.com\/portal\/ligapro-asi-se-jugara-la-undecima-fecha\/","title":{"rendered":"LigaPro: As\u00ed se jugar\u00e1 la und\u00e9cima fecha"},"content":{"rendered":"<p>La primera etapa de\u00a0<strong>LigaPro<\/strong>\u00a0empieza a definirse. Los equipos ya se juegan sus \u00faltimas cartas, en la b\u00fasqueda del cupo para la\u00a0<strong>final<\/strong>\u00a0del campeonato.<\/p>\n<div class=\"google-auto-placed ap_container\"><ins class=\"adsbygoogle adsbygoogle-noablate\" data-ad-format=\"auto\" data-ad-client=\"ca-pub-4257119852434871\" data-adsbygoogle-status=\"done\" data-ad-status=\"unfilled\"><\/p>\n<div id=\"aswift_3_host\"><iframe id=\"aswift_3\" tabindex=\"0\" title=\"Advertisement\" src=\"https:\/\/googleads.g.doubleclick.net\/pagead\/ads?gdpr=0&amp;client=ca-pub-4257119852434871&amp;output=html&amp;h=280&amp;adk=162714423&amp;adf=3290523148&amp;w=856&amp;abgtt=6&amp;fwrn=4&amp;fwrnh=100&amp;lmt=1714749935&amp;num_ads=1&amp;rafmt=1&amp;armr=3&amp;sem=mc&amp;pwprc=2102549152&amp;ad_type=text_image&amp;format=856x280&amp;url=https%3A%2F%2Fwww.eltelegrafo.com.ec%2Fnoticias%2Fdeportes%2F7%2Fligapro-asi-se-jugara-la-undecima-fecha&amp;fwr=0&amp;pra=3&amp;rh=200&amp;rw=855&amp;rpe=1&amp;resp_fmts=3&amp;wgl=1&amp;fa=27&amp;uach=WyJXaW5kb3dzIiwiMTAuMC4wIiwieDg2IiwiIiwiMTI0LjAuNjM2Ny4xMTkiLG51bGwsMCxudWxsLCI2NCIsW1siQ2hyb21pdW0iLCIxMjQuMC42MzY3LjExOSJdLFsiR29vZ2xlIENocm9tZSIsIjEyNC4wLjYzNjcuMTE5Il0sWyJOb3QtQS5CcmFuZCIsIjk5LjAuMC4wIl1dLDBd&amp;dt=1714749934895&amp;bpp=1&amp;bdt=913&amp;idt=-M&amp;shv=r20240430&amp;mjsv=m202404300101&amp;ptt=9&amp;saldr=aa&amp;abxe=1&amp;cookie=ID%3D465c2541baf687a4%3AT%3D1699840113%3ART%3D1714749639%3AS%3DALNI_Ma8J3-ISjkQWbkwF4QK33swfyNVlA&amp;gpic=UID%3D00000da17ea21195%3AT%3D1699840113%3ART%3D1714749639%3AS%3DALNI_MbOBheOVo1yYc5GwEp6KpuqxEH-ZQ&amp;eo_id_str=ID%3Df6c0999a13c08c53%3AT%3D1705610660%3ART%3D1714749639%3AS%3DAA-AfjYoR4_Puu7LHamHTPYWFYxJ&amp;prev_fmts=0x0%2C1200x280%2C416x280&amp;nras=4&amp;correlator=2904291468967&amp;frm=20&amp;pv=1&amp;ga_vid=180629986.1699840112&amp;ga_sid=1714749934&amp;ga_hid=637382756&amp;ga_fc=1&amp;u_tz=-300&amp;u_his=3&amp;u_h=768&amp;u_w=1366&amp;u_ah=728&amp;u_aw=1366&amp;u_cd=24&amp;u_sd=0.667&amp;dmc=8&amp;adx=376&amp;ady=1384&amp;biw=2023&amp;bih=961&amp;scr_x=0&amp;scr_y=105&amp;eid=44759876%2C44759927%2C44759837%2C95328447%2C95329718%2C95329831%2C95331687%2C95331983%2C31083289%2C95329830%2C95331042%2C31078663%2C31078665%2C31078668%2C31078670&amp;oid=2&amp;pvsid=3915334496198251&amp;tmod=212487576&amp;uas=0&amp;nvt=1&amp;ref=https%3A%2F%2Fwww.eltelegrafo.com.ec%2F&amp;fc=1408&amp;brdim=0%2C0%2C0%2C0%2C1366%2C0%2C1366%2C728%2C2049%2C961&amp;vis=1&amp;rsz=%7C%7Cs%7C&amp;abl=NS&amp;fu=128&amp;bc=31&amp;bz=0.67&amp;td=1&amp;psd=W251bGwsbnVsbCxudWxsLDNd&amp;nt=1&amp;ifi=4&amp;uci=a!4&amp;btvi=2&amp;fsb=1&amp;dtd=282\" name=\"aswift_3\" width=\"856\" height=\"0\" frameborder=\"0\" marginwidth=\"0\" marginheight=\"0\" scrolling=\"no\" sandbox=\"allow-forms allow-popups allow-popups-to-escape-sandbox allow-same-origin allow-scripts allow-top-navigation-by-user-activation\" data-google-container-id=\"a!4\" aria-label=\"Advertisement\" data-google-query-id=\"CLPwvabl8YUDFUCrOgUd0asOWg\" data-load-complete=\"true\" data-mce-fragment=\"1\"><\/iframe><\/div>\n<p><\/ins><\/div>\n<p>Pero no es la \u00fanica pelea. Los dem\u00e1s tambi\u00e9n tienen intereses, ya que apuestan a la\u00a0<strong>acumulada<\/strong>\u00a0para los cupos para torneos internacionales.<\/p>\n<p>Esta fecha ser\u00e1 especial. Los clubes ya no soportan la situaci\u00f3n econ\u00f3mica por la falta de pago del\u00a0<strong>GolTV<\/strong>. Mushuc Runa y Emelec pusieron sobre la mesa la posibilidad de\u00a0<strong>impedir<\/strong>\u00a0que entren las c\u00e1maras a los estadios para transmitir.<\/p>\n<p>El &#8216;Ponchito&#8217; ya dio marcha atr\u00e1s, hasta escuchar lo que se diga en la junta de presidentes de\u00a0<strong>LigaPro<\/strong>.<\/p>\n<p><strong>Emelec<\/strong>, en cambio, todav\u00eda no ha definido lo suyo. El\u00a0<strong>Bombillo<\/strong>\u00a0vive su propio infierno, con demandas de futbolistas, habilitaciones para jugar en el \u00faltimo minuto y multas de LigaPro por el mal\u00a0<strong>comportamiento<\/strong>\u00a0de sus hinchas.<\/p>\n<p>Inclusive, esta semana est\u00e1 condenado jugar\u00a0<strong>sin p\u00fablico<\/strong>\u00a0en el estadio, por las peleas en el cl\u00e1sico del Astillero.<\/p>\n<p>No todo es mala noticia.\u00a0<strong>El Nacional<\/strong>, por ejemplo, ya habilit\u00f3 a su entrenador Marcelo Zuleta y lo tendr\u00e1 en el banquillo.<\/p>\n<p>As\u00ed, la fecha se jugar\u00e1 desde la noche de este viernes.<\/p>\n<p><strong>Viernes, 3 de mayo<\/strong><\/p>\n<p>19:00 Orense &#8211; El Nacional<\/p>\n<p><strong>S\u00e1bado, 4 de mayo<\/strong><\/p>\n<p>13:00 Cumbay\u00e1 &#8211; Macar\u00e1<\/p>\n<p>15:30 Mushuc Runa &#8211; Liga de Quito<\/p>\n<p>18:00 Delf\u00edn &#8211;\u00a0<strong>Barcelona<\/strong><\/p>\n<p><strong>Domingo, 5 de mayo<\/strong><\/p>\n<p>13:00 Aucas &#8211; Libertad<\/p>\n<p>15:30\u00a0<strong>Independiente del Valle<\/strong>\u00a0&#8211; Deportivo Cuenca<\/p>\n<p>18:00 Emelec &#8211; Universidad Cat\u00f3lica<\/p>\n<p><strong>Lunes, 6 de mayo<\/strong><\/p>\n<p>19:00 T\u00e9cnico Universitario &#8211; Imbabura<\/p>\n","protected":false},"excerpt":{"rendered":"<p>La primera etapa de\u00a0LigaPro\u00a0empieza a definirse. Los equipos ya se juegan sus \u00faltimas cartas, en la b\u00fasqueda del cupo para la\u00a0final\u00a0del campeonato. Pero no es la \u00fanica pelea. Los dem\u00e1s tambi\u00e9n tienen intereses, ya que apuestan a la\u00a0acumulada\u00a0para los cupos para torneos internacionales. Esta fecha ser\u00e1 especial. Los clubes ya no soportan la situaci\u00f3n econ\u00f3mica por la falta de pago del\u00a0GolTV. Mushuc Runa y Emelec pusieron sobre la mesa la posibilidad de\u00a0impedir\u00a0que entren las c\u00e1maras a los estadios para transmitir. El &#8216;Ponchito&#8217; ya dio marcha atr\u00e1s, hasta escuchar lo que se diga en la junta de presidentes de\u00a0LigaPro. Emelec, en cambio, todav\u00eda no ha definido lo suyo. El\u00a0Bombillo\u00a0vive su propio infierno, con demandas de futbolistas, habilitaciones para jugar en el \u00faltimo minuto y multas de LigaPro por el mal\u00a0comportamiento\u00a0de sus hinchas. Inclusive, esta semana est\u00e1 condenado jugar\u00a0sin p\u00fablico\u00a0en el estadio, por las peleas en el cl\u00e1sico del Astillero. No todo es mala noticia.\u00a0El Nacional, por ejemplo, ya habilit\u00f3 a su entrenador Marcelo Zuleta y lo tendr\u00e1 en el banquillo. As\u00ed, la fecha se jugar\u00e1 desde la noche de este viernes. Viernes, 3 de mayo 19:00 Orense &#8211; El Nacional S\u00e1bado, 4 de mayo 13:00 Cumbay\u00e1 &#8211; Macar\u00e1 15:30 Mushuc Runa &#8211; Liga de Quito 18:00 Delf\u00edn &#8211;\u00a0Barcelona Domingo, 5 de mayo 13:00 Aucas &#8211; Libertad 15:30\u00a0Independiente del Valle\u00a0&#8211; Deportivo Cuenca 18:00 Emelec &#8211; Universidad Cat\u00f3lica Lunes, 6 de mayo 19:00 T\u00e9cnico Universitario &#8211; Imbabura<\/p>\n","protected":false},"author":1,"featured_media":15719,"comment_status":"open","ping_status":"open","sticky":false,"template":"","format":"standard","meta":{"footnotes":""},"categories":[6],"tags":[],"class_list":["post-15718","post","type-post","status-publish","format-standard","has-post-thumbnail","hentry","category-deportes"],"_links":{"self":[{"href":"https:\/\/www.elamazonico.com\/portal\/wp-json\/wp\/v2\/posts\/15718","targetHints":{"allow":["GET"]}}],"collection":[{"href":"https:\/\/www.elamazonico.com\/portal\/wp-json\/wp\/v2\/posts"}],"about":[{"href":"https:\/\/www.elamazonico.com\/portal\/wp-json\/wp\/v2\/types\/post"}],"author":[{"embeddable":true,"href":"https:\/\/www.elamazonico.com\/portal\/wp-json\/wp\/v2\/users\/1"}],"replies":[{"embeddable":true,"href":"https:\/\/www.elamazonico.com\/portal\/wp-json\/wp\/v2\/comments?post=15718"}],"version-history":[{"count":1,"href":"https:\/\/www.elamazonico.com\/portal\/wp-json\/wp\/v2\/posts\/15718\/revisions"}],"predecessor-version":[{"id":15720,"href":"https:\/\/www.elamazonico.com\/portal\/wp-json\/wp\/v2\/posts\/15718\/revisions\/15720"}],"wp:featuredmedia":[{"embeddable":true,"href":"https:\/\/www.elamazonico.com\/portal\/wp-json\/wp\/v2\/media\/15719"}],"wp:attachment":[{"href":"https:\/\/www.elamazonico.com\/portal\/wp-json\/wp\/v2\/media?parent=15718"}],"wp:term":[{"taxonomy":"category","embeddable":true,"href":"https:\/\/www.elamazonico.com\/portal\/wp-json\/wp\/v2\/categories?post=15718"},{"taxonomy":"post_tag","embeddable":true,"href":"https:\/\/www.elamazonico.com\/portal\/wp-json\/wp\/v2\/tags?post=15718"}],"curies":[{"name":"wp","href":"https:\/\/api.w.org\/{rel}","templated":true}]}}