{"id":15599,"date":"2024-04-30T11:36:06","date_gmt":"2024-04-30T16:36:06","guid":{"rendered":"https:\/\/www.elamazonico.comportal\/?p=15599"},"modified":"2024-04-30T11:36:06","modified_gmt":"2024-04-30T16:36:06","slug":"mexico-acusa-a-ecuador-de-cruzar-lineas-que-no-se-deben-cruzar-en-audiencia-en-la-corte-internacional","status":"publish","type":"post","link":"https:\/\/www.elamazonico.com\/portal\/mexico-acusa-a-ecuador-de-cruzar-lineas-que-no-se-deben-cruzar-en-audiencia-en-la-corte-internacional\/","title":{"rendered":"M\u00e9xico acusa a Ecuador de \u00abcruzar l\u00edneas que no se deben cruzar\u00bb, en audiencia en la Corte Internacional"},"content":{"rendered":"<p class=\"p_0\">El Gobierno de M\u00e9xico acus\u00f3 este martes a Ecuador ante la\u00a0<b>Corte Internacional de Justicia<\/b>\u00a0(CIJ) de \u00abcruzar l\u00edneas que no se deben cruzar en el derecho internacional\u00bb por el asalto a la embajada mexicana en Quito para arrestar al exvicepresidente<b>\u00a0Jorge Glas,<\/b>\u00a0al que M\u00e9xico hab\u00eda concedido el asilo.<\/p>\n<p class=\"p_1\">\u00abHay l\u00edneas en<b>\u00a0derecho internacional<\/b>\u00a0que no se deben cruzar. Lamentablemente, la Rep\u00fablica de Ecuador las ha cruzado. Las acciones de Ecuador no s\u00f3lo infringen los l\u00edmites establecidos del derecho internacional, tambi\u00e9n crean un<b>\u00a0precedente desconcertante<\/b>\u00a0que reverbera en toda la comunidad internacional\u00bb, explic\u00f3 el representante mexicano en la corte con sede en La Haya, Alejandro Celorio.<\/p>\n<p>La CIJ celebra hoy la\u00a0<b>primera audiencia p\u00fablica<\/b>\u00a0sobre la irrupci\u00f3n de la Polic\u00eda de Ecuador en la Embajada de M\u00e9xico y la agresi\u00f3n al personal diplom\u00e1tico en la noche del viernes 5 de abril y en este martes es el turno de M\u00e9xico para presentar sus argumentos sobre las supuestas violaciones al derecho internacional cometidas por Ecuador.<\/p>\n<p class=\"p_3\">Celorio insisti\u00f3 en que Ecuador ha infringido \u00abuna de las piedras angulares que gobiernan las relaciones entre Estados\u00bb con sus acciones en Quito y subray\u00f3 que en el n\u00facleo de su caso concreto est\u00e1 \u00abla certidumbre legal de cualquier otro Estado soberano, organizaci\u00f3n internacional o tribunal\u00bb.<\/p>\n<p class=\"p_4\"><b>Lea tambi\u00e9n:\u00a0<a href=\"https:\/\/www.vistazo.com\/politica\/nacional\/ecuador-demanda-a-mexico-ante-la-corte-internacional-por-asilo-a-jorge-glas-y-declaraciones-de-lopez-obrador-YX7246427\">Ecuador demanda a M\u00e9xico ante la Corte Internacional por asilo a Jorge Glas y declaraciones de L\u00f3pez Obrador<\/a><\/b><\/p>\n<p class=\"p_5\">El representante mexicano, que habl\u00f3 de una \u00abduda preocupante\u00bb sobre las intenciones de Quito en el asalto a su embajada y le acus\u00f3 de \u00ab<b>negligencia deliberada<\/b>\u00bb hacia las vidas de las personas que estaban en el recinto, se\u00f1al\u00f3 que esta incursi\u00f3n \u00abmuestra claramente la falta de respeto de Ecuador hacia las normas fundamentales, aceptadas universalmente y que existen desde hace tiempo\u00bb.<\/p>\n<p class=\"p_6\">Celorio dijo que, incluso despu\u00e9s del incidente, las declaraciones de los representantes ecuatorianos no han hecho m\u00e1s que aumentar su preocupaci\u00f3n e insisti\u00f3 en que la<b>\u00a0inviolabilidad\u00a0<\/b>de los recintos diplom\u00e1ticos est\u00e1 garantizada incluso en la legislaci\u00f3n ecuatoriana.<\/p>\n<p class=\"p_7\">\u00abNo se nos han dado garant\u00edas cre\u00edbles para evitar nuevas infracciones ni Ecuador ha reconocido totalmente su obligaci\u00f3n de no entrar en las premisas de M\u00e9xico\u00bb, incidi\u00f3 Celorio.<\/p>\n<p class=\"p_8\">Los argumentos mexicanos abren dos d\u00edas de audiencias en la CIJ para escuchar los argumentos sobre las medidas cautelares solicitadas por M\u00e9xico contra Ecuador, a la espera del inicio del juicio y de la sentencia final del procedimiento que enfrenta a ambos pa\u00edses.<\/p>\n<p class=\"p_9\">M\u00e9xico ve necesario emitir\u00a0<b>medidas cautelares<\/b>\u00a0contra Ecuador y solicita a la CIJ exigir a Quito \u00abtomar medidas apropiadas e inmediatas para proporcionar plena protecci\u00f3n y seguridad de las instalaciones diplom\u00e1ticas, su propiedad y archivos, previniendo cualquier forma de intrusi\u00f3n contra ellas\u00bb.<\/p>\n<p class=\"p_10\">Adem\u00e1s, cree que la Corte deber\u00eda instar al Gobierno ecuatoriano a permitir que M\u00e9xico \u00abdespeje las instalaciones diplom\u00e1ticas y la residencia privada de los agentes diplom\u00e1ticos\u00bb, y que \u00abno se tome ninguna acci\u00f3n que pueda perjudicar los derechos de M\u00e9xico con respecto a cualquier decisi\u00f3n\u00bb que la CIJ pueda emitir sobre el fondo de la disputa.<\/p>\n<p class=\"p_11\">Despu\u00e9s, el tribunal se retirar\u00e1 a deliberar sobre la necesidad de esas medidas cautelares, que anunciar\u00e1 en cuesti\u00f3n de semanas, pero sin entrar a\u00fan en el contenido mismo del procedimiento, algo para lo que todav\u00eda no hay fecha de inicio.<\/p>\n<p><strong>Fuente: Vistazo.\u00a0<\/strong><\/p>\n","protected":false},"excerpt":{"rendered":"<p>El Gobierno de M\u00e9xico acus\u00f3 este martes a Ecuador ante la\u00a0Corte Internacional de Justicia\u00a0(CIJ) de \u00abcruzar l\u00edneas que no se deben cruzar en el derecho internacional\u00bb por el asalto a la embajada mexicana en Quito para arrestar al exvicepresidente\u00a0Jorge Glas,\u00a0al que M\u00e9xico hab\u00eda concedido el asilo. \u00abHay l\u00edneas en\u00a0derecho internacional\u00a0que no se deben cruzar. Lamentablemente, la Rep\u00fablica de Ecuador las ha cruzado. Las acciones de Ecuador no s\u00f3lo infringen los l\u00edmites establecidos del derecho internacional, tambi\u00e9n crean un\u00a0precedente desconcertante\u00a0que reverbera en toda la comunidad internacional\u00bb, explic\u00f3 el representante mexicano en la corte con sede en La Haya, Alejandro Celorio. La CIJ celebra hoy la\u00a0primera audiencia p\u00fablica\u00a0sobre la irrupci\u00f3n de la Polic\u00eda de Ecuador en la Embajada de M\u00e9xico y la agresi\u00f3n al personal diplom\u00e1tico en la noche del viernes 5 de abril y en este martes es el turno de M\u00e9xico para presentar sus argumentos sobre las supuestas violaciones al derecho internacional cometidas por Ecuador. Celorio insisti\u00f3 en que Ecuador ha infringido \u00abuna de las piedras angulares que gobiernan las relaciones entre Estados\u00bb con sus acciones en Quito y subray\u00f3 que en el n\u00facleo de su caso concreto est\u00e1 \u00abla certidumbre legal de cualquier otro Estado soberano, organizaci\u00f3n internacional o tribunal\u00bb. Lea tambi\u00e9n:\u00a0Ecuador demanda a M\u00e9xico ante la Corte Internacional por asilo a Jorge Glas y declaraciones de L\u00f3pez Obrador El representante mexicano, que habl\u00f3 de una \u00abduda preocupante\u00bb sobre las intenciones de Quito en el asalto a su embajada y le acus\u00f3 de \u00abnegligencia deliberada\u00bb hacia las vidas de las personas que estaban en el recinto, se\u00f1al\u00f3 que esta incursi\u00f3n \u00abmuestra claramente la falta de respeto de Ecuador hacia las normas fundamentales, aceptadas universalmente y que existen desde hace tiempo\u00bb. Celorio dijo que, incluso despu\u00e9s del incidente, las declaraciones de los representantes ecuatorianos no han hecho m\u00e1s que aumentar su preocupaci\u00f3n e insisti\u00f3 en que la\u00a0inviolabilidad\u00a0de los recintos diplom\u00e1ticos est\u00e1 garantizada incluso en la legislaci\u00f3n ecuatoriana. \u00abNo se nos han dado garant\u00edas cre\u00edbles para evitar nuevas infracciones ni Ecuador ha reconocido totalmente su obligaci\u00f3n de no entrar en las premisas de M\u00e9xico\u00bb, incidi\u00f3 Celorio. Los argumentos mexicanos abren dos d\u00edas de audiencias en la CIJ para escuchar los argumentos sobre las medidas cautelares solicitadas por M\u00e9xico contra Ecuador, a la espera del inicio del juicio y de la sentencia final del procedimiento que enfrenta a ambos pa\u00edses. M\u00e9xico ve necesario emitir\u00a0medidas cautelares\u00a0contra Ecuador y solicita a la CIJ exigir a Quito \u00abtomar medidas apropiadas e inmediatas para proporcionar plena protecci\u00f3n y seguridad de las instalaciones diplom\u00e1ticas, su propiedad y archivos, previniendo cualquier forma de intrusi\u00f3n contra ellas\u00bb. Adem\u00e1s, cree que la Corte deber\u00eda instar al Gobierno ecuatoriano a permitir que M\u00e9xico \u00abdespeje las instalaciones diplom\u00e1ticas y la residencia privada de los agentes diplom\u00e1ticos\u00bb, y que \u00abno se tome ninguna acci\u00f3n que pueda perjudicar los derechos de M\u00e9xico con respecto a cualquier decisi\u00f3n\u00bb que la CIJ pueda emitir sobre el fondo de la disputa. Despu\u00e9s, el tribunal se retirar\u00e1 a deliberar sobre la necesidad de esas medidas cautelares, que anunciar\u00e1 en cuesti\u00f3n de semanas, pero sin entrar a\u00fan en el contenido mismo del procedimiento, algo para lo que todav\u00eda no hay fecha de inicio. Fuente: Vistazo.\u00a0<\/p>\n","protected":false},"author":1,"featured_media":15600,"comment_status":"open","ping_status":"open","sticky":false,"template":"","format":"standard","meta":{"footnotes":""},"categories":[5],"tags":[],"class_list":["post-15599","post","type-post","status-publish","format-standard","has-post-thumbnail","hentry","category-internacionales"],"_links":{"self":[{"href":"https:\/\/www.elamazonico.com\/portal\/wp-json\/wp\/v2\/posts\/15599","targetHints":{"allow":["GET"]}}],"collection":[{"href":"https:\/\/www.elamazonico.com\/portal\/wp-json\/wp\/v2\/posts"}],"about":[{"href":"https:\/\/www.elamazonico.com\/portal\/wp-json\/wp\/v2\/types\/post"}],"author":[{"embeddable":true,"href":"https:\/\/www.elamazonico.com\/portal\/wp-json\/wp\/v2\/users\/1"}],"replies":[{"embeddable":true,"href":"https:\/\/www.elamazonico.com\/portal\/wp-json\/wp\/v2\/comments?post=15599"}],"version-history":[{"count":1,"href":"https:\/\/www.elamazonico.com\/portal\/wp-json\/wp\/v2\/posts\/15599\/revisions"}],"predecessor-version":[{"id":15601,"href":"https:\/\/www.elamazonico.com\/portal\/wp-json\/wp\/v2\/posts\/15599\/revisions\/15601"}],"wp:featuredmedia":[{"embeddable":true,"href":"https:\/\/www.elamazonico.com\/portal\/wp-json\/wp\/v2\/media\/15600"}],"wp:attachment":[{"href":"https:\/\/www.elamazonico.com\/portal\/wp-json\/wp\/v2\/media?parent=15599"}],"wp:term":[{"taxonomy":"category","embeddable":true,"href":"https:\/\/www.elamazonico.com\/portal\/wp-json\/wp\/v2\/categories?post=15599"},{"taxonomy":"post_tag","embeddable":true,"href":"https:\/\/www.elamazonico.com\/portal\/wp-json\/wp\/v2\/tags?post=15599"}],"curies":[{"name":"wp","href":"https:\/\/api.w.org\/{rel}","templated":true}]}}