{"id":15508,"date":"2024-04-26T09:48:23","date_gmt":"2024-04-26T14:48:23","guid":{"rendered":"https:\/\/www.elamazonico.comportal\/?p=15508"},"modified":"2024-04-26T09:48:23","modified_gmt":"2024-04-26T14:48:23","slug":"15508-2","status":"publish","type":"post","link":"https:\/\/www.elamazonico.com\/portal\/15508-2\/","title":{"rendered":""},"content":{"rendered":"<p>El\u00a0<strong>Ministerio<\/strong>\u00a0del Deporte emiti\u00f3 un comunicado advirtiendo al interventor de\u00a0<strong>Barcelona<\/strong>\u00a0Sporting Club, Ricardo Mu\u00f1oz, que debe llevar un proceso de elecciones respetando a cabalidad el\u00a0<strong>reglamento<\/strong>. Si no lo hace, el nuevo directorio tendr\u00eda los mismos problemas que Antonio \u00c1lvarez. Es decir, no podr\u00eda\u00a0<strong>habilitar<\/strong>\u00a0a su equipo de trabajo.<\/p>\n<p>\u201cActualmente, distintos medios de comunicaci\u00f3n han expuesto la forma en la que el Se\u00f1or\u00a0<strong>Ricardo Mu\u00f1oz<\/strong>\u00a0Olvera (Representante Legal Provisional de Barcelona) y la Federaci\u00f3n Ecuatoriana de F\u00fatbol, buscar\u00edan, aparentemente, desarrollar las elecciones de su nuevo directorio de una forma no reglamentada. Es por ello que esta instituci\u00f3n traslada a la FEF y a los socios del club, su sincera preocupaci\u00f3n por el proceso formal que debe cumplirse dentro del periodo de intervenci\u00f3n determinado\u201d, inicia el texto.<\/p>\n<p>En el documento, el Ministerio explica que \u201cde ser el caso no ser\u00e1 responsable de las\u00a0<strong>omisiones<\/strong>\u00a0directas a la Ley del Deporte y los estatutos del Club, por lo que insta a la FEF, como veedora de las elecciones, a revisar minuciosamente la promulgaci\u00f3n de un supuesto \u00abreglamento transitorio\u201d (emitido sin capacidad alguna) y exigir el fiel cumplimiento de las normas que, l\u00f3gicamente, no contradigan nuestro\u00a0<strong>ordenamiento<\/strong>\u00a0jur\u00eddico y de manera principal la normativa del f\u00fatbol\u201d.<\/p>\n<p>La cartera de Estado a\u00f1ade que \u201c<strong>Barcelona<\/strong>\u00a0no debe estar inmerso en una nueva situaci\u00f3n administrativa adversa que lo \u00fanico que har\u00eda es seguir lastimando su institucionalidad y estabilidad deportiva. Por tal raz\u00f3n, esta entidad exhorta al\u00a0<strong>Representante Legal<\/strong>\u00a0Provisional de BSC y a la FEF para que act\u00faen rigurosamente y apegados a derecho, haciendo prevalecer la transparencia y las normas establecidas por respeto al socio, al hincha y a la historia del club, independientemente de la lista que resulte ganadora\u201d.<\/p>\n<p>&nbsp;<\/p>\n<div class=\"twitter-tweet twitter-tweet-rendered\"><iframe id=\"twitter-widget-1\" class=\"\" title=\"X Post\" src=\"https:\/\/platform.twitter.com\/embed\/Tweet.html?creatorScreenName=el_telegrafo&amp;dnt=false&amp;embedId=twitter-widget-1&amp;features=eyJ0ZndfdGltZWxpbmVfbGlzdCI6eyJidWNrZXQiOltdLCJ2ZXJzaW9uIjpudWxsfSwidGZ3X2ZvbGxvd2VyX2NvdW50X3N1bnNldCI6eyJidWNrZXQiOnRydWUsInZlcnNpb24iOm51bGx9LCJ0ZndfdHdlZXRfZWRpdF9iYWNrZW5kIjp7ImJ1Y2tldCI6Im9uIiwidmVyc2lvbiI6bnVsbH0sInRmd19yZWZzcmNfc2Vzc2lvbiI6eyJidWNrZXQiOiJvbiIsInZlcnNpb24iOm51bGx9LCJ0ZndfZm9zbnJfc29mdF9pbnRlcnZlbnRpb25zX2VuYWJsZWQiOnsiYnVja2V0Ijoib24iLCJ2ZXJzaW9uIjpudWxsfSwidGZ3X21peGVkX21lZGlhXzE1ODk3Ijp7ImJ1Y2tldCI6InRyZWF0bWVudCIsInZlcnNpb24iOm51bGx9LCJ0ZndfZXhwZXJpbWVudHNfY29va2llX2V4cGlyYXRpb24iOnsiYnVja2V0IjoxMjA5NjAwLCJ2ZXJzaW9uIjpudWxsfSwidGZ3X3Nob3dfYmlyZHdhdGNoX3Bpdm90c19lbmFibGVkIjp7ImJ1Y2tldCI6Im9uIiwidmVyc2lvbiI6bnVsbH0sInRmd19kdXBsaWNhdGVfc2NyaWJlc190b19zZXR0aW5ncyI6eyJidWNrZXQiOiJvbiIsInZlcnNpb24iOm51bGx9LCJ0ZndfdXNlX3Byb2ZpbGVfaW1hZ2Vfc2hhcGVfZW5hYmxlZCI6eyJidWNrZXQiOiJvbiIsInZlcnNpb24iOm51bGx9LCJ0ZndfdmlkZW9faGxzX2R5bmFtaWNfbWFuaWZlc3RzXzE1MDgyIjp7ImJ1Y2tldCI6InRydWVfYml0cmF0ZSIsInZlcnNpb24iOm51bGx9LCJ0ZndfbGVnYWN5X3RpbWVsaW5lX3N1bnNldCI6eyJidWNrZXQiOnRydWUsInZlcnNpb24iOm51bGx9LCJ0ZndfdHdlZXRfZWRpdF9mcm9udGVuZCI6eyJidWNrZXQiOiJvbiIsInZlcnNpb24iOm51bGx9fQ%3D%3D&amp;frame=false&amp;hideCard=false&amp;hideThread=false&amp;id=1783676632445669608&amp;lang=es&amp;origin=https%3A%2F%2Fwww.eltelegrafo.com.ec%2Fnoticias%2Fdeportes%2F7%2Felecciones-en-barcelona-sc-ministerio-del-deporte-advierte-al-interventor-y-a-la-ecuafutbol&amp;sessionId=417188c0a14b901e8ab3e5148d0ab2f09f6f6e80&amp;siteScreenName=el_telegrafo&amp;theme=light&amp;widgetsVersion=2615f7e52b7e0%3A1702314776716&amp;width=550px\" frameborder=\"0\" scrolling=\"no\" allowfullscreen=\"allowfullscreen\" data-tweet-id=\"1783676632445669608\" data-mce-fragment=\"1\"><\/iframe><\/div>\n<p>Por su parte, Ricardo Mu\u00f1oz tambi\u00e9n emiti\u00f3 un comunicado respondiendo al Ministerio y asegurando que est\u00e1 cumpliendo con el reglamento. Lo mismo dijo el presidente de la Ecuaf\u00fatbol, Francisco Egas.<\/p>\n<p>&nbsp;<\/p>\n<div class=\"twitter-tweet twitter-tweet-rendered\"><iframe id=\"twitter-widget-2\" class=\"\" title=\"X Post\" src=\"https:\/\/platform.twitter.com\/embed\/Tweet.html?creatorScreenName=el_telegrafo&amp;dnt=false&amp;embedId=twitter-widget-2&amp;features=eyJ0ZndfdGltZWxpbmVfbGlzdCI6eyJidWNrZXQiOltdLCJ2ZXJzaW9uIjpudWxsfSwidGZ3X2ZvbGxvd2VyX2NvdW50X3N1bnNldCI6eyJidWNrZXQiOnRydWUsInZlcnNpb24iOm51bGx9LCJ0ZndfdHdlZXRfZWRpdF9iYWNrZW5kIjp7ImJ1Y2tldCI6Im9uIiwidmVyc2lvbiI6bnVsbH0sInRmd19yZWZzcmNfc2Vzc2lvbiI6eyJidWNrZXQiOiJvbiIsInZlcnNpb24iOm51bGx9LCJ0ZndfZm9zbnJfc29mdF9pbnRlcnZlbnRpb25zX2VuYWJsZWQiOnsiYnVja2V0Ijoib24iLCJ2ZXJzaW9uIjpudWxsfSwidGZ3X21peGVkX21lZGlhXzE1ODk3Ijp7ImJ1Y2tldCI6InRyZWF0bWVudCIsInZlcnNpb24iOm51bGx9LCJ0ZndfZXhwZXJpbWVudHNfY29va2llX2V4cGlyYXRpb24iOnsiYnVja2V0IjoxMjA5NjAwLCJ2ZXJzaW9uIjpudWxsfSwidGZ3X3Nob3dfYmlyZHdhdGNoX3Bpdm90c19lbmFibGVkIjp7ImJ1Y2tldCI6Im9uIiwidmVyc2lvbiI6bnVsbH0sInRmd19kdXBsaWNhdGVfc2NyaWJlc190b19zZXR0aW5ncyI6eyJidWNrZXQiOiJvbiIsInZlcnNpb24iOm51bGx9LCJ0ZndfdXNlX3Byb2ZpbGVfaW1hZ2Vfc2hhcGVfZW5hYmxlZCI6eyJidWNrZXQiOiJvbiIsInZlcnNpb24iOm51bGx9LCJ0ZndfdmlkZW9faGxzX2R5bmFtaWNfbWFuaWZlc3RzXzE1MDgyIjp7ImJ1Y2tldCI6InRydWVfYml0cmF0ZSIsInZlcnNpb24iOm51bGx9LCJ0ZndfbGVnYWN5X3RpbWVsaW5lX3N1bnNldCI6eyJidWNrZXQiOnRydWUsInZlcnNpb24iOm51bGx9LCJ0ZndfdHdlZXRfZWRpdF9mcm9udGVuZCI6eyJidWNrZXQiOiJvbiIsInZlcnNpb24iOm51bGx9fQ%3D%3D&amp;frame=false&amp;hideCard=false&amp;hideThread=false&amp;id=1783836531465371833&amp;lang=es&amp;origin=https%3A%2F%2Fwww.eltelegrafo.com.ec%2Fnoticias%2Fdeportes%2F7%2Felecciones-en-barcelona-sc-ministerio-del-deporte-advierte-al-interventor-y-a-la-ecuafutbol&amp;sessionId=417188c0a14b901e8ab3e5148d0ab2f09f6f6e80&amp;siteScreenName=el_telegrafo&amp;theme=light&amp;widgetsVersion=2615f7e52b7e0%3A1702314776716&amp;width=550px\" frameborder=\"0\" scrolling=\"no\" allowfullscreen=\"allowfullscreen\" data-tweet-id=\"1783836531465371833\" data-mce-fragment=\"1\"><\/iframe><\/div>\n<div><strong>Fuente: El Tel\u00e9grafo.<\/strong><\/div>\n","protected":false},"excerpt":{"rendered":"<p>El\u00a0Ministerio\u00a0del Deporte emiti\u00f3 un comunicado advirtiendo al interventor de\u00a0Barcelona\u00a0Sporting Club, Ricardo Mu\u00f1oz, que debe llevar un proceso de elecciones respetando a cabalidad el\u00a0reglamento. Si no lo hace, el nuevo directorio tendr\u00eda los mismos problemas que Antonio \u00c1lvarez. Es decir, no podr\u00eda\u00a0habilitar\u00a0a su equipo de trabajo. \u201cActualmente, distintos medios de comunicaci\u00f3n han expuesto la forma en la que el Se\u00f1or\u00a0Ricardo Mu\u00f1oz\u00a0Olvera (Representante Legal Provisional de Barcelona) y la Federaci\u00f3n Ecuatoriana de F\u00fatbol, buscar\u00edan, aparentemente, desarrollar las elecciones de su nuevo directorio de una forma no reglamentada. Es por ello que esta instituci\u00f3n traslada a la FEF y a los socios del club, su sincera preocupaci\u00f3n por el proceso formal que debe cumplirse dentro del periodo de intervenci\u00f3n determinado\u201d, inicia el texto. En el documento, el Ministerio explica que \u201cde ser el caso no ser\u00e1 responsable de las\u00a0omisiones\u00a0directas a la Ley del Deporte y los estatutos del Club, por lo que insta a la FEF, como veedora de las elecciones, a revisar minuciosamente la promulgaci\u00f3n de un supuesto \u00abreglamento transitorio\u201d (emitido sin capacidad alguna) y exigir el fiel cumplimiento de las normas que, l\u00f3gicamente, no contradigan nuestro\u00a0ordenamiento\u00a0jur\u00eddico y de manera principal la normativa del f\u00fatbol\u201d. La cartera de Estado a\u00f1ade que \u201cBarcelona\u00a0no debe estar inmerso en una nueva situaci\u00f3n administrativa adversa que lo \u00fanico que har\u00eda es seguir lastimando su institucionalidad y estabilidad deportiva. Por tal raz\u00f3n, esta entidad exhorta al\u00a0Representante Legal\u00a0Provisional de BSC y a la FEF para que act\u00faen rigurosamente y apegados a derecho, haciendo prevalecer la transparencia y las normas establecidas por respeto al socio, al hincha y a la historia del club, independientemente de la lista que resulte ganadora\u201d. &nbsp; Por su parte, Ricardo Mu\u00f1oz tambi\u00e9n emiti\u00f3 un comunicado respondiendo al Ministerio y asegurando que est\u00e1 cumpliendo con el reglamento. Lo mismo dijo el presidente de la Ecuaf\u00fatbol, Francisco Egas. &nbsp; Fuente: El Tel\u00e9grafo.<\/p>\n","protected":false},"author":1,"featured_media":15509,"comment_status":"open","ping_status":"open","sticky":false,"template":"","format":"standard","meta":{"footnotes":""},"categories":[6],"tags":[],"class_list":["post-15508","post","type-post","status-publish","format-standard","has-post-thumbnail","hentry","category-deportes"],"_links":{"self":[{"href":"https:\/\/www.elamazonico.com\/portal\/wp-json\/wp\/v2\/posts\/15508","targetHints":{"allow":["GET"]}}],"collection":[{"href":"https:\/\/www.elamazonico.com\/portal\/wp-json\/wp\/v2\/posts"}],"about":[{"href":"https:\/\/www.elamazonico.com\/portal\/wp-json\/wp\/v2\/types\/post"}],"author":[{"embeddable":true,"href":"https:\/\/www.elamazonico.com\/portal\/wp-json\/wp\/v2\/users\/1"}],"replies":[{"embeddable":true,"href":"https:\/\/www.elamazonico.com\/portal\/wp-json\/wp\/v2\/comments?post=15508"}],"version-history":[{"count":1,"href":"https:\/\/www.elamazonico.com\/portal\/wp-json\/wp\/v2\/posts\/15508\/revisions"}],"predecessor-version":[{"id":15510,"href":"https:\/\/www.elamazonico.com\/portal\/wp-json\/wp\/v2\/posts\/15508\/revisions\/15510"}],"wp:featuredmedia":[{"embeddable":true,"href":"https:\/\/www.elamazonico.com\/portal\/wp-json\/wp\/v2\/media\/15509"}],"wp:attachment":[{"href":"https:\/\/www.elamazonico.com\/portal\/wp-json\/wp\/v2\/media?parent=15508"}],"wp:term":[{"taxonomy":"category","embeddable":true,"href":"https:\/\/www.elamazonico.com\/portal\/wp-json\/wp\/v2\/categories?post=15508"},{"taxonomy":"post_tag","embeddable":true,"href":"https:\/\/www.elamazonico.com\/portal\/wp-json\/wp\/v2\/tags?post=15508"}],"curies":[{"name":"wp","href":"https:\/\/api.w.org\/{rel}","templated":true}]}}