{"id":1550,"date":"2021-11-05T06:26:39","date_gmt":"2021-11-05T11:26:39","guid":{"rendered":"https:\/\/www.elamazonico.com\/portal\/?p=1550"},"modified":"2021-11-05T06:26:44","modified_gmt":"2021-11-05T11:26:44","slug":"es-hora-de-un-plan-ecuador-el-presidente-lasso-dice-en-entrevista-con-la-bbc-que-su-pais-necesita-ayuda-para-enfrentar-el-narcotrafico","status":"publish","type":"post","link":"https:\/\/www.elamazonico.com\/portal\/es-hora-de-un-plan-ecuador-el-presidente-lasso-dice-en-entrevista-con-la-bbc-que-su-pais-necesita-ayuda-para-enfrentar-el-narcotrafico\/","title":{"rendered":"\u201cEs hora de un Plan Ecuador\u201d: el presidente Lasso dice en entrevista con la BBC que su pa\u00eds necesita ayuda para enfrentar el narcotr\u00e1fico"},"content":{"rendered":"\n<p><em><strong>Por Vanessa Buschschluter<\/strong><\/em><\/p>\n\n\n\n<p><strong>\u201cTenemos problemas locales que requieren de compromisos globales\u201d, dijo este martes el presidente de Ecuador, Guillermo Lasso, en la cumbre de l\u00edderes de la Conferencia sobre el Cambio Clim\u00e1tico (COP26) que se desarrolla en Glasgow, Reino Unido.<\/strong><\/p>\n\n\n\n<p>En su intervenci\u00f3n habl\u00f3 en concreto de la creaci\u00f3n de una nueva reserva marina de 60.000 kil\u00f3metros cuadrados en las Islas Gal\u00e1pagos, que se sumar\u00e1n a los 130.000 ya existentes.<\/p>\n\n\n\n<p>Pero los \u201cproblemas locales\u201d en el pa\u00eds sudamericano son m\u00e1s que la conservaci\u00f3n de la biodiversidad y la lucha contra el cambio clim\u00e1tico.<\/p>\n\n\n\n<p>Lasso habl\u00f3 con la BBC en Glasgow sobre medio ambiente, pero tambi\u00e9n de seguridad, salud p\u00fablica, migraci\u00f3n, los Pandora Papers y m\u00e1s.<\/p>\n\n\n\n<p><strong>D\u00e9jeme empezar por el anuncio que hizo sobre la expansi\u00f3n en 60.000 kil\u00f3metros cuadradosde la reserva mar\u00edtima de Islas Gal\u00e1pagos.\u00bfC\u00f3mo piensaEcuador proteger un \u00e1rea tan grande?<\/strong><\/p>\n\n\n\n<p>La manera de proteger un \u00e1rea tan grande es a trav\u00e9s de un canje de deuda por conservaci\u00f3n.<\/p>\n\n\n\n<p>Estamos estudiando los mecanismos a efectos de crear un fidecomiso con recursos a perpetuidad para que el Ministerio del Medio Ambiente los pueda administrar y puedan ser utilizados tambi\u00e9n en apoyo a la pesca artesanal en zona fuera del \u00e1rea de reserva marina y a nuestra Fuerza Naval, para el control de embarcaciones internacionales.<\/p>\n\n\n\n<p><strong>\u00bfCu\u00e1nto dinero cree que con ese canje de deuda puede representar?<\/strong><\/p>\n\n\n\n<p>En valor nominal, cerca de US$300 millones, que luego al cabo del tiempo se convertir\u00e1n en un fondo a perpetuidad.<\/p>\n\n\n\n<p>Los rendimentos ser\u00e1n utilizados para estos objetivos, pero quedar\u00e1 como una especie de legado intocable durante el tiempo.<\/p>\n\n\n\n<p><strong>En lo pr\u00e1ctico, \u00bfese dinero se usar\u00eda para patrullaje o para qu\u00e9?<\/strong><\/p>\n\n\n\n<p>Se utilizar\u00eda para adquirir la tecnolog\u00eda necesaria que nos permita cuidar la zona de la reserva marina.<\/p>\n\n\n\n<p><strong>\u00bfLa decisi\u00f3n de expandir la reserva mar\u00edtima fue una reacci\u00f3n a la gigantesca flota de barcos pesqueros chinos que navegaron alrededor de las Islas Gal\u00e1pagos este a\u00f1o y el anterior?<\/strong><\/p>\n\n\n\n<p>No, es una decisi\u00f3n aut\u00f3noma del gobierno ecuatoriano que la presenta en la COP26 como una demostraci\u00f3n concreta de que la acci\u00f3n m\u00e1s que las palabras es la que va a permitir la lucha efectiva contra el cambio clim\u00e1tico.<\/p>\n\n\n\n<p><strong>Y qu\u00e9 va a hacer para prevenir la pesca ilegal de la flota china en un futuro?<\/strong><\/p>\n\n\n\n<p>En mi ultima conversaci\u00f3n con el presidente Xi Jinping escuch\u00e9 un compromiso muy claro de respeto a esta zona mar\u00edtima del Ecuador.<\/p>\n\n\n\n<p>Por lo tanto, aspiro a que en el futuro no existan incidentes como los vieron en el a\u00f1o 2020. En 2021 no ha habido ning\u00fan problema.<\/p>\n\n\n\n<p><strong>\u00a1Pero la flota s\u00ed estuvo!<\/strong><\/p>\n\n\n\n<p>Pero no en aguas ecuatorianas.<\/p>\n\n\n\n<p><strong>Perm\u00edtame cambiar de tema. El 18 de octubre usted declar\u00f3 un estado de excepci\u00f3n en Ecuador por 60 d\u00edas. \u00bfQu\u00e9 logros ha habido desde entonces?<\/strong><\/p>\n\n\n\n<p>Ha disminuido el n\u00famero de eventos de inseguridad y de criminalidad. Penosamente esto es consecuencia de que los gobiernos, los dos gobiernos anteriores, fueron muy contemplativos con el narcotr\u00e1fico.<\/p>\n\n\n\n<p>Estamos recuperando el control del territorio nacional. He instalado un radar para recuperar el control de la provincia de Manab\u00ed y de Santa Elena, y en febrero o marzo tendremos un segundo radar en la zona norte de Ecuador.<\/p>\n\n\n\n<p>Ahora, hay un problema un poco m\u00e1s serio que es el consumo de drogas. Lo vamos a enfocar como un problema de salud publica, pero nos va a tomar por lo menos tres, cuatro lustros hasta poder recuperarnos de semejante impacto negativo que es consecuencia de haber sido contemplativo con el narcotr\u00e1fico.<\/p>\n\n\n\n<p><strong>Adem\u00e1s del radar, usted tiene planes de hacer una ley que le permitir\u00eda a la Fuerza \u00c1rea derribar aviones que no contactan o que est\u00e1n de forma ilegal en el espacio a\u00e9reo ecuatoriano. \u00bfEs as\u00ed?<\/strong><\/p>\n\n\n\n<p>Correcto. Y tambi\u00e9n un proyecto para el fortalecimiento en el control de las c\u00e1rceles.<\/p>\n\n\n\n<p><strong>\u00bfCree que la Asamblea va a apoyar esa ley que permite derribar aviones?<\/strong><\/p>\n\n\n\n<p>Espero que lo hagan porque es la manera de proteger a toda la sociedad ecuatoriana.<\/p>\n\n\n\n<p><strong>Sobre las c\u00e1rceles que usted mencion\u00f3 y que recientemente fueron noticia internacional por la reyerta mortal en la que murieron 119 presos, \u00bfcu\u00e1l es el plan para mejorar la situaci\u00f3n dentro de las prisiones?<\/strong><\/p>\n\n\n\n<p>Recuperar la presencia del Estado. Obras civiles, tecnolog\u00eda y tambi\u00e9n reformas legales que permitan que en situaci\u00f3n ordinaria la Polic\u00eda Nacional pueda ingresar a las c\u00e1rceles.<\/p>\n\n\n\n<p>No es posible que gu\u00edas (guardias) penitenciarios con un tolete enfrenten a mafias que tienen hasta drones y explosivos.<\/p>\n\n\n\n<p><strong>\u00bfY el hacinamiento?<\/strong><\/p>\n\n\n\n<p>El hacinamiento es aproximadamente de 9.000 personas, de los cuales 5.000 ya tienen derechos penitenciarios y pueden salir libres. Estamos viendo la manera de agilizar los procesos.<\/p>\n\n\n\n<p>De los otros 4.000 hay cerca de 3.000 que son susceptibles de ser repatriados porque son ciudadanos extranjeros. Tambi\u00e9n con Canciller\u00eda hemos iniciado los tramites.<\/p>\n\n\n\n<p>Con todo eso, en un horizonte de 2 a\u00f1os, podremos luchar contra el hacinamiento. No queremos construir mas c\u00e1rceles, sino un mundo m\u00e1s libre en Ecuador.<\/p>\n\n\n\n<p><strong>Sobre los gu\u00edas carcelarios que usted mencion\u00f3, \u00bfpor qu\u00e9 se dio esa situaci\u00f3n de que la polic\u00eda no puede entrar en las prisiones del pa\u00eds?<\/strong><\/p>\n\n\n\n<p>No le puedo responder la pregunta porque la verdad es que esto viene desde mucho tiempo atr\u00e1s y responde a leyes que no consideraban al narcotr\u00e1fico y las mafias como una amenaza. Era otro Ecuador.<\/p>\n\n\n\n<p>En el Ecuador de hoy necesitamos reformas legales en este campo.<\/p>\n\n\n\n<p><strong>La criminalidad dentro de Ecuador ha cambiado mucho en los \u00faltimos a\u00f1os. \u00bfC\u00f3mo va a luchar contra el hecho de que detr\u00e1s de estos grupos criminales ecuatorianos est\u00e1n otros tan poderosos como el cartel de Sinaloa o el cartel Jalisco Nueva Generaci\u00f3n?<\/strong><\/p>\n\n\n\n<p>Necesitamos el apoyo internacional de EE.UU., de Colombia y de la Uni\u00f3n Europea fundamentalmente. Y pienso promover esa cooperaci\u00f3n porque es hora de un Plan Ecuador.<\/p>\n\n\n\n<p><strong>\u00bfCu\u00e1l ser\u00eda la meta del Plan Ecuador?<\/strong><\/p>\n\n\n\n<p>Fortalecer la seguridad, las Fuerzas Armadas y la Polic\u00eda Nacional. Apoyo tambi\u00e9n en el fortalecimiento del control de las c\u00e1rceles y en obras de infraestructura que permitan mejorar la calidad de vida de los ciudadanos ecuatorianos.<\/p>\n\n\n\n<p><strong>Dado que se ha hablado mucho de la influencia de los carteles mexicanos en Ecuador, \u00bfha tenido contacto con el gobierno de M\u00e9xico?<\/strong><\/p>\n\n\n\n<p>He tenido contacto con el gobierno de M\u00e9xico para hablar sobre un acuerdo de libre comercio que es indispensable para que el Ecuador ingrese a la Alianza del Pacifico. No hemos tocado temas e seguridad con M\u00e9xico.<\/p>\n\n\n\n<p><strong>El aumento de la violencia en Ecuador no solo se ve en la muerte de prisioneros, sino tambi\u00e9n de gente del com\u00fan, como se hizo notorio tras el asesinato del velocista \u00c1lex Qui\u00f1\u00f3nez hace un par de semanas. \u00bfQu\u00e9 esta haciendo su gobierno para mejorar la seguridad ciudadana?<\/strong><\/p>\n\n\n\n<p>Esta entrevista comenz\u00f3 con su pregunta sobre el estado de excepci\u00f3n. Es una repuesta para mejorar la seguridad en las ciudades del pa\u00eds.<\/p>\n\n\n\n<p>Pero tengo que ser muy sincero: esa no va a ser la soluci\u00f3n definitiva porque tenemos un problema de criminalidad derivado del consumo de drogas tambi\u00e9n.<\/p>\n\n\n\n<p>Y como le dije, el consumo de drogas lo enfocamos como un problema de salud publica. Y tomar\u00e1 algunos lustros poder recuperar a la sociedad ecuatoriana de este penoso mal del consumo de drogas y, como consecuencia de aquello, de la inseguridad.<\/p>\n\n\n\n<p><strong>Despu\u00e9s de los 60 d\u00edas de estado de excepci\u00f3n, \u00bfqu\u00e9 suceder\u00e1?<\/strong><\/p>\n\n\n\n<p>Ya creo que le he contestado sobre el enfoque de salud publica.<\/p>\n\n\n\n<p>Es un problema que no va ser solucionado en 60 ni 120 d\u00edas, que va a requerir algunos lustros para recuperar a la sociedad ecuatoriana de este mal que aqueja a ni\u00f1os y j\u00f3venes por el consumo de drogas. Y como consecuencia de aquello, la criminalidad.<\/p>\n\n\n\n<p><strong>D\u00e9jeme cambiar de tema. Ecuador fue golpeado muy duro por la pandemia de covid y obviamente tambi\u00e9n eso afect\u00f3 la econom\u00eda. Durante la campa\u00f1a, usted hizo mucho hincapi\u00e9 en la vacunaci\u00f3n como la soluci\u00f3n para mover el pa\u00eds para adelante. Ha tenido much\u00edsimo \u00e9xito con la vacunaci\u00f3n, pero \u00bfse est\u00e1 reflejando eso ya tambi\u00e9n en la econom\u00eda?<\/strong><\/p>\n\n\n\n<p>Definitivamente que s\u00ed. El segundo trimestre de este a\u00f1o comparado con el anterior, hemos crecido al 8%. En los cuatro primeros meses de gobierno, se han creado 275.000 nuevos empleos.<\/p>\n\n\n\n<p>Esto refleja claramente lo que advert\u00ed: la vacunaci\u00f3n no solo es un programa de salud, no es un programa social, es un programa econ\u00f3mico tambi\u00e9n y esta dando resultados.<\/p>\n\n\n\n<p><strong>En la campa\u00f1a y ahora en su ponencia en la COP habl\u00f3 de un gobierno de encuentro y, de hecho, gan\u00f3 las elecciones con ese lema. Pero en estas pasadas semanas hemos visto manifestaciones y, en concreto, que los ind\u00edgenas no parecieran ya ser tan parte de ese encuentro.<\/strong><\/p>\n\n\n\n<p>Hagamos una distinci\u00f3n clara: lo que ha sucedido en las ultimas semanas es la manifestaci\u00f3n de un dirigente ind\u00edgena que no ha tenido \u00e9xito en esta ocasi\u00f3n porque no ha logrado movilizar a la ciudadan\u00eda.<\/p>\n\n\n\n<figure class=\"wp-block-image\"><img decoding=\"async\" src=\"https:\/\/www.eluniverso.com\/resizer\/uHylaaQj5pqi7f39KWEzxRqZUJs=\/800x450\/smart\/filters:quality(70)\/cloudfront-us-east-1.images.arcpublishing.com\/eluniverso\/TPFN6GBCWZEVXEYYQONA5M3XKM.jpg\" alt=\"\"\/><figcaption>Leonidas Iza, presidente de la Confederaci\u00f3n de Nacionalidades Ind\u00edgenas del Ecuador (Conaie), ha liderado manifestaciones contra el gobierno de Lasso.&nbsp;<strong>Foto: Getty Images<\/strong><\/figcaption><\/figure>\n\n\n\n<p>Eso demuestra claramente que el sector ind\u00edgena que estuvo con nosotros en la campa\u00f1a sigue estando junto con el gobierno del encuentro.<\/p>\n\n\n\n<p><strong>Cuando vuelva a Ecuador, \u00bfva a encontrarse con este l\u00edder ind\u00edgena, Leonidas Iza, que ha liderado estas manifestaciones?<\/strong><\/p>\n\n\n\n<p>No, cuando vuelva a Ecuador yo me voy a encontrar con la Conaie (Confederaci\u00f3n de Nacionalidades Ind\u00edgenas de Ecuador), que es el grupo o la asociaci\u00f3n que representa a un importante sector de la sociedad ecuatoriana.<\/p>\n\n\n\n<p>Con el se\u00f1or Iza, no. El se\u00f1or Iza es un golpista. Y un presidente democr\u00e1tico no puede hablar ni negociar con un golpista que emula al personaje Joker de Batman, que es un personaje anarquista. El l\u00edder ind\u00edgena es un anarquista.<\/p>\n\n\n\n<p>Promueve solamente la destrucci\u00f3n de todo lo que existe.<\/p>\n\n\n\n<p><strong>\u00bfQu\u00e9 le va a decir a la Conaie?<\/strong><\/p>\n\n\n\n<p>A la Conaie le dir\u00e9 que tengo los brazos abiertos y la manos extendidas para seguir hablando y conversando sobre la realidad del mundo ind\u00edgena en el Ecuador.<\/p>\n\n\n\n<p><strong>Otro tema que est\u00e1n confrontando casi todos los pa\u00edses de Sudam\u00e9rica es la migraci\u00f3n, sobre todo de venezolanos. Hace unos meses alguien de Migraci\u00f3n de Colombia me coment\u00f3 que tuvo una reuni\u00f3n con el presidente Iv\u00e1n Duque antes de que usted asumiera su cargo y le habl\u00f3 de introducir el Estatus de Protecci\u00f3n Temporal en Ecuador. \u00bfEso es algo que su gobierno tiene pensado hacer?<\/strong><\/p>\n\n\n\n<p>Nosotros estamos yendo un poco mas all\u00e1, reconociendo el estatus legal del los venezolanos y tratando de promover su inserci\u00f3n a la sociedad ecuatoriana.<\/p>\n\n\n\n<figure class=\"wp-block-image\"><img decoding=\"async\" src=\"https:\/\/www.eluniverso.com\/resizer\/BEM_0r9GLP7YCKYH9Dov54KDh_M=\/800x450\/smart\/filters:quality(70)\/cloudfront-us-east-1.images.arcpublishing.com\/eluniverso\/OES7F6267JGM5FSAI6DIRBPGVA.jpg\" alt=\"\"\/><figcaption>Lasso asegur\u00f3: \u00abQueremos abrir los brazos por razones humanitarias a la migraci\u00f3n venezolana\u00bb.&nbsp;<strong>Foto: Getty Images<\/strong><\/figcaption><\/figure>\n\n\n\n<p>Es un desaf\u00edo inmenso porque son 400.000 venezolanos en un pa\u00eds donde lo que m\u00e1s falta es empleo. Pero por razones humanitarias, debemos hacer el mejor esfuerzo.<\/p>\n\n\n\n<p><strong>\u00bfCu\u00e1l es su estrategia para evitar que en Ecuador surjan problemas como los que se han visto en Chile, donde han quemado las pertenencias de los migrantes venezolanos, o en Per\u00fa, donde tambi\u00e9n ha habido mucha xenofobia?<\/strong><\/p>\n\n\n\n<p>Hay antecedentes hist\u00f3ricos en materia de migraci\u00f3n&#8230; la primera es la oleada migratoria de ecuatorianos a EE.UU. en la d\u00e9cada de los 60 del siglo pasado&#8230; la segunda, a inicios de este siglo, hacia Espa\u00f1a e Italia.<\/p>\n\n\n\n<p>Yo creo que Ecuador es un pa\u00eds solidario que no puede olvidar eso. No puede ser que emigramos al exterior y cuando alguien del exterior, por los motivos pol\u00edticos ya conocidos, busca el Ecuador, lo rechazemos.<\/p>\n\n\n\n<p>En el Ecuador no ha habido problemas significativos de xenofobia y queremos abrir los brazos por razones humanitarias a la migraci\u00f3n venezolana.<\/p>\n\n\n\n<p><strong>Su nombre fue uno de los mencionados en los Pandora Papers y ha habido una investigaci\u00f3n en una comisi\u00f3n parlamentaria. \u00bfPor qu\u00e9 decidi\u00f3 no declararante dicha comisi\u00f3n?<\/strong><\/p>\n\n\n\n<p>Hagamos una diferenciaci\u00f3n. La comisi\u00f3n me invit\u00f3 y yo contest\u00e9 con una carta donde demuestro claramente mi historial tributario en el Ecuador. Y dije: si quieren que vaya, pues esperemos al final para yo conocer todas las opiniones de todos aquellos que vayan a la comisi\u00f3n. Por lo tanto, no me he negado a ir y he presentado informaci\u00f3n.<\/p>\n\n\n\n<p>No es decir m\u00edo, sino de algunos periodistas: la comisi\u00f3n no tiene nada entre manos.<\/p>\n\n\n\n<p>Me alegra que un grupo internacional de periodistas haga una investigaci\u00f3n y haga una investigaci\u00f3n sobre m\u00ed. Lo \u00fanico que aspiro es que sea una investigaci\u00f3n completa. Porque me investigaron en el mundo, pero no en el pa\u00eds.<\/p>\n\n\n\n<p>En el Ecuador soy una de las personas que m\u00e1s impuestos paga: cerca de US$590 millones en 15 a\u00f1os. Es una cantidad muy, muy importante que equivale al 0,6% del producto interno bruto en 15 a\u00f1os. Una sola persona.<\/p>\n\n\n\n<figure class=\"wp-block-image\"><img decoding=\"async\" src=\"https:\/\/www.eluniverso.com\/resizer\/0lLozo4S1zt9nTK71tbq1-8G8uk=\/800x450\/smart\/filters:quality(70)\/cloudfront-us-east-1.images.arcpublishing.com\/eluniverso\/5GKH5DGGZZBA7JNVVGREWJ72PI.jpg\" alt=\"\"\/><figcaption>La COP26 se autodefine como \u00abla mejor y \u00faltima oportunidad para controlar las devastadoras consecuencias del cambio clim\u00e1tico\u00bb.&nbsp;<strong>Foto: Getty Images<\/strong><\/figcaption><\/figure>\n\n\n\n<p>Esa informaci\u00f3n, no s\u00e9 por qu\u00e9, pero fue omitida y yo lo que he hecho es informarle a la comisi\u00f3n para que conozca mi personalidad tributaria.<\/p>\n\n\n\n<p><strong>Quisiera volver al tema de la COP. Ecuador obviamente es un pa\u00eds petrolero. \u00bfC\u00f3mo va a cumplir las metas de la COP con lo que prometi\u00f3 durante la campa\u00f1a de m\u00e1s inversi\u00f3n en el sector petrolero?<\/strong><\/p>\n\n\n\n<p>Una inversi\u00f3n que sea sustentable con el medio ambiente. Si no lo es, obviamente que no vamos a permitirla.<\/p>\n\n\n\n<p>As\u00ed que no veo ninguna incompatibilidad entre pretender incrementar la producci\u00f3n petrolera, pero de forma sostenible.<\/p>\n\n\n\n<p><strong>\u00bfC\u00f3mo va a lograr eso?<\/strong><\/p>\n\n\n\n<p>Bueno, probablemente tendr\u00e1 un costo mayor que los sistemas regulares, pero es el camino del mundo moderno.<\/p>\n\n\n\n<p><strong>Ecuador fue uno de los 100 pa\u00edses que firmaron el acuerdo sobre la deforestaci\u00f3n.<\/strong><\/p>\n\n\n\n<p>Somos un pa\u00eds muy chico, que apenas produce el 0,18% de las emisiones globales, pero nos hemos comprometido a una reducci\u00f3n hasta el 2030 del 25%.<\/p>\n\n\n\n<p>Es decir, aunque peque\u00f1o, queremos tomar acciones concretas para contribuir contra el cambio clim\u00e1tico.<\/p>\n\n\n\n<p><strong>Por \u00faltimo quer\u00eda hablarle de un tema m\u00e1s social, cultural. Hace poco la Corte Suprema de Ecuador permiti\u00f3 el aborto para los casos de violaci\u00f3n. \u00bfHay alg\u00fan movimiento para aprobar el aborto para m\u00e1s casos?<\/strong><\/p>\n\n\n\n<p>En este caso en concreto quiero referirme en estos t\u00e9rminos: yo defiendo la vida desde la concepci\u00f3n hasta la muerte natural. Eso es un principio de vida personal de mi familia y que refleja los principios de vida de muchos ecuatorianos.<\/p>\n\n\n\n<p>Hoy soy el presidente del Ecuador, de 17 millones y medio de ecuatorianos. Cuando la Corte Constitucional tom\u00f3 esa decisi\u00f3n en una actitud republicana y democr\u00e1tica, manifest\u00e9 mi respeto porque no puedo imponer mis valores y principios a todo el pueblo ecuatoriano.<\/p>\n\n\n\n<figure class=\"wp-block-image\"><img decoding=\"async\" src=\"https:\/\/www.eluniverso.com\/resizer\/3ASzdmj6OQXCCnX0u6O2Ak8z01I=\/800x450\/smart\/filters:quality(70)\/cloudfront-us-east-1.images.arcpublishing.com\/eluniverso\/RCVN4ZFRIFGVXOTTHWGAWSGNBU.jpg\" alt=\"\"\/><figcaption>El exbanquero asumi\u00f3 la presidencia de Ecuador en mayo en medio de la peor crisis econ\u00f3mica y de salud de la historia del pa\u00eds.&nbsp;<strong>Foto: Presidencia de Ecuador<\/strong><\/figcaption><\/figure>\n\n\n\n<p>Ahora, no he visto ning\u00fan movimiento que quiera plantear la formalizaci\u00f3n o el reconocimiento del aborto. Para m\u00ed ser\u00eda una situaci\u00f3n muy dif\u00edcil, pero por ahora no veo ning\u00fan riesgo en ese sentido.<\/p>\n\n\n\n<p><strong>Es que cuando la Corte Suprema tom\u00f3 esa decisi\u00f3n de\u2026<\/strong><\/p>\n\n\n\n<p>Solamente en el aborto por violaci\u00f3n.<\/p>\n\n\n\n<p><strong>Usted dijo \u201clo respeto\u201d&#8230;<\/strong><\/p>\n\n\n\n<p>S\u00ed claro que s\u00ed, porque soy solo el presidente del Ecuador, nada m\u00e1s. Absolutamente nada m\u00e1s. Y la Corte Constitucional es una instituci\u00f3n independiente del gobierno y pues bueno, uno tiene que respetar sus fallos aunque no le gusten.<\/p>\n\n\n\n<p><strong>Ecuador permite el matrimonio igualitario, pero hay muchas parejas gay que lamentan&#8230;<\/strong><\/p>\n\n\n\n<p>En el Ecuador se reconoce la uni\u00f3n civil de dos personas del mismo sexo, no el matrimonio. El matrimonio es un concepto superior, distinto, y yo respeto lo que dice la Constituci\u00f3n.<\/p>\n\n\n\n<p><strong>Hay parejas gay que lamentan que no haya por ahora una manera de adoptar ni\u00f1os para parejas gay.<\/strong><\/p>\n\n\n\n<p>Es un tema que hoy en el Ecuador no se debate y tiene un alto contenido moral. Y en el campo de la moral yo no me atrevo a imponer mis principios y valores a nadie.<\/p>\n\n\n\n<p>Como dice el Papa Francisco: \u201c\u00bfQui\u00e9n soy yo para juzgar?\u201d. Si \u00e9l dice eso, imagine lo que puedo decir yo.<\/p>\n\n\n\n<p><strong>Quiero darle la palabra final:\u00bftiene un mensaje para la COP de lo que Ecuador puede contribuir al mundo?<\/strong><\/p>\n\n\n\n<p>Mi mensaje es que Ecuador es uno de los 17 pa\u00edses m\u00e1s diversos del mundo, que tenemos que apuntar a la conservaci\u00f3n de esa categor\u00eda.<\/p>\n\n\n\n<p>El primer planteamiento concreto nuestro en la COP es la ampliaci\u00f3n de la reserva marina de Gal\u00e1pagos de 138.000 a cera a cerca de 200.000 kil\u00f3metros cuadrados.<\/p>\n\n\n\n<p>Creo que ese es un sello de la personalidad de mi gobierno y espero que sea uno de los legados de mi gobierno. (I) Fuente: El Universo<\/p>\n","protected":false},"excerpt":{"rendered":"<p>Por Vanessa Buschschluter \u201cTenemos problemas locales que requieren de compromisos globales\u201d, dijo este martes el presidente de Ecuador, Guillermo Lasso, en la cumbre de l\u00edderes de la Conferencia sobre el Cambio Clim\u00e1tico (COP26) que se desarrolla en Glasgow, Reino Unido. En su intervenci\u00f3n habl\u00f3 en concreto de la creaci\u00f3n de una nueva reserva marina de 60.000 kil\u00f3metros cuadrados en las Islas Gal\u00e1pagos, que se sumar\u00e1n a los 130.000 ya existentes. Pero los \u201cproblemas locales\u201d en el pa\u00eds sudamericano son m\u00e1s que la conservaci\u00f3n de la biodiversidad y la lucha contra el cambio clim\u00e1tico. Lasso habl\u00f3 con la BBC en Glasgow sobre medio ambiente, pero tambi\u00e9n de seguridad, salud p\u00fablica, migraci\u00f3n, los Pandora Papers y m\u00e1s. D\u00e9jeme empezar por el anuncio que hizo sobre la expansi\u00f3n en 60.000 kil\u00f3metros cuadradosde la reserva mar\u00edtima de Islas Gal\u00e1pagos.\u00bfC\u00f3mo piensaEcuador proteger un \u00e1rea tan grande? La manera de proteger un \u00e1rea tan grande es a trav\u00e9s de un canje de deuda por conservaci\u00f3n. Estamos estudiando los mecanismos a efectos de crear un fidecomiso con recursos a perpetuidad para que el Ministerio del Medio Ambiente los pueda administrar y puedan ser utilizados tambi\u00e9n en apoyo a la pesca artesanal en zona fuera del \u00e1rea de reserva marina y a nuestra Fuerza Naval, para el control de embarcaciones internacionales. \u00bfCu\u00e1nto dinero cree que con ese canje de deuda puede representar? En valor nominal, cerca de US$300 millones, que luego al cabo del tiempo se convertir\u00e1n en un fondo a perpetuidad. Los rendimentos ser\u00e1n utilizados para estos objetivos, pero quedar\u00e1 como una especie de legado intocable durante el tiempo. En lo pr\u00e1ctico, \u00bfese dinero se usar\u00eda para patrullaje o para qu\u00e9? Se utilizar\u00eda para adquirir la tecnolog\u00eda necesaria que nos permita cuidar la zona de la reserva marina. \u00bfLa decisi\u00f3n de expandir la reserva mar\u00edtima fue una reacci\u00f3n a la gigantesca flota de barcos pesqueros chinos que navegaron alrededor de las Islas Gal\u00e1pagos este a\u00f1o y el anterior? No, es una decisi\u00f3n aut\u00f3noma del gobierno ecuatoriano que la presenta en la COP26 como una demostraci\u00f3n concreta de que la acci\u00f3n m\u00e1s que las palabras es la que va a permitir la lucha efectiva contra el cambio clim\u00e1tico. Y qu\u00e9 va a hacer para prevenir la pesca ilegal de la flota china en un futuro? En mi ultima conversaci\u00f3n con el presidente Xi Jinping escuch\u00e9 un compromiso muy claro de respeto a esta zona mar\u00edtima del Ecuador. Por lo tanto, aspiro a que en el futuro no existan incidentes como los vieron en el a\u00f1o 2020. En 2021 no ha habido ning\u00fan problema. \u00a1Pero la flota s\u00ed estuvo! Pero no en aguas ecuatorianas. Perm\u00edtame cambiar de tema. El 18 de octubre usted declar\u00f3 un estado de excepci\u00f3n en Ecuador por 60 d\u00edas. \u00bfQu\u00e9 logros ha habido desde entonces? Ha disminuido el n\u00famero de eventos de inseguridad y de criminalidad. Penosamente esto es consecuencia de que los gobiernos, los dos gobiernos anteriores, fueron muy contemplativos con el narcotr\u00e1fico. Estamos recuperando el control del territorio nacional. He instalado un radar para recuperar el control de la provincia de Manab\u00ed y de Santa Elena, y en febrero o marzo tendremos un segundo radar en la zona norte de Ecuador. Ahora, hay un problema un poco m\u00e1s serio que es el consumo de drogas. Lo vamos a enfocar como un problema de salud publica, pero nos va a tomar por lo menos tres, cuatro lustros hasta poder recuperarnos de semejante impacto negativo que es consecuencia de haber sido contemplativo con el narcotr\u00e1fico. Adem\u00e1s del radar, usted tiene planes de hacer una ley que le permitir\u00eda a la Fuerza \u00c1rea derribar aviones que no contactan o que est\u00e1n de forma ilegal en el espacio a\u00e9reo ecuatoriano. \u00bfEs as\u00ed? Correcto. Y tambi\u00e9n un proyecto para el fortalecimiento en el control de las c\u00e1rceles. \u00bfCree que la Asamblea va a apoyar esa ley que permite derribar aviones? Espero que lo hagan porque es la manera de proteger a toda la sociedad ecuatoriana. Sobre las c\u00e1rceles que usted mencion\u00f3 y que recientemente fueron noticia internacional por la reyerta mortal en la que murieron 119 presos, \u00bfcu\u00e1l es el plan para mejorar la situaci\u00f3n dentro de las prisiones? Recuperar la presencia del Estado. Obras civiles, tecnolog\u00eda y tambi\u00e9n reformas legales que permitan que en situaci\u00f3n ordinaria la Polic\u00eda Nacional pueda ingresar a las c\u00e1rceles. No es posible que gu\u00edas (guardias) penitenciarios con un tolete enfrenten a mafias que tienen hasta drones y explosivos. \u00bfY el hacinamiento? El hacinamiento es aproximadamente de 9.000 personas, de los cuales 5.000 ya tienen derechos penitenciarios y pueden salir libres. Estamos viendo la manera de agilizar los procesos. De los otros 4.000 hay cerca de 3.000 que son susceptibles de ser repatriados porque son ciudadanos extranjeros. Tambi\u00e9n con Canciller\u00eda hemos iniciado los tramites. Con todo eso, en un horizonte de 2 a\u00f1os, podremos luchar contra el hacinamiento. No queremos construir mas c\u00e1rceles, sino un mundo m\u00e1s libre en Ecuador. Sobre los gu\u00edas carcelarios que usted mencion\u00f3, \u00bfpor qu\u00e9 se dio esa situaci\u00f3n de que la polic\u00eda no puede entrar en las prisiones del pa\u00eds? No le puedo responder la pregunta porque la verdad es que esto viene desde mucho tiempo atr\u00e1s y responde a leyes que no consideraban al narcotr\u00e1fico y las mafias como una amenaza. Era otro Ecuador. En el Ecuador de hoy necesitamos reformas legales en este campo. La criminalidad dentro de Ecuador ha cambiado mucho en los \u00faltimos a\u00f1os. \u00bfC\u00f3mo va a luchar contra el hecho de que detr\u00e1s de estos grupos criminales ecuatorianos est\u00e1n otros tan poderosos como el cartel de Sinaloa o el cartel Jalisco Nueva Generaci\u00f3n? Necesitamos el apoyo internacional de EE.UU., de Colombia y de la Uni\u00f3n Europea fundamentalmente. Y pienso promover esa cooperaci\u00f3n porque es hora de un Plan Ecuador. \u00bfCu\u00e1l ser\u00eda la meta del Plan Ecuador? Fortalecer la seguridad, las Fuerzas Armadas y la Polic\u00eda Nacional. Apoyo tambi\u00e9n en el fortalecimiento del control de las c\u00e1rceles y en obras de infraestructura que permitan mejorar la calidad de vida de los ciudadanos ecuatorianos.<\/p>\n","protected":false},"author":1,"featured_media":1551,"comment_status":"open","ping_status":"open","sticky":false,"template":"","format":"standard","meta":{"footnotes":""},"categories":[5],"tags":[],"class_list":["post-1550","post","type-post","status-publish","format-standard","has-post-thumbnail","hentry","category-internacionales"],"_links":{"self":[{"href":"https:\/\/www.elamazonico.com\/portal\/wp-json\/wp\/v2\/posts\/1550","targetHints":{"allow":["GET"]}}],"collection":[{"href":"https:\/\/www.elamazonico.com\/portal\/wp-json\/wp\/v2\/posts"}],"about":[{"href":"https:\/\/www.elamazonico.com\/portal\/wp-json\/wp\/v2\/types\/post"}],"author":[{"embeddable":true,"href":"https:\/\/www.elamazonico.com\/portal\/wp-json\/wp\/v2\/users\/1"}],"replies":[{"embeddable":true,"href":"https:\/\/www.elamazonico.com\/portal\/wp-json\/wp\/v2\/comments?post=1550"}],"version-history":[{"count":1,"href":"https:\/\/www.elamazonico.com\/portal\/wp-json\/wp\/v2\/posts\/1550\/revisions"}],"predecessor-version":[{"id":1552,"href":"https:\/\/www.elamazonico.com\/portal\/wp-json\/wp\/v2\/posts\/1550\/revisions\/1552"}],"wp:featuredmedia":[{"embeddable":true,"href":"https:\/\/www.elamazonico.com\/portal\/wp-json\/wp\/v2\/media\/1551"}],"wp:attachment":[{"href":"https:\/\/www.elamazonico.com\/portal\/wp-json\/wp\/v2\/media?parent=1550"}],"wp:term":[{"taxonomy":"category","embeddable":true,"href":"https:\/\/www.elamazonico.com\/portal\/wp-json\/wp\/v2\/categories?post=1550"},{"taxonomy":"post_tag","embeddable":true,"href":"https:\/\/www.elamazonico.com\/portal\/wp-json\/wp\/v2\/tags?post=1550"}],"curies":[{"name":"wp","href":"https:\/\/api.w.org\/{rel}","templated":true}]}}