{"id":15447,"date":"2024-04-25T10:49:44","date_gmt":"2024-04-25T15:49:44","guid":{"rendered":"https:\/\/www.elamazonico.comportal\/?p=15447"},"modified":"2024-04-25T10:49:44","modified_gmt":"2024-04-25T15:49:44","slug":"primer-ministro-de-haiti-dimite-y-miembros-del-nuevo-consejo-presidencial-de-transicion-juran-su-cargo-en-medio-de-crisis-de-violencia","status":"publish","type":"post","link":"https:\/\/www.elamazonico.com\/portal\/primer-ministro-de-haiti-dimite-y-miembros-del-nuevo-consejo-presidencial-de-transicion-juran-su-cargo-en-medio-de-crisis-de-violencia\/","title":{"rendered":"Primer ministro de Hait\u00ed dimite y miembros del nuevo consejo presidencial de transici\u00f3n juran su cargo en medio de crisis de violencia"},"content":{"rendered":"<p class=\"p_0\"><b>Los nueve miembros del Consejo Presidencial de Transici\u00f3n de Hait\u00ed, encargados de restaurar el orden en un pa\u00eds sacudido por la violencia pandillera, juraron su cargo este jueves en el Palacio Nacional y se disponen a ser investidos, seg\u00fan un responsable de partido pol\u00edtico.<\/b><\/p>\n<p class=\"p_1\">Im\u00e1genes de medios locales muestran a los integrantes del Consejo durante la<b>\u00a0ceremonia de juramento<\/b>, acompa\u00f1ados por la m\u00fasica de una fanfarria.<\/p>\n<p>El cuestionado primer ministro\u00a0<b>Ariel Henry<\/b>, que hab\u00eda anunciado el 11 de marzo que dimitir\u00eda una vez instaladas las nuevas autoridades,\u00a0<b>oficializ\u00f3 su marcha en una carta.<\/b><\/p>\n<div class=\"paragraph texto\">\n<p class=\"p_3\">\u00abAgradezco al pueblo haitiano la oportunidad de servir a nuestro pa\u00eds con integridad, sabidur\u00eda y honor.\u00a0<b>Hait\u00ed renacer\u00e1<\/b>\u00ab, escribi\u00f3 Henry en la misiva.<\/p>\n<p class=\"p_4\">A la espera de que el Consejo Presidencial designe a un nuevo primer ministro en los pr\u00f3ximos d\u00edas,\u00a0<b>Hait\u00ed funcionar\u00e1 con un gobierno interino<\/b>\u00a0nombrado el mi\u00e9rcoles.<\/p>\n<p class=\"p_5\">Los nueve integrantes del Consejo acudir\u00e1n por la ma\u00f1ana a la\u00a0<b>oficina del primer ministro<\/b>, conocida como\u00a0<b>Villa d&#8217;Accueil<\/b>, en Puerto Pr\u00edncipe, para su\u00a0<b>investidura<\/b>.<\/p>\n<p class=\"p_6\">El pa\u00eds caribe\u00f1o ha sufrido una\u00a0<b>explosi\u00f3n de violencia desde finales de febrero<\/b>, cuando poderosas pandillas lanzaron ataques contra comisar\u00edas, prisiones, sedes oficiales y el aeropuerto de Puerto Pr\u00edncipe, en un pulso contra el controvertido Henry.<\/p>\n<p class=\"p_7\"><b>Lea tambi\u00e9n |\u00a0<a href=\"https:\/\/www.vistazo.com\/actualidad\/internacional\/los-haitianos-cuentan-la-pesadilla-en-que-viven-por-las-pandillas-a-la-espera-de-un-nuevo-gobierno-MK7149259\">Los haitianos cuentan la \u00abpesadilla\u00bb en que viven por las pandillas, a la espera de un nuevo Gobierno<\/a><\/b><\/p>\n<p class=\"p_8\">Esas bandas, que\u00a0<b>controlan m\u00e1s del 80% de la capital<\/b>, cometen numerosos abusos como asesinatos, violaciones, saqueos y secuestros.<\/p>\n<\/div>\n<div class=\"multimediaMacroWrapper img lateral\">\n<figure class=\"contentMedia art-img\">\n<div><img fetchpriority=\"high\" decoding=\"async\" class=\" lazyloaded\" title=\"Un veh\u00edculo policial vigila el \u00e1rea cercana al Palacio Nacional en Puerto Pr\u00edncipe, Hait\u00ed, el 2 de abril de 2024.\" src=\"https:\/\/www.vistazo.com\/placeholder\/svg\/viewbox\/768x512\" sizes=\"100vw\" srcset=\"\/\/www.vistazo.com\/binrepository\/768x512\/0c0\/0d0\/none\/12727\/MAYB\/afp-20240402-34nd6nv-v1-highres_1495111_20240425100512.jpg 768w,\/\/www.vistazo.com\/binrepository\/640x427\/0c0\/0d0\/none\/12727\/MAYO\/afp-20240402-34nd6nv-v1-highres_1495111_20240425100512.jpg 640w,\/\/www.vistazo.com\/binrepository\/512x341\/0c0\/0d0\/none\/12727\/MAYR\/afp-20240402-34nd6nv-v1-highres_1495111_20240425100512.jpg 512w,\/\/www.vistazo.com\/binrepository\/384x256\/0c0\/0d0\/none\/12727\/MAYC\/afp-20240402-34nd6nv-v1-highres_1495111_20240425100512.jpg 384w,\/\/www.vistazo.com\/binrepository\/300x200\/0c0\/0d0\/none\/12727\/MAYQ\/afp-20240402-34nd6nv-v1-highres_1495111_20240425100512.jpg 300w\" alt=\"$!Un veh\u00edculo policial vigila el \u00e1rea cercana al Palacio Nacional en Puerto Pr\u00edncipe, Hait\u00ed, el 2 de abril de 2024.\" width=\"768\" height=\"512\" data-srcset=\"\/\/www.vistazo.com\/binrepository\/768x512\/0c0\/0d0\/none\/12727\/MAYB\/afp-20240402-34nd6nv-v1-highres_1495111_20240425100512.jpg 768w,\/\/www.vistazo.com\/binrepository\/640x427\/0c0\/0d0\/none\/12727\/MAYO\/afp-20240402-34nd6nv-v1-highres_1495111_20240425100512.jpg 640w,\/\/www.vistazo.com\/binrepository\/512x341\/0c0\/0d0\/none\/12727\/MAYR\/afp-20240402-34nd6nv-v1-highres_1495111_20240425100512.jpg 512w,\/\/www.vistazo.com\/binrepository\/384x256\/0c0\/0d0\/none\/12727\/MAYC\/afp-20240402-34nd6nv-v1-highres_1495111_20240425100512.jpg 384w,\/\/www.vistazo.com\/binrepository\/300x200\/0c0\/0d0\/none\/12727\/MAYQ\/afp-20240402-34nd6nv-v1-highres_1495111_20240425100512.jpg 300w\" \/><\/div>\n<div class=\"cutline-byline\"><span class=\"cutline-text\">Un veh\u00edculo policial vigila el \u00e1rea cercana al Palacio Nacional en Puerto Pr\u00edncipe, Hait\u00ed, el 2 de abril de 2024.<\/span>\u00a0<span class=\"byline-image\">(CLARENS SIFFROY \/ AFP)<\/span><\/div>\n<\/figure>\n<\/div>\n<div class=\"paragraph texto\">\n<p class=\"p_9\">Seg\u00fan Naciones Unidas, unos\u00a0<b>360.000 haitianos son desplazados internos<\/b>\u00a0en un pa\u00eds de unos 11,6 millones de habitantes.<\/p>\n<\/div>\n<div class=\"paragraph texto\">\n<p class=\"p_10\">La violencia de las bandas\u00a0<b>ha forzado a 95.000 personas a huir de la capital<\/b>\u00a0y ha sumido a cinco millones en una\u00a0<b>\u00abhambruna aguda\u00bb<\/b>, de acuerdo con expertos de la ONU.<\/p>\n<p class=\"p_11\">Henry, l\u00edder no electo del pa\u00eds desde el\u00a0<b>asesinato en 2021 del presidente Jovenel Moise<\/b>, acept\u00f3 renunciar a mediados de marzo y ser sustituido por el Consejo, que est\u00e1 formado por siete miembros con derecho a voto seleccionados entre todo el espectro pol\u00edtico de Hait\u00ed y dos observadores sin voto.<\/p>\n<\/div>\n<div class=\"paragraph texto\">\n<p class=\"p_12\">La formaci\u00f3n de esas nuevas autoridades fue confirmada el 12 de abril tras semanas d<b>e desacuerdos entre sus integrantes y con el gobierno saliente.<\/b><\/p>\n<p class=\"p_13\">Queda por ver si el Consejo ser\u00e1 capaz de alcanzar un<b>\u00a0consenso sobre el<\/b>\u00a0<b>nombramiento de un primer ministro\u00a0<\/b>y de ceder el poder a un gobierno electo a m\u00e1s tardar en febrero de 2026.<\/p>\n<p class=\"p_14\"><b>Lea tambi\u00e9n |\u00a0<a href=\"https:\/\/www.vistazo.com\/actualidad\/internacional\/argentina-protesta-masivamente-contra-recortes-de-milei-a-la-educacion-universitaria-publica-YB7223230\">Argentina protesta masivamente contra recortes de Milei a la Educaci\u00f3n Universitaria P\u00fablica<\/a><\/b><\/p>\n<\/div>\n<div class=\"paragraph texto\">\n<p class=\"p_15\">El pa\u00eds, azotado por la pobreza y la violencia,<b>\u00a0no celebra elecciones desde 2016.<\/b><\/p>\n<p class=\"p_16\">Tambi\u00e9n se desconoce c\u00f3mo responder\u00e1n las pandillas del pa\u00eds al nuevo consejo, despu\u00e9s de manifestar su molestia por haber sido\u00a0<b>excluidas de las conversaciones sobre la transici\u00f3n.<\/b><\/p>\n<p><strong>Fuente: Vistazo.<\/strong><\/p>\n<\/div>\n","protected":false},"excerpt":{"rendered":"<p>Los nueve miembros del Consejo Presidencial de Transici\u00f3n de Hait\u00ed, encargados de restaurar el orden en un pa\u00eds sacudido por la violencia pandillera, juraron su cargo este jueves en el Palacio Nacional y se disponen a ser investidos, seg\u00fan un responsable de partido pol\u00edtico. Im\u00e1genes de medios locales muestran a los integrantes del Consejo durante la\u00a0ceremonia de juramento, acompa\u00f1ados por la m\u00fasica de una fanfarria. El cuestionado primer ministro\u00a0Ariel Henry, que hab\u00eda anunciado el 11 de marzo que dimitir\u00eda una vez instaladas las nuevas autoridades,\u00a0oficializ\u00f3 su marcha en una carta. \u00abAgradezco al pueblo haitiano la oportunidad de servir a nuestro pa\u00eds con integridad, sabidur\u00eda y honor.\u00a0Hait\u00ed renacer\u00e1\u00ab, escribi\u00f3 Henry en la misiva. A la espera de que el Consejo Presidencial designe a un nuevo primer ministro en los pr\u00f3ximos d\u00edas,\u00a0Hait\u00ed funcionar\u00e1 con un gobierno interino\u00a0nombrado el mi\u00e9rcoles. Los nueve integrantes del Consejo acudir\u00e1n por la ma\u00f1ana a la\u00a0oficina del primer ministro, conocida como\u00a0Villa d&#8217;Accueil, en Puerto Pr\u00edncipe, para su\u00a0investidura. El pa\u00eds caribe\u00f1o ha sufrido una\u00a0explosi\u00f3n de violencia desde finales de febrero, cuando poderosas pandillas lanzaron ataques contra comisar\u00edas, prisiones, sedes oficiales y el aeropuerto de Puerto Pr\u00edncipe, en un pulso contra el controvertido Henry. Lea tambi\u00e9n |\u00a0Los haitianos cuentan la \u00abpesadilla\u00bb en que viven por las pandillas, a la espera de un nuevo Gobierno Esas bandas, que\u00a0controlan m\u00e1s del 80% de la capital, cometen numerosos abusos como asesinatos, violaciones, saqueos y secuestros. Un veh\u00edculo policial vigila el \u00e1rea cercana al Palacio Nacional en Puerto Pr\u00edncipe, Hait\u00ed, el 2 de abril de 2024.\u00a0(CLARENS SIFFROY \/ AFP) Seg\u00fan Naciones Unidas, unos\u00a0360.000 haitianos son desplazados internos\u00a0en un pa\u00eds de unos 11,6 millones de habitantes. La violencia de las bandas\u00a0ha forzado a 95.000 personas a huir de la capital\u00a0y ha sumido a cinco millones en una\u00a0\u00abhambruna aguda\u00bb, de acuerdo con expertos de la ONU. Henry, l\u00edder no electo del pa\u00eds desde el\u00a0asesinato en 2021 del presidente Jovenel Moise, acept\u00f3 renunciar a mediados de marzo y ser sustituido por el Consejo, que est\u00e1 formado por siete miembros con derecho a voto seleccionados entre todo el espectro pol\u00edtico de Hait\u00ed y dos observadores sin voto. La formaci\u00f3n de esas nuevas autoridades fue confirmada el 12 de abril tras semanas de desacuerdos entre sus integrantes y con el gobierno saliente. Queda por ver si el Consejo ser\u00e1 capaz de alcanzar un\u00a0consenso sobre el\u00a0nombramiento de un primer ministro\u00a0y de ceder el poder a un gobierno electo a m\u00e1s tardar en febrero de 2026. Lea tambi\u00e9n |\u00a0Argentina protesta masivamente contra recortes de Milei a la Educaci\u00f3n Universitaria P\u00fablica El pa\u00eds, azotado por la pobreza y la violencia,\u00a0no celebra elecciones desde 2016. Tambi\u00e9n se desconoce c\u00f3mo responder\u00e1n las pandillas del pa\u00eds al nuevo consejo, despu\u00e9s de manifestar su molestia por haber sido\u00a0excluidas de las conversaciones sobre la transici\u00f3n. Fuente: Vistazo.<\/p>\n","protected":false},"author":1,"featured_media":15448,"comment_status":"open","ping_status":"open","sticky":false,"template":"","format":"standard","meta":{"footnotes":""},"categories":[5],"tags":[],"class_list":["post-15447","post","type-post","status-publish","format-standard","has-post-thumbnail","hentry","category-internacionales"],"_links":{"self":[{"href":"https:\/\/www.elamazonico.com\/portal\/wp-json\/wp\/v2\/posts\/15447","targetHints":{"allow":["GET"]}}],"collection":[{"href":"https:\/\/www.elamazonico.com\/portal\/wp-json\/wp\/v2\/posts"}],"about":[{"href":"https:\/\/www.elamazonico.com\/portal\/wp-json\/wp\/v2\/types\/post"}],"author":[{"embeddable":true,"href":"https:\/\/www.elamazonico.com\/portal\/wp-json\/wp\/v2\/users\/1"}],"replies":[{"embeddable":true,"href":"https:\/\/www.elamazonico.com\/portal\/wp-json\/wp\/v2\/comments?post=15447"}],"version-history":[{"count":1,"href":"https:\/\/www.elamazonico.com\/portal\/wp-json\/wp\/v2\/posts\/15447\/revisions"}],"predecessor-version":[{"id":15449,"href":"https:\/\/www.elamazonico.com\/portal\/wp-json\/wp\/v2\/posts\/15447\/revisions\/15449"}],"wp:featuredmedia":[{"embeddable":true,"href":"https:\/\/www.elamazonico.com\/portal\/wp-json\/wp\/v2\/media\/15448"}],"wp:attachment":[{"href":"https:\/\/www.elamazonico.com\/portal\/wp-json\/wp\/v2\/media?parent=15447"}],"wp:term":[{"taxonomy":"category","embeddable":true,"href":"https:\/\/www.elamazonico.com\/portal\/wp-json\/wp\/v2\/categories?post=15447"},{"taxonomy":"post_tag","embeddable":true,"href":"https:\/\/www.elamazonico.com\/portal\/wp-json\/wp\/v2\/tags?post=15447"}],"curies":[{"name":"wp","href":"https:\/\/api.w.org\/{rel}","templated":true}]}}