{"id":15136,"date":"2024-04-16T12:07:49","date_gmt":"2024-04-16T17:07:49","guid":{"rendered":"https:\/\/www.elamazonico.comportal\/?p=15136"},"modified":"2024-04-16T12:07:49","modified_gmt":"2024-04-16T17:07:49","slug":"nicolas-maduro-ordena-el-cierre-de-la-embajada-de-venezuela-en-ecuador","status":"publish","type":"post","link":"https:\/\/www.elamazonico.com\/portal\/nicolas-maduro-ordena-el-cierre-de-la-embajada-de-venezuela-en-ecuador\/","title":{"rendered":"Nicol\u00e1s Maduro ordena el cierre de la Embajada de Venezuela en Ecuador"},"content":{"rendered":"<p>Venezuela exige que Ecuador devuelva a Jorge Glas a M\u00e9xico y se le otorgue asilo<\/p>\n<p class=\"prose-text\" data-mrf-recirculation=\"Links article\">El presidente de\u00a0<b>Venezuela<\/b>,\u00a0<a href=\"https:\/\/www.eluniverso.com\/temas\/nicolas-maduro\/\" target=\"_blank\" rel=\"noopener\" data-mrf-link=\"https:\/\/www.eluniverso.com\/temas\/nicolas-maduro\/\"><b>Nicol\u00e1s Maduro<\/b><\/a>, anunci\u00f3 este martes el cierre de la Embajada y consulados de la naci\u00f3n caribe\u00f1a en Ecuador, en apoyo a\u00a0<b>M\u00e9xico<\/b>, tras el\u00a0<a href=\"https:\/\/www.eluniverso.com\/noticias\/politica\/todo-lo-que-se-sabe-de-la-detencion-de-jorge-glas-en-la-embajada-de-mexico-nota\/\" target=\"_blank\" rel=\"noopener\" data-mrf-link=\"https:\/\/www.eluniverso.com\/noticias\/politica\/todo-lo-que-se-sabe-de-la-detencion-de-jorge-glas-en-la-embajada-de-mexico-nota\/\"><b>asalto de la Polic\u00eda ecuatoriana a la sede diplom\u00e1tica<\/b><\/a>\u00a0de este pa\u00eds.<\/p>\n<p class=\"prose-text\" data-mrf-recirculation=\"Links article\">El mandatario hizo el anuncio en la reuni\u00f3n virtual de la\u00a0<b>Comunidad de Estados Latinoamericanos y Caribe\u00f1os (Celac)<\/b>, donde se reunieron hoy los jefes de Estado para discutir el ingreso forzoso de uniformados ecuatorianos a la Embajada de M\u00e9xico en Quito, para apresar al exvicepresidente Jorge Glas.<\/p>\n<p data-mrf-recirculation=\"Links article\">\u201c<b>He ordenado cerrar nuestra embajada en Ecuador, cerrar el consulado en Quito, cerrar el consulado en Guayaquil, y que regrese el personal diplom\u00e1tico a Venezuela de inmediato<\/b>\u00a0(&#8230;) hasta que se restituya el derecho internacional de manera expresa en el Ecuador\u201d, dijo Maduro en su intervenci\u00f3n<\/p>\n<p data-mrf-recirculation=\"Links article\"><strong>Fuente: El Universo\u00a0<\/strong><\/p>\n","protected":false},"excerpt":{"rendered":"<p>Venezuela exige que Ecuador devuelva a Jorge Glas a M\u00e9xico y se le otorgue asilo El presidente de\u00a0Venezuela,\u00a0Nicol\u00e1s Maduro, anunci\u00f3 este martes el cierre de la Embajada y consulados de la naci\u00f3n caribe\u00f1a en Ecuador, en apoyo a\u00a0M\u00e9xico, tras el\u00a0asalto de la Polic\u00eda ecuatoriana a la sede diplom\u00e1tica\u00a0de este pa\u00eds. El mandatario hizo el anuncio en la reuni\u00f3n virtual de la\u00a0Comunidad de Estados Latinoamericanos y Caribe\u00f1os (Celac), donde se reunieron hoy los jefes de Estado para discutir el ingreso forzoso de uniformados ecuatorianos a la Embajada de M\u00e9xico en Quito, para apresar al exvicepresidente Jorge Glas. \u201cHe ordenado cerrar nuestra embajada en Ecuador, cerrar el consulado en Quito, cerrar el consulado en Guayaquil, y que regrese el personal diplom\u00e1tico a Venezuela de inmediato\u00a0(&#8230;) hasta que se restituya el derecho internacional de manera expresa en el Ecuador\u201d, dijo Maduro en su intervenci\u00f3n Fuente: El Universo\u00a0<\/p>\n","protected":false},"author":1,"featured_media":15137,"comment_status":"open","ping_status":"open","sticky":false,"template":"","format":"standard","meta":{"footnotes":""},"categories":[5],"tags":[],"class_list":["post-15136","post","type-post","status-publish","format-standard","has-post-thumbnail","hentry","category-internacionales"],"_links":{"self":[{"href":"https:\/\/www.elamazonico.com\/portal\/wp-json\/wp\/v2\/posts\/15136","targetHints":{"allow":["GET"]}}],"collection":[{"href":"https:\/\/www.elamazonico.com\/portal\/wp-json\/wp\/v2\/posts"}],"about":[{"href":"https:\/\/www.elamazonico.com\/portal\/wp-json\/wp\/v2\/types\/post"}],"author":[{"embeddable":true,"href":"https:\/\/www.elamazonico.com\/portal\/wp-json\/wp\/v2\/users\/1"}],"replies":[{"embeddable":true,"href":"https:\/\/www.elamazonico.com\/portal\/wp-json\/wp\/v2\/comments?post=15136"}],"version-history":[{"count":1,"href":"https:\/\/www.elamazonico.com\/portal\/wp-json\/wp\/v2\/posts\/15136\/revisions"}],"predecessor-version":[{"id":15138,"href":"https:\/\/www.elamazonico.com\/portal\/wp-json\/wp\/v2\/posts\/15136\/revisions\/15138"}],"wp:featuredmedia":[{"embeddable":true,"href":"https:\/\/www.elamazonico.com\/portal\/wp-json\/wp\/v2\/media\/15137"}],"wp:attachment":[{"href":"https:\/\/www.elamazonico.com\/portal\/wp-json\/wp\/v2\/media?parent=15136"}],"wp:term":[{"taxonomy":"category","embeddable":true,"href":"https:\/\/www.elamazonico.com\/portal\/wp-json\/wp\/v2\/categories?post=15136"},{"taxonomy":"post_tag","embeddable":true,"href":"https:\/\/www.elamazonico.com\/portal\/wp-json\/wp\/v2\/tags?post=15136"}],"curies":[{"name":"wp","href":"https:\/\/api.w.org\/{rel}","templated":true}]}}