{"id":15061,"date":"2024-04-12T11:46:41","date_gmt":"2024-04-12T16:46:41","guid":{"rendered":"https:\/\/www.elamazonico.comportal\/?p=15061"},"modified":"2024-04-12T11:46:41","modified_gmt":"2024-04-12T16:46:41","slug":"mexico-suspende-negociaciones-de-tratado-comercial-con-ecuador-por-el-asalto-a-su-embajada","status":"publish","type":"post","link":"https:\/\/www.elamazonico.com\/portal\/mexico-suspende-negociaciones-de-tratado-comercial-con-ecuador-por-el-asalto-a-su-embajada\/","title":{"rendered":"M\u00e9xico suspende negociaciones de tratado comercial con Ecuador por el asalto a su Embajada"},"content":{"rendered":"<p class=\"p_0\">En una reciente declaraci\u00f3n, la secretaria de Relaciones Exteriores de M\u00e9xico,\u00a0<b>Alicia B\u00e1rcena<\/b>, anunci\u00f3 la suspensi\u00f3n de las negociaciones del tratado de libre comercio con Ecuador, que es crucial para ingresar a la Alianza del Pac\u00edfico, un bloque comercial que incluye a Colombia, Chile y Per\u00fa.<\/p>\n<p class=\"p_1\">\u00abNosotros\u00a0<b>s\u00ed hemos suspendido<\/b>\u00a0las relaciones comerciales con Ecuador, en el sentido que est\u00e1bamos negociando un tratado de libre comercio y esas conversaciones se han suspendido\u00bb, inform\u00f3 B\u00e1rcena.<\/p>\n<p>Estas declaraciones contradicen las afirmaciones recientes de <b>Sonsoles Garc\u00eda<\/b>, ministra de Producci\u00f3n de Ecuador, quien asegur\u00f3 que no hab\u00eda recibido comunicaci\u00f3n oficial de M\u00e9xico sobre esta suspensi\u00f3n.<\/p>\n<p class=\"p_3\">Los hechos reflejan un\u00a0<b>escalamiento<\/b>\u00a0del conflicto entre M\u00e9xico y Ecuador tras el allanamiento de la sede diplom\u00e1tica mexicana en Quito, donde las autoridades ingresaron para llevarse por la fuerza al exvicepresidente Jorge Glas, acusado de corrupci\u00f3n, lo que deriv\u00f3 en la ruptura de relaciones diplom\u00e1ticas.<\/p>\n<p class=\"p_4\">\u00abHemos iniciado, todav\u00eda no hemos concluido el an\u00e1lisis, la posibilidad incluso de una acusaci\u00f3n de tipo penal, en el sentido que la violaci\u00f3n fue de tal\u00a0<b>magnitud<\/b>, por un lado al inmueble, sin duda, pero tambi\u00e9n a las personas, y creo que esto es un tema que s\u00ed se debe explorar y eso es exactamente lo que estamos haciendo\u201d, declar\u00f3 B\u00e1rcena en la conferencia matutina del Gobierno.<\/p>\n<p class=\"p_5\"><b>Lea tambi\u00e9n:\u00a0<a href=\"https:\/\/www.vistazo.com\/politica\/internacional\/onu-dice-que-eventual-expulsion-de-ecuador-depende-de-los-estados-miembros-tras-pedido-de-mexico-DX7145027\">ONU dice que eventual expulsi\u00f3n de Ecuador depende de los Estados miembros, tras pedido de M\u00e9xico<\/a><\/b><\/p>\n<p class=\"p_6\">La acusaci\u00f3n penal se basar\u00eda en las im\u00e1genes que present\u00f3 el martes el Gobierno de M\u00e9xico grabadas por c\u00e1maras dentro de la embajada, donde el viernes pasado la Polic\u00eda salt\u00f3 la barda, entr\u00f3 por la fuerza, apunt\u00f3 con una pistola al jefe de Canciller\u00eda,\u00a0<b>Roberto Canseco<\/b>, y someti\u00f3 a personal diplom\u00e1tico en la calle.<\/p>\n<p class=\"p_7\">Esta denuncia ser\u00eda diferente a la demanda que present\u00f3 este jueves M\u00e9xico ante la\u00a0<b>Corte Internacional de Justicia\u00a0<\/b>(CIJ), en la que exige suspender a Ecuador de las Naciones Unidas hasta que ofrezca una disculpa p\u00fablica por el asalto del viernes pasado.<\/p>\n<p class=\"p_8\">Aunque el presidente mexicano, Andr\u00e9s Manuel L\u00f3pez Obrador, afirm\u00f3 que la orden de asaltar la Embajada vino de forma directa del mandatario Daniel Noboa, la canciller coment\u00f3 que \u00abla poblaci\u00f3n de Ecuador, su propio pueblo, tendr\u00e1 que definir cu\u00e1l es el futuro pol\u00edtico de Noboa internamente\u00bb.<\/p>\n<p class=\"p_9\">\u00ab\u00bfQu\u00e9 consecuencias puede traer esto? Varias, en primer lugar el\u00a0<b>rechazo flagrante<\/b>\u00a0de todos los pa\u00edses, pr\u00e1cticamente de la comunidad internacional, no ha habido un solo pa\u00eds que se haya pronunciado en contra de lo que M\u00e9xico est\u00e1 acusando\u00bb, concluy\u00f3 B\u00e1rcena.<\/p>\n<p class=\"p_10\">Este incidente pone en evidencia las tensiones crecientes entre M\u00e9xico y Ecuador.<\/p>\n<p><strong>Fuente: Vistazo.<\/strong><\/p>\n","protected":false},"excerpt":{"rendered":"<p>En una reciente declaraci\u00f3n, la secretaria de Relaciones Exteriores de M\u00e9xico,\u00a0Alicia B\u00e1rcena, anunci\u00f3 la suspensi\u00f3n de las negociaciones del tratado de libre comercio con Ecuador, que es crucial para ingresar a la Alianza del Pac\u00edfico, un bloque comercial que incluye a Colombia, Chile y Per\u00fa. \u00abNosotros\u00a0s\u00ed hemos suspendido\u00a0las relaciones comerciales con Ecuador, en el sentido que est\u00e1bamos negociando un tratado de libre comercio y esas conversaciones se han suspendido\u00bb, inform\u00f3 B\u00e1rcena. Estas declaraciones contradicen las afirmaciones recientes de Sonsoles Garc\u00eda, ministra de Producci\u00f3n de Ecuador, quien asegur\u00f3 que no hab\u00eda recibido comunicaci\u00f3n oficial de M\u00e9xico sobre esta suspensi\u00f3n. Los hechos reflejan un\u00a0escalamiento\u00a0del conflicto entre M\u00e9xico y Ecuador tras el allanamiento de la sede diplom\u00e1tica mexicana en Quito, donde las autoridades ingresaron para llevarse por la fuerza al exvicepresidente Jorge Glas, acusado de corrupci\u00f3n, lo que deriv\u00f3 en la ruptura de relaciones diplom\u00e1ticas. \u00abHemos iniciado, todav\u00eda no hemos concluido el an\u00e1lisis, la posibilidad incluso de una acusaci\u00f3n de tipo penal, en el sentido que la violaci\u00f3n fue de tal\u00a0magnitud, por un lado al inmueble, sin duda, pero tambi\u00e9n a las personas, y creo que esto es un tema que s\u00ed se debe explorar y eso es exactamente lo que estamos haciendo\u201d, declar\u00f3 B\u00e1rcena en la conferencia matutina del Gobierno. Lea tambi\u00e9n:\u00a0ONU dice que eventual expulsi\u00f3n de Ecuador depende de los Estados miembros, tras pedido de M\u00e9xico La acusaci\u00f3n penal se basar\u00eda en las im\u00e1genes que present\u00f3 el martes el Gobierno de M\u00e9xico grabadas por c\u00e1maras dentro de la embajada, donde el viernes pasado la Polic\u00eda salt\u00f3 la barda, entr\u00f3 por la fuerza, apunt\u00f3 con una pistola al jefe de Canciller\u00eda,\u00a0Roberto Canseco, y someti\u00f3 a personal diplom\u00e1tico en la calle. Esta denuncia ser\u00eda diferente a la demanda que present\u00f3 este jueves M\u00e9xico ante la\u00a0Corte Internacional de Justicia\u00a0(CIJ), en la que exige suspender a Ecuador de las Naciones Unidas hasta que ofrezca una disculpa p\u00fablica por el asalto del viernes pasado. Aunque el presidente mexicano, Andr\u00e9s Manuel L\u00f3pez Obrador, afirm\u00f3 que la orden de asaltar la Embajada vino de forma directa del mandatario Daniel Noboa, la canciller coment\u00f3 que \u00abla poblaci\u00f3n de Ecuador, su propio pueblo, tendr\u00e1 que definir cu\u00e1l es el futuro pol\u00edtico de Noboa internamente\u00bb. \u00ab\u00bfQu\u00e9 consecuencias puede traer esto? Varias, en primer lugar el\u00a0rechazo flagrante\u00a0de todos los pa\u00edses, pr\u00e1cticamente de la comunidad internacional, no ha habido un solo pa\u00eds que se haya pronunciado en contra de lo que M\u00e9xico est\u00e1 acusando\u00bb, concluy\u00f3 B\u00e1rcena. Este incidente pone en evidencia las tensiones crecientes entre M\u00e9xico y Ecuador. Fuente: Vistazo.<\/p>\n","protected":false},"author":1,"featured_media":15062,"comment_status":"open","ping_status":"open","sticky":false,"template":"","format":"standard","meta":{"footnotes":""},"categories":[5],"tags":[],"class_list":["post-15061","post","type-post","status-publish","format-standard","has-post-thumbnail","hentry","category-internacionales"],"_links":{"self":[{"href":"https:\/\/www.elamazonico.com\/portal\/wp-json\/wp\/v2\/posts\/15061","targetHints":{"allow":["GET"]}}],"collection":[{"href":"https:\/\/www.elamazonico.com\/portal\/wp-json\/wp\/v2\/posts"}],"about":[{"href":"https:\/\/www.elamazonico.com\/portal\/wp-json\/wp\/v2\/types\/post"}],"author":[{"embeddable":true,"href":"https:\/\/www.elamazonico.com\/portal\/wp-json\/wp\/v2\/users\/1"}],"replies":[{"embeddable":true,"href":"https:\/\/www.elamazonico.com\/portal\/wp-json\/wp\/v2\/comments?post=15061"}],"version-history":[{"count":1,"href":"https:\/\/www.elamazonico.com\/portal\/wp-json\/wp\/v2\/posts\/15061\/revisions"}],"predecessor-version":[{"id":15063,"href":"https:\/\/www.elamazonico.com\/portal\/wp-json\/wp\/v2\/posts\/15061\/revisions\/15063"}],"wp:featuredmedia":[{"embeddable":true,"href":"https:\/\/www.elamazonico.com\/portal\/wp-json\/wp\/v2\/media\/15062"}],"wp:attachment":[{"href":"https:\/\/www.elamazonico.com\/portal\/wp-json\/wp\/v2\/media?parent=15061"}],"wp:term":[{"taxonomy":"category","embeddable":true,"href":"https:\/\/www.elamazonico.com\/portal\/wp-json\/wp\/v2\/categories?post=15061"},{"taxonomy":"post_tag","embeddable":true,"href":"https:\/\/www.elamazonico.com\/portal\/wp-json\/wp\/v2\/tags?post=15061"}],"curies":[{"name":"wp","href":"https:\/\/api.w.org\/{rel}","templated":true}]}}