{"id":15024,"date":"2024-04-11T11:00:47","date_gmt":"2024-04-11T16:00:47","guid":{"rendered":"https:\/\/www.elamazonico.comportal\/?p=15024"},"modified":"2024-04-11T11:00:47","modified_gmt":"2024-04-11T16:00:47","slug":"relato-de-jorge-glas-sobre-lo-sucedido-tras-su-detencion-en-embajada-mexicana","status":"publish","type":"post","link":"https:\/\/www.elamazonico.com\/portal\/relato-de-jorge-glas-sobre-lo-sucedido-tras-su-detencion-en-embajada-mexicana\/","title":{"rendered":"Relato de Jorge Glas sobre lo sucedido tras su detenci\u00f3n en embajada mexicana"},"content":{"rendered":"<p>Un video sobre el exvicepresidente, Jorge Glas, hablando desde la c\u00e1rcel fue divulgado este mi\u00e9rcoles, 10 de abril de 2024, por su abogada Sonia Vera Garc\u00eda<\/p>\n<p>Glas mantuvo ayer una reuni\u00f3n virtual con sus abogados y en el video de 1:24 denuncia haber sido torturado por la Polic\u00eda Nacional durante su detenci\u00f3n en la Embajada de M\u00e9xico en Quito el viernes pasado.<\/p>\n<p>Vestido con una camiseta azul, el exvicemandatarui menciona que estaba \u00abtodo apaleado\u00bb cuando le leyeron sus derechos. Describe c\u00f3mo se desvaneci\u00f3 debido a la paliza que recibi\u00f3 y menciona la existencia de dos videos de su detenci\u00f3n, uno de los cuales muestra su estado despu\u00e9s de haber sido torturado.<\/p>\n<p>La abogada Vera asegura que Glas est\u00e1 en huelga de hambre, lo que habr\u00eda provocado su descompensaci\u00f3n y traslado al hospital el lunes pasado.<\/p>\n<p>Actualmente, el exvicepresidente enfrenta investigaciones en el caso Reconstrucci\u00f3n de Manab\u00ed por peculado, relacionado con la disposici\u00f3n de fondos para la reconstrucci\u00f3n de Manab\u00ed y Esmeraldas tras el terremoto de 2016, as\u00ed como una investigaci\u00f3n por intimidaci\u00f3n denunciada por su exasistente en octubre de 2023.<\/p>\n<div class=\"twitter-tweet twitter-tweet-rendered\"><iframe id=\"twitter-widget-0\" class=\"\" title=\"X Post\" src=\"https:\/\/platform.twitter.com\/embed\/Tweet.html?creatorScreenName=ecuadorenvivo&amp;dnt=false&amp;embedId=twitter-widget-0&amp;features=eyJ0ZndfdGltZWxpbmVfbGlzdCI6eyJidWNrZXQiOltdLCJ2ZXJzaW9uIjpudWxsfSwidGZ3X2ZvbGxvd2VyX2NvdW50X3N1bnNldCI6eyJidWNrZXQiOnRydWUsInZlcnNpb24iOm51bGx9LCJ0ZndfdHdlZXRfZWRpdF9iYWNrZW5kIjp7ImJ1Y2tldCI6Im9uIiwidmVyc2lvbiI6bnVsbH0sInRmd19yZWZzcmNfc2Vzc2lvbiI6eyJidWNrZXQiOiJvbiIsInZlcnNpb24iOm51bGx9LCJ0ZndfZm9zbnJfc29mdF9pbnRlcnZlbnRpb25zX2VuYWJsZWQiOnsiYnVja2V0Ijoib24iLCJ2ZXJzaW9uIjpudWxsfSwidGZ3X21peGVkX21lZGlhXzE1ODk3Ijp7ImJ1Y2tldCI6InRyZWF0bWVudCIsInZlcnNpb24iOm51bGx9LCJ0ZndfZXhwZXJpbWVudHNfY29va2llX2V4cGlyYXRpb24iOnsiYnVja2V0IjoxMjA5NjAwLCJ2ZXJzaW9uIjpudWxsfSwidGZ3X3Nob3dfYmlyZHdhdGNoX3Bpdm90c19lbmFibGVkIjp7ImJ1Y2tldCI6Im9uIiwidmVyc2lvbiI6bnVsbH0sInRmd19kdXBsaWNhdGVfc2NyaWJlc190b19zZXR0aW5ncyI6eyJidWNrZXQiOiJvbiIsInZlcnNpb24iOm51bGx9LCJ0ZndfdXNlX3Byb2ZpbGVfaW1hZ2Vfc2hhcGVfZW5hYmxlZCI6eyJidWNrZXQiOiJvbiIsInZlcnNpb24iOm51bGx9LCJ0ZndfdmlkZW9faGxzX2R5bmFtaWNfbWFuaWZlc3RzXzE1MDgyIjp7ImJ1Y2tldCI6InRydWVfYml0cmF0ZSIsInZlcnNpb24iOm51bGx9LCJ0ZndfbGVnYWN5X3RpbWVsaW5lX3N1bnNldCI6eyJidWNrZXQiOnRydWUsInZlcnNpb24iOm51bGx9LCJ0ZndfdHdlZXRfZWRpdF9mcm9udGVuZCI6eyJidWNrZXQiOiJvbiIsInZlcnNpb24iOm51bGx9fQ%3D%3D&amp;frame=false&amp;hideCard=false&amp;hideThread=false&amp;id=1778153604458725629&amp;lang=es&amp;maxWidth=560px&amp;origin=https%3A%2F%2Fecuadorenvivo.com%2Frelato-de-jorge-glas-sobre-lo-sucedido-tras-su-detencion-en-embajada-mexicana%2F&amp;sessionId=c1556d35e8475dc85d805702a238729ec2ee7fa3&amp;siteScreenName=ecuadorenvivo&amp;theme=light&amp;widgetsVersion=2615f7e52b7e0%3A1702314776716&amp;width=550px\" frameborder=\"0\" scrolling=\"no\" allowfullscreen=\"allowfullscreen\" data-tweet-id=\"1778153604458725629\" data-mce-fragment=\"1\"><\/iframe><\/div>\n<div><strong>Fuente: Ecuadorenvivo.<\/strong><\/div>\n","protected":false},"excerpt":{"rendered":"<p>Un video sobre el exvicepresidente, Jorge Glas, hablando desde la c\u00e1rcel fue divulgado este mi\u00e9rcoles, 10 de abril de 2024, por su abogada Sonia Vera Garc\u00eda Glas mantuvo ayer una reuni\u00f3n virtual con sus abogados y en el video de 1:24 denuncia haber sido torturado por la Polic\u00eda Nacional durante su detenci\u00f3n en la Embajada de M\u00e9xico en Quito el viernes pasado. Vestido con una camiseta azul, el exvicemandatarui menciona que estaba \u00abtodo apaleado\u00bb cuando le leyeron sus derechos. Describe c\u00f3mo se desvaneci\u00f3 debido a la paliza que recibi\u00f3 y menciona la existencia de dos videos de su detenci\u00f3n, uno de los cuales muestra su estado despu\u00e9s de haber sido torturado. La abogada Vera asegura que Glas est\u00e1 en huelga de hambre, lo que habr\u00eda provocado su descompensaci\u00f3n y traslado al hospital el lunes pasado. Actualmente, el exvicepresidente enfrenta investigaciones en el caso Reconstrucci\u00f3n de Manab\u00ed por peculado, relacionado con la disposici\u00f3n de fondos para la reconstrucci\u00f3n de Manab\u00ed y Esmeraldas tras el terremoto de 2016, as\u00ed como una investigaci\u00f3n por intimidaci\u00f3n denunciada por su exasistente en octubre de 2023. Fuente: Ecuadorenvivo.<\/p>\n","protected":false},"author":1,"featured_media":15025,"comment_status":"open","ping_status":"open","sticky":false,"template":"","format":"standard","meta":{"footnotes":""},"categories":[5],"tags":[],"class_list":["post-15024","post","type-post","status-publish","format-standard","has-post-thumbnail","hentry","category-internacionales"],"_links":{"self":[{"href":"https:\/\/www.elamazonico.com\/portal\/wp-json\/wp\/v2\/posts\/15024","targetHints":{"allow":["GET"]}}],"collection":[{"href":"https:\/\/www.elamazonico.com\/portal\/wp-json\/wp\/v2\/posts"}],"about":[{"href":"https:\/\/www.elamazonico.com\/portal\/wp-json\/wp\/v2\/types\/post"}],"author":[{"embeddable":true,"href":"https:\/\/www.elamazonico.com\/portal\/wp-json\/wp\/v2\/users\/1"}],"replies":[{"embeddable":true,"href":"https:\/\/www.elamazonico.com\/portal\/wp-json\/wp\/v2\/comments?post=15024"}],"version-history":[{"count":1,"href":"https:\/\/www.elamazonico.com\/portal\/wp-json\/wp\/v2\/posts\/15024\/revisions"}],"predecessor-version":[{"id":15026,"href":"https:\/\/www.elamazonico.com\/portal\/wp-json\/wp\/v2\/posts\/15024\/revisions\/15026"}],"wp:featuredmedia":[{"embeddable":true,"href":"https:\/\/www.elamazonico.com\/portal\/wp-json\/wp\/v2\/media\/15025"}],"wp:attachment":[{"href":"https:\/\/www.elamazonico.com\/portal\/wp-json\/wp\/v2\/media?parent=15024"}],"wp:term":[{"taxonomy":"category","embeddable":true,"href":"https:\/\/www.elamazonico.com\/portal\/wp-json\/wp\/v2\/categories?post=15024"},{"taxonomy":"post_tag","embeddable":true,"href":"https:\/\/www.elamazonico.com\/portal\/wp-json\/wp\/v2\/tags?post=15024"}],"curies":[{"name":"wp","href":"https:\/\/api.w.org\/{rel}","templated":true}]}}