{"id":15021,"date":"2024-04-11T10:46:31","date_gmt":"2024-04-11T15:46:31","guid":{"rendered":"https:\/\/www.elamazonico.comportal\/?p=15021"},"modified":"2024-04-11T10:46:31","modified_gmt":"2024-04-11T15:46:31","slug":"mexico-pide-ante-la-corte-internacional-que-se-suspenda-a-ecuador-de-la-onu","status":"publish","type":"post","link":"https:\/\/www.elamazonico.com\/portal\/mexico-pide-ante-la-corte-internacional-que-se-suspenda-a-ecuador-de-la-onu\/","title":{"rendered":"M\u00e9xico pide ante la Corte Internacional que se suspenda a Ecuador de la ONU"},"content":{"rendered":"<div class=\"lead destacado\">El Gobierno mexicano pidi\u00f3 suspender a Ecuador de la ONU por el asalto a su Embajada en Quito en la denuncia que present\u00f3 ante la Corte Internacional de Justicia (CIJ) este jueves.<\/div>\n<div class=\"paragraph texto\">\n<p class=\"p_0\">En la querella, M\u00e9xico exige \u201c<b>la suspensi\u00f3n de Ecuador como integrante de la Organizaci\u00f3n de las Naciones Unidas en tanto no se emita una disculpa p\u00fablica<\/b>, reconociendo las violaciones a los principios y normas fundamentales del derecho internacional\u201d, se\u00f1al\u00f3 la canciller mexicana, Alicia B\u00e1rcena, en una conferencia.<\/p>\n<p class=\"p_1\">Adem\u00e1s, en la denuncia se pide juzgar y declarar que\u00a0<b>\u201cEcuador es responsable del da\u00f1o que caus\u00f3 a M\u00e9xico\u201d<\/b>.<\/p>\n<p>B\u00e1rcena tambi\u00e9n record\u00f3 que, en caso de una violaci\u00f3n de los principios de la carta de las Naciones Unidas similar a la cometida por Ecuador, la Corte Internacional de Justicia es el \u00f3rgano adecuado para determinar la responsabilidad de un Estado a fin de iniciar el proceso de expulsi\u00f3n en virtual del art\u00edculo 6 de dicha carta de las Naciones Unidas.<\/p>\n<div class=\"paragraph texto\">\n<p class=\"p_3\">M\u00e9xico<b>\u00a0quiere establecer un precedente<\/b>\u00a0para que cualquier pa\u00eds que act\u00fae como Ecuador sea expulsado definitivamente de la ONU.<\/p>\n<p class=\"p_4\">La funcionaria agreg\u00f3 que el tribunal internacional de justicia podr\u00e1 presentar la expulsi\u00f3n del Estado\u00a0<b>\u201cde manera r\u00e1pida y expedita ante el Consejo de Seguridad de la ONU evitando el veto de sus miembros\u201d<\/b>.<\/p>\n<p class=\"p_5\">Previamente, la<b>\u00a0Organizaci\u00f3n de los Estados Americanos (OEA)<\/b>\u00a0hab\u00eda condenado la incursi\u00f3n de la Polic\u00eda ecuatoriana en la Embajada mexicana en Quito.<\/p>\n<p class=\"p_6\"><b>Revise:\u00a0<a href=\"https:\/\/www.vistazo.com\/politica\/internacional\/crisis-entre-ecuador-y-mexico-estas-son-las-10-resoluciones-de-la-oea-DD7137104\">Crisis entre Ecuador y M\u00e9xico: estas son las 10 resoluciones de la OEA<\/a><\/b><\/p>\n<\/div>\n<div class=\"art-twitter twitter_text\">\n<div class=\"twitter-content\">\n<div class=\"twitter-tweet twitter-tweet-rendered\"><iframe id=\"twitter-widget-0\" class=\"\" title=\"X Post\" src=\"https:\/\/platform.twitter.com\/embed\/Tweet.html?dnt=false&amp;embedId=twitter-widget-0&amp;features=eyJ0ZndfdGltZWxpbmVfbGlzdCI6eyJidWNrZXQiOltdLCJ2ZXJzaW9uIjpudWxsfSwidGZ3X2ZvbGxvd2VyX2NvdW50X3N1bnNldCI6eyJidWNrZXQiOnRydWUsInZlcnNpb24iOm51bGx9LCJ0ZndfdHdlZXRfZWRpdF9iYWNrZW5kIjp7ImJ1Y2tldCI6Im9uIiwidmVyc2lvbiI6bnVsbH0sInRmd19yZWZzcmNfc2Vzc2lvbiI6eyJidWNrZXQiOiJvbiIsInZlcnNpb24iOm51bGx9LCJ0ZndfZm9zbnJfc29mdF9pbnRlcnZlbnRpb25zX2VuYWJsZWQiOnsiYnVja2V0Ijoib24iLCJ2ZXJzaW9uIjpudWxsfSwidGZ3X21peGVkX21lZGlhXzE1ODk3Ijp7ImJ1Y2tldCI6InRyZWF0bWVudCIsInZlcnNpb24iOm51bGx9LCJ0ZndfZXhwZXJpbWVudHNfY29va2llX2V4cGlyYXRpb24iOnsiYnVja2V0IjoxMjA5NjAwLCJ2ZXJzaW9uIjpudWxsfSwidGZ3X3Nob3dfYmlyZHdhdGNoX3Bpdm90c19lbmFibGVkIjp7ImJ1Y2tldCI6Im9uIiwidmVyc2lvbiI6bnVsbH0sInRmd19kdXBsaWNhdGVfc2NyaWJlc190b19zZXR0aW5ncyI6eyJidWNrZXQiOiJvbiIsInZlcnNpb24iOm51bGx9LCJ0ZndfdXNlX3Byb2ZpbGVfaW1hZ2Vfc2hhcGVfZW5hYmxlZCI6eyJidWNrZXQiOiJvbiIsInZlcnNpb24iOm51bGx9LCJ0ZndfdmlkZW9faGxzX2R5bmFtaWNfbWFuaWZlc3RzXzE1MDgyIjp7ImJ1Y2tldCI6InRydWVfYml0cmF0ZSIsInZlcnNpb24iOm51bGx9LCJ0ZndfbGVnYWN5X3RpbWVsaW5lX3N1bnNldCI6eyJidWNrZXQiOnRydWUsInZlcnNpb24iOm51bGx9LCJ0ZndfdHdlZXRfZWRpdF9mcm9udGVuZCI6eyJidWNrZXQiOiJvbiIsInZlcnNpb24iOm51bGx9fQ%3D%3D&amp;frame=false&amp;hideCard=false&amp;hideThread=false&amp;id=1778421733965299864&amp;lang=es&amp;origin=https%3A%2F%2Fwww.vistazo.com%2Fpolitica%2Finternacional%2Fmexico-pide-ante-la-corte-internacional-que-se-suspenda-a-ecuador-de-la-onu-EF7142521&amp;sessionId=4455cc6bbc2287ae6c161d0cdf5d6e4d5afbf318&amp;theme=light&amp;widgetsVersion=2615f7e52b7e0%3A1702314776716&amp;width=550px\" frameborder=\"0\" scrolling=\"no\" allowfullscreen=\"allowfullscreen\" data-tweet-id=\"1778421733965299864\" data-mce-fragment=\"1\"><\/iframe><\/div>\n<\/div>\n<\/div>\n<div class=\"paragraph texto\">\n<p class=\"p_7\">La resoluci\u00f3n, presentada ante el Consejo Permanente de la OEA por la delegaci\u00f3n de Colombia, fue aprobada con el voto favorable de la gran mayor\u00eda de pa\u00edses y el \u00fanico voto en contra de Ecuador.<\/p>\n<p class=\"p_8\">El documento resuelve \u201c<b>condenar en\u00e9rgicamente la intrusi\u00f3n en las instalaciones de la Embajada de M\u00e9xico en el Ecuador<\/b>\u00a0y los actos de violencia ejercidos en contra de la integridad y la dignidad del personal diplom\u00e1tico de la misi\u00f3n\u201d.<\/p>\n<p class=\"p_9\">Tambi\u00e9n llam\u00f3 a todas las naciones a \u201crespetar\u201d la Convenci\u00f3n de Viena sobre Relaciones Diplom\u00e1ticas, asegurar \u201cla inviolabilidad de las sedes y su personal\u201d, entre otras resoluciones.<\/p>\n<p class=\"p_10\">La ministra de Relaciones Exteriores de Ecuador, Gabriela Sommerfeld, calific\u00f3 de<b>\u00a0\u201cjusta\u201d la resoluci\u00f3n, pero aclar\u00f3 que \u201cvamos a hacer respetar tambi\u00e9n nuestra versi\u00f3n de los hechos\u201d<\/b>.<\/p>\n<\/div>\n<div class=\"art-twitter twitter_text\">\n<div class=\"twitter-content\">\n<div class=\"twitter-tweet twitter-tweet-rendered\"><iframe id=\"twitter-widget-1\" class=\"\" title=\"X Post\" src=\"https:\/\/platform.twitter.com\/embed\/Tweet.html?dnt=false&amp;embedId=twitter-widget-1&amp;features=eyJ0ZndfdGltZWxpbmVfbGlzdCI6eyJidWNrZXQiOltdLCJ2ZXJzaW9uIjpudWxsfSwidGZ3X2ZvbGxvd2VyX2NvdW50X3N1bnNldCI6eyJidWNrZXQiOnRydWUsInZlcnNpb24iOm51bGx9LCJ0ZndfdHdlZXRfZWRpdF9iYWNrZW5kIjp7ImJ1Y2tldCI6Im9uIiwidmVyc2lvbiI6bnVsbH0sInRmd19yZWZzcmNfc2Vzc2lvbiI6eyJidWNrZXQiOiJvbiIsInZlcnNpb24iOm51bGx9LCJ0ZndfZm9zbnJfc29mdF9pbnRlcnZlbnRpb25zX2VuYWJsZWQiOnsiYnVja2V0Ijoib24iLCJ2ZXJzaW9uIjpudWxsfSwidGZ3X21peGVkX21lZGlhXzE1ODk3Ijp7ImJ1Y2tldCI6InRyZWF0bWVudCIsInZlcnNpb24iOm51bGx9LCJ0ZndfZXhwZXJpbWVudHNfY29va2llX2V4cGlyYXRpb24iOnsiYnVja2V0IjoxMjA5NjAwLCJ2ZXJzaW9uIjpudWxsfSwidGZ3X3Nob3dfYmlyZHdhdGNoX3Bpdm90c19lbmFibGVkIjp7ImJ1Y2tldCI6Im9uIiwidmVyc2lvbiI6bnVsbH0sInRmd19kdXBsaWNhdGVfc2NyaWJlc190b19zZXR0aW5ncyI6eyJidWNrZXQiOiJvbiIsInZlcnNpb24iOm51bGx9LCJ0ZndfdXNlX3Byb2ZpbGVfaW1hZ2Vfc2hhcGVfZW5hYmxlZCI6eyJidWNrZXQiOiJvbiIsInZlcnNpb24iOm51bGx9LCJ0ZndfdmlkZW9faGxzX2R5bmFtaWNfbWFuaWZlc3RzXzE1MDgyIjp7ImJ1Y2tldCI6InRydWVfYml0cmF0ZSIsInZlcnNpb24iOm51bGx9LCJ0ZndfbGVnYWN5X3RpbWVsaW5lX3N1bnNldCI6eyJidWNrZXQiOnRydWUsInZlcnNpb24iOm51bGx9LCJ0ZndfdHdlZXRfZWRpdF9mcm9udGVuZCI6eyJidWNrZXQiOiJvbiIsInZlcnNpb24iOm51bGx9fQ%3D%3D&amp;frame=false&amp;hideCard=false&amp;hideThread=false&amp;id=1778122106527490487&amp;lang=es&amp;origin=https%3A%2F%2Fwww.vistazo.com%2Fpolitica%2Finternacional%2Fmexico-pide-ante-la-corte-internacional-que-se-suspenda-a-ecuador-de-la-onu-EF7142521&amp;sessionId=4455cc6bbc2287ae6c161d0cdf5d6e4d5afbf318&amp;theme=light&amp;widgetsVersion=2615f7e52b7e0%3A1702314776716&amp;width=550px\" frameborder=\"0\" scrolling=\"no\" allowfullscreen=\"allowfullscreen\" data-tweet-id=\"1778122106527490487\" data-mce-fragment=\"1\"><\/iframe><\/div>\n<div><strong>Fuente: Vistazo.<\/strong><\/div>\n<\/div>\n<\/div>\n<\/div>\n","protected":false},"excerpt":{"rendered":"<p>El Gobierno mexicano pidi\u00f3 suspender a Ecuador de la ONU por el asalto a su Embajada en Quito en la denuncia que present\u00f3 ante la Corte Internacional de Justicia (CIJ) este jueves. En la querella, M\u00e9xico exige \u201cla suspensi\u00f3n de Ecuador como integrante de la Organizaci\u00f3n de las Naciones Unidas en tanto no se emita una disculpa p\u00fablica, reconociendo las violaciones a los principios y normas fundamentales del derecho internacional\u201d, se\u00f1al\u00f3 la canciller mexicana, Alicia B\u00e1rcena, en una conferencia. Adem\u00e1s, en la denuncia se pide juzgar y declarar que\u00a0\u201cEcuador es responsable del da\u00f1o que caus\u00f3 a M\u00e9xico\u201d. B\u00e1rcena tambi\u00e9n record\u00f3 que, en caso de una violaci\u00f3n de los principios de la carta de las Naciones Unidas similar a la cometida por Ecuador, la Corte Internacional de Justicia es el \u00f3rgano adecuado para determinar la responsabilidad de un Estado a fin de iniciar el proceso de expulsi\u00f3n en virtual del art\u00edculo 6 de dicha carta de las Naciones Unidas. M\u00e9xico\u00a0quiere establecer un precedente\u00a0para que cualquier pa\u00eds que act\u00fae como Ecuador sea expulsado definitivamente de la ONU. La funcionaria agreg\u00f3 que el tribunal internacional de justicia podr\u00e1 presentar la expulsi\u00f3n del Estado\u00a0\u201cde manera r\u00e1pida y expedita ante el Consejo de Seguridad de la ONU evitando el veto de sus miembros\u201d. Previamente, la\u00a0Organizaci\u00f3n de los Estados Americanos (OEA)\u00a0hab\u00eda condenado la incursi\u00f3n de la Polic\u00eda ecuatoriana en la Embajada mexicana en Quito. Revise:\u00a0Crisis entre Ecuador y M\u00e9xico: estas son las 10 resoluciones de la OEA La resoluci\u00f3n, presentada ante el Consejo Permanente de la OEA por la delegaci\u00f3n de Colombia, fue aprobada con el voto favorable de la gran mayor\u00eda de pa\u00edses y el \u00fanico voto en contra de Ecuador. El documento resuelve \u201ccondenar en\u00e9rgicamente la intrusi\u00f3n en las instalaciones de la Embajada de M\u00e9xico en el Ecuador\u00a0y los actos de violencia ejercidos en contra de la integridad y la dignidad del personal diplom\u00e1tico de la misi\u00f3n\u201d. Tambi\u00e9n llam\u00f3 a todas las naciones a \u201crespetar\u201d la Convenci\u00f3n de Viena sobre Relaciones Diplom\u00e1ticas, asegurar \u201cla inviolabilidad de las sedes y su personal\u201d, entre otras resoluciones. La ministra de Relaciones Exteriores de Ecuador, Gabriela Sommerfeld, calific\u00f3 de\u00a0\u201cjusta\u201d la resoluci\u00f3n, pero aclar\u00f3 que \u201cvamos a hacer respetar tambi\u00e9n nuestra versi\u00f3n de los hechos\u201d. Fuente: Vistazo.<\/p>\n","protected":false},"author":1,"featured_media":15022,"comment_status":"open","ping_status":"open","sticky":false,"template":"","format":"standard","meta":{"footnotes":""},"categories":[5],"tags":[],"class_list":["post-15021","post","type-post","status-publish","format-standard","has-post-thumbnail","hentry","category-internacionales"],"_links":{"self":[{"href":"https:\/\/www.elamazonico.com\/portal\/wp-json\/wp\/v2\/posts\/15021","targetHints":{"allow":["GET"]}}],"collection":[{"href":"https:\/\/www.elamazonico.com\/portal\/wp-json\/wp\/v2\/posts"}],"about":[{"href":"https:\/\/www.elamazonico.com\/portal\/wp-json\/wp\/v2\/types\/post"}],"author":[{"embeddable":true,"href":"https:\/\/www.elamazonico.com\/portal\/wp-json\/wp\/v2\/users\/1"}],"replies":[{"embeddable":true,"href":"https:\/\/www.elamazonico.com\/portal\/wp-json\/wp\/v2\/comments?post=15021"}],"version-history":[{"count":1,"href":"https:\/\/www.elamazonico.com\/portal\/wp-json\/wp\/v2\/posts\/15021\/revisions"}],"predecessor-version":[{"id":15023,"href":"https:\/\/www.elamazonico.com\/portal\/wp-json\/wp\/v2\/posts\/15021\/revisions\/15023"}],"wp:featuredmedia":[{"embeddable":true,"href":"https:\/\/www.elamazonico.com\/portal\/wp-json\/wp\/v2\/media\/15022"}],"wp:attachment":[{"href":"https:\/\/www.elamazonico.com\/portal\/wp-json\/wp\/v2\/media?parent=15021"}],"wp:term":[{"taxonomy":"category","embeddable":true,"href":"https:\/\/www.elamazonico.com\/portal\/wp-json\/wp\/v2\/categories?post=15021"},{"taxonomy":"post_tag","embeddable":true,"href":"https:\/\/www.elamazonico.com\/portal\/wp-json\/wp\/v2\/tags?post=15021"}],"curies":[{"name":"wp","href":"https:\/\/api.w.org\/{rel}","templated":true}]}}