{"id":14971,"date":"2024-04-10T11:26:42","date_gmt":"2024-04-10T16:26:42","guid":{"rendered":"https:\/\/www.elamazonico.comportal\/?p=14971"},"modified":"2024-04-10T11:26:42","modified_gmt":"2024-04-10T16:26:42","slug":"oea-condena-energicamente-el-asalto-de-ecuador-a-la-embajada-mexicana-en-quito","status":"publish","type":"post","link":"https:\/\/www.elamazonico.com\/portal\/oea-condena-energicamente-el-asalto-de-ecuador-a-la-embajada-mexicana-en-quito\/","title":{"rendered":"OEA \u00abcondena en\u00e9rgicamente\u00bb el asalto de Ecuador a la embajada mexicana en Quito"},"content":{"rendered":"<div class=\"lead destacado\">La Organizaci\u00f3n de los Estados Americanos (OEA) arrop\u00f3 este mi\u00e9rcoles a M\u00e9xico y aprob\u00f3 una resoluci\u00f3n que condena \u00aben\u00e9rgicamente\u00bb la incursi\u00f3n de la Polic\u00eda ecuatoriana en la embajada mexicana en Quito.<\/div>\n<div class=\"paragraph texto\">\n<p class=\"p_0\">La resoluci\u00f3n, presentada ante el Consejo Permanente de la OEA por la delegaci\u00f3n de Colombia, fue<b>\u00a0aprobada con el voto favorable de la gran mayor\u00eda de pa\u00edses\u00a0<\/b>y el \u00fanico voto en contra de Ecuador.<\/p>\n<p class=\"p_1\">La delegaci\u00f3n de M\u00e9xico no se present\u00f3 a la sesi\u00f3n, mientras que<b>\u00a0El Salvador se abstuvo en la votaci\u00f3n<\/b>.<\/p>\n<p class=\"p_2\">La resoluci\u00f3n resuelve\u00a0<b>\u00abcondenar en\u00e9rgicamente la intrusi\u00f3n en las instalaciones de la Embajada de M\u00e9xico en el Ecuador<\/b>\u00a0y los actos de violencia ejercidos en contra de la integridad y la dignidad del personal diplom\u00e1tico de la misi\u00f3n\u00bb.<\/p>\n<p class=\"p_3\">El documento reafirma \u00abla obligaci\u00f3n de todos los Estados de velar por el respeto de los privilegios e inmunidades de las misiones diplom\u00e1ticas\u00bb y hace un llamado a\u00a0<b>respetar la Convenci\u00f3n de Viena sobre Relaciones Diplom\u00e1ticas<\/b>, que establece que las embajadas son inviolables.<\/p>\n<p class=\"p_4\">Los hechos ocurrieron el pasado viernes por la noche, cuando, por orden del presidente ecuatoriano,\u00a0<b>Daniel Noboa<\/b>, la Polic\u00eda del pa\u00eds irrumpi\u00f3 en la embajada mexicana para arrestar a Jorge Glas, exvicepresidente de Rafael Correa\u00a0<b>procesado por corrupci\u00f3n<\/b>\u00a0y quien hab\u00eda pedido asilo pol\u00edtico a M\u00e9xico.<\/p>\n<p class=\"p_5\"><b>Lea tambi\u00e9n:\u00a0<a href=\"https:\/\/www.vistazo.com\/politica\/internacional\/ecuador-se-defiende-ante-la-oea-y-acusa-a-mexico-de-promover-la-impunidad-de-jorge-glas-KA7130581\">Ecuador se defiende ante la OEA y acusa a M\u00e9xico de promover la impunidad de Jorge Glas<\/a><\/b><\/p>\n<div class=\"art-twitter twitter_text\">\n<div class=\"twitter-content\">\n<div class=\"twitter-tweet twitter-tweet-rendered\"><iframe id=\"twitter-widget-0\" class=\"\" title=\"X Post\" src=\"https:\/\/platform.twitter.com\/embed\/Tweet.html?dnt=false&amp;embedId=twitter-widget-0&amp;features=eyJ0ZndfdGltZWxpbmVfbGlzdCI6eyJidWNrZXQiOltdLCJ2ZXJzaW9uIjpudWxsfSwidGZ3X2ZvbGxvd2VyX2NvdW50X3N1bnNldCI6eyJidWNrZXQiOnRydWUsInZlcnNpb24iOm51bGx9LCJ0ZndfdHdlZXRfZWRpdF9iYWNrZW5kIjp7ImJ1Y2tldCI6Im9uIiwidmVyc2lvbiI6bnVsbH0sInRmd19yZWZzcmNfc2Vzc2lvbiI6eyJidWNrZXQiOiJvbiIsInZlcnNpb24iOm51bGx9LCJ0ZndfZm9zbnJfc29mdF9pbnRlcnZlbnRpb25zX2VuYWJsZWQiOnsiYnVja2V0Ijoib24iLCJ2ZXJzaW9uIjpudWxsfSwidGZ3X21peGVkX21lZGlhXzE1ODk3Ijp7ImJ1Y2tldCI6InRyZWF0bWVudCIsInZlcnNpb24iOm51bGx9LCJ0ZndfZXhwZXJpbWVudHNfY29va2llX2V4cGlyYXRpb24iOnsiYnVja2V0IjoxMjA5NjAwLCJ2ZXJzaW9uIjpudWxsfSwidGZ3X3Nob3dfYmlyZHdhdGNoX3Bpdm90c19lbmFibGVkIjp7ImJ1Y2tldCI6Im9uIiwidmVyc2lvbiI6bnVsbH0sInRmd19kdXBsaWNhdGVfc2NyaWJlc190b19zZXR0aW5ncyI6eyJidWNrZXQiOiJvbiIsInZlcnNpb24iOm51bGx9LCJ0ZndfdXNlX3Byb2ZpbGVfaW1hZ2Vfc2hhcGVfZW5hYmxlZCI6eyJidWNrZXQiOiJvbiIsInZlcnNpb24iOm51bGx9LCJ0ZndfdmlkZW9faGxzX2R5bmFtaWNfbWFuaWZlc3RzXzE1MDgyIjp7ImJ1Y2tldCI6InRydWVfYml0cmF0ZSIsInZlcnNpb24iOm51bGx9LCJ0ZndfbGVnYWN5X3RpbWVsaW5lX3N1bnNldCI6eyJidWNrZXQiOnRydWUsInZlcnNpb24iOm51bGx9LCJ0ZndfdHdlZXRfZWRpdF9mcm9udGVuZCI6eyJidWNrZXQiOiJvbiIsInZlcnNpb24iOm51bGx9fQ%3D%3D&amp;frame=false&amp;hideCard=false&amp;hideThread=false&amp;id=1778085198497767537&amp;lang=es&amp;origin=https%3A%2F%2Fwww.vistazo.com%2Fpolitica%2Finternacional%2Foea-condena-energicamente-el-asalto-de-ecuador-a-la-embajada-mexicana-en-quito-XE7134415&amp;sessionId=cbe3ef336dddc8d8d292ff4e632146447cb2936c&amp;theme=light&amp;widgetsVersion=2615f7e52b7e0%3A1702314776716&amp;width=550px\" frameborder=\"0\" scrolling=\"no\" allowfullscreen=\"allowfullscreen\" data-tweet-id=\"1778085198497767537\" data-mce-fragment=\"1\"><\/iframe><\/div>\n<\/div>\n<\/div>\n<div class=\"paragraph texto\">\n<p class=\"p_6\">Las<a href=\"https:\/\/www.vistazo.com\/politica\/internacional\/video-mexico-revela-imagenes-de-la-irrupcion-armada-en-la-embajada-en-quito-para-sacar-a-jorge-glas-ND7126870\">\u00a0im\u00e1genes de las c\u00e1maras de seguridad<\/a>, que fueron proyectadas en la sesi\u00f3n de la OEA, muestran c\u00f3mo los polic\u00edas apuntaron con armas y\u00a0<b>sometieron en el suelo a Roberto Canseco<\/b>, encargado de la misi\u00f3n diplom\u00e1tica, mientras se llevaban a Glas.<\/p>\n<p class=\"p_7\">Tras ese episodio, el presidente mexicano,\u00a0<b>Andr\u00e9s Manuel L\u00f3pez Obrador<\/b>,\u00a0<a href=\"https:\/\/www.vistazo.com\/politica\/nacional\/mexico-suspende-relaciones-diplomaticas-con-ecuador-tras-incursion-en-embajada-JD7115579\">rompi\u00f3 relaciones diplom\u00e1ticas con Ecuador<\/a>, que justifica sus acciones acusando a M\u00e9xico de haber\u00a0<b>vulnerado los tratados internacionales de asilo al refugiar a una persona procesada por corrupci\u00f3n<\/b>.<\/p>\n<div class=\"paragraph texto\">\n<p class=\"p_8\">La resoluci\u00f3n aprobada en la OEA reafirma tambi\u00e9n \u00abla obligaci\u00f3n\u00bb que tienen los Estados de<b>\u00a0\u00abrespetar en su integridad\u00bb las disposiciones de la Convenci\u00f3n de Asilo Diplom\u00e1tico de 1954\u00a0<\/b>y recuerda que los diplom\u00e1ticos est\u00e1n obligados \u00aba no inmiscuirse en los asuntos internos\u00bb del Estado receptor.<\/p>\n<p class=\"p_9\">Asimismo, el documento exhorta a Ecuador y M\u00e9xico a que\u00a0<b>\u00abinicien un di\u00e1logo y tomen acciones inmediatas para resolver este grave asunto de manera constructiva\u00bb<\/b>.<\/p>\n<p class=\"p_10\">La sesi\u00f3n de este mi\u00e9rcoles, convocada a petici\u00f3n de Colombia y Bolivia, dos gobiernos aliados de M\u00e9xico, es la segunda de esta semana tras la del martes, que fue convocada por Ecuador para justificar sus acciones.<\/p>\n<\/div>\n<div class=\"art-twitter twitter_text\">\n<div class=\"twitter-content\">\n<div class=\"twitter-tweet twitter-tweet-rendered\"><iframe id=\"twitter-widget-1\" class=\"\" title=\"X Post\" src=\"https:\/\/platform.twitter.com\/embed\/Tweet.html?dnt=false&amp;embedId=twitter-widget-1&amp;features=eyJ0ZndfdGltZWxpbmVfbGlzdCI6eyJidWNrZXQiOltdLCJ2ZXJzaW9uIjpudWxsfSwidGZ3X2ZvbGxvd2VyX2NvdW50X3N1bnNldCI6eyJidWNrZXQiOnRydWUsInZlcnNpb24iOm51bGx9LCJ0ZndfdHdlZXRfZWRpdF9iYWNrZW5kIjp7ImJ1Y2tldCI6Im9uIiwidmVyc2lvbiI6bnVsbH0sInRmd19yZWZzcmNfc2Vzc2lvbiI6eyJidWNrZXQiOiJvbiIsInZlcnNpb24iOm51bGx9LCJ0ZndfZm9zbnJfc29mdF9pbnRlcnZlbnRpb25zX2VuYWJsZWQiOnsiYnVja2V0Ijoib24iLCJ2ZXJzaW9uIjpudWxsfSwidGZ3X21peGVkX21lZGlhXzE1ODk3Ijp7ImJ1Y2tldCI6InRyZWF0bWVudCIsInZlcnNpb24iOm51bGx9LCJ0ZndfZXhwZXJpbWVudHNfY29va2llX2V4cGlyYXRpb24iOnsiYnVja2V0IjoxMjA5NjAwLCJ2ZXJzaW9uIjpudWxsfSwidGZ3X3Nob3dfYmlyZHdhdGNoX3Bpdm90c19lbmFibGVkIjp7ImJ1Y2tldCI6Im9uIiwidmVyc2lvbiI6bnVsbH0sInRmd19kdXBsaWNhdGVfc2NyaWJlc190b19zZXR0aW5ncyI6eyJidWNrZXQiOiJvbiIsInZlcnNpb24iOm51bGx9LCJ0ZndfdXNlX3Byb2ZpbGVfaW1hZ2Vfc2hhcGVfZW5hYmxlZCI6eyJidWNrZXQiOiJvbiIsInZlcnNpb24iOm51bGx9LCJ0ZndfdmlkZW9faGxzX2R5bmFtaWNfbWFuaWZlc3RzXzE1MDgyIjp7ImJ1Y2tldCI6InRydWVfYml0cmF0ZSIsInZlcnNpb24iOm51bGx9LCJ0ZndfbGVnYWN5X3RpbWVsaW5lX3N1bnNldCI6eyJidWNrZXQiOnRydWUsInZlcnNpb24iOm51bGx9LCJ0ZndfdHdlZXRfZWRpdF9mcm9udGVuZCI6eyJidWNrZXQiOiJvbiIsInZlcnNpb24iOm51bGx9fQ%3D%3D&amp;frame=false&amp;hideCard=false&amp;hideThread=false&amp;id=1778082083274961357&amp;lang=es&amp;origin=https%3A%2F%2Fwww.vistazo.com%2Fpolitica%2Finternacional%2Foea-condena-energicamente-el-asalto-de-ecuador-a-la-embajada-mexicana-en-quito-XE7134415&amp;sessionId=cbe3ef336dddc8d8d292ff4e632146447cb2936c&amp;theme=light&amp;widgetsVersion=2615f7e52b7e0%3A1702314776716&amp;width=550px\" frameborder=\"0\" scrolling=\"no\" allowfullscreen=\"allowfullscreen\" data-tweet-id=\"1778082083274961357\" data-mce-fragment=\"1\"><\/iframe><\/div>\n<div><strong>Fuente: Vistazo.<\/strong><\/div>\n<\/div>\n<\/div>\n<\/div>\n<\/div>\n","protected":false},"excerpt":{"rendered":"<p>La Organizaci\u00f3n de los Estados Americanos (OEA) arrop\u00f3 este mi\u00e9rcoles a M\u00e9xico y aprob\u00f3 una resoluci\u00f3n que condena \u00aben\u00e9rgicamente\u00bb la incursi\u00f3n de la Polic\u00eda ecuatoriana en la embajada mexicana en Quito. La resoluci\u00f3n, presentada ante el Consejo Permanente de la OEA por la delegaci\u00f3n de Colombia, fue\u00a0aprobada con el voto favorable de la gran mayor\u00eda de pa\u00edses\u00a0y el \u00fanico voto en contra de Ecuador. La delegaci\u00f3n de M\u00e9xico no se present\u00f3 a la sesi\u00f3n, mientras que\u00a0El Salvador se abstuvo en la votaci\u00f3n. La resoluci\u00f3n resuelve\u00a0\u00abcondenar en\u00e9rgicamente la intrusi\u00f3n en las instalaciones de la Embajada de M\u00e9xico en el Ecuador\u00a0y los actos de violencia ejercidos en contra de la integridad y la dignidad del personal diplom\u00e1tico de la misi\u00f3n\u00bb. El documento reafirma \u00abla obligaci\u00f3n de todos los Estados de velar por el respeto de los privilegios e inmunidades de las misiones diplom\u00e1ticas\u00bb y hace un llamado a\u00a0respetar la Convenci\u00f3n de Viena sobre Relaciones Diplom\u00e1ticas, que establece que las embajadas son inviolables. Los hechos ocurrieron el pasado viernes por la noche, cuando, por orden del presidente ecuatoriano,\u00a0Daniel Noboa, la Polic\u00eda del pa\u00eds irrumpi\u00f3 en la embajada mexicana para arrestar a Jorge Glas, exvicepresidente de Rafael Correa\u00a0procesado por corrupci\u00f3n\u00a0y quien hab\u00eda pedido asilo pol\u00edtico a M\u00e9xico. Lea tambi\u00e9n:\u00a0Ecuador se defiende ante la OEA y acusa a M\u00e9xico de promover la impunidad de Jorge Glas Las\u00a0im\u00e1genes de las c\u00e1maras de seguridad, que fueron proyectadas en la sesi\u00f3n de la OEA, muestran c\u00f3mo los polic\u00edas apuntaron con armas y\u00a0sometieron en el suelo a Roberto Canseco, encargado de la misi\u00f3n diplom\u00e1tica, mientras se llevaban a Glas. Tras ese episodio, el presidente mexicano,\u00a0Andr\u00e9s Manuel L\u00f3pez Obrador,\u00a0rompi\u00f3 relaciones diplom\u00e1ticas con Ecuador, que justifica sus acciones acusando a M\u00e9xico de haber\u00a0vulnerado los tratados internacionales de asilo al refugiar a una persona procesada por corrupci\u00f3n. La resoluci\u00f3n aprobada en la OEA reafirma tambi\u00e9n \u00abla obligaci\u00f3n\u00bb que tienen los Estados de\u00a0\u00abrespetar en su integridad\u00bb las disposiciones de la Convenci\u00f3n de Asilo Diplom\u00e1tico de 1954\u00a0y recuerda que los diplom\u00e1ticos est\u00e1n obligados \u00aba no inmiscuirse en los asuntos internos\u00bb del Estado receptor. Asimismo, el documento exhorta a Ecuador y M\u00e9xico a que\u00a0\u00abinicien un di\u00e1logo y tomen acciones inmediatas para resolver este grave asunto de manera constructiva\u00bb. La sesi\u00f3n de este mi\u00e9rcoles, convocada a petici\u00f3n de Colombia y Bolivia, dos gobiernos aliados de M\u00e9xico, es la segunda de esta semana tras la del martes, que fue convocada por Ecuador para justificar sus acciones. Fuente: Vistazo.<\/p>\n","protected":false},"author":1,"featured_media":14972,"comment_status":"open","ping_status":"open","sticky":false,"template":"","format":"standard","meta":{"footnotes":""},"categories":[5],"tags":[],"class_list":["post-14971","post","type-post","status-publish","format-standard","has-post-thumbnail","hentry","category-internacionales"],"_links":{"self":[{"href":"https:\/\/www.elamazonico.com\/portal\/wp-json\/wp\/v2\/posts\/14971","targetHints":{"allow":["GET"]}}],"collection":[{"href":"https:\/\/www.elamazonico.com\/portal\/wp-json\/wp\/v2\/posts"}],"about":[{"href":"https:\/\/www.elamazonico.com\/portal\/wp-json\/wp\/v2\/types\/post"}],"author":[{"embeddable":true,"href":"https:\/\/www.elamazonico.com\/portal\/wp-json\/wp\/v2\/users\/1"}],"replies":[{"embeddable":true,"href":"https:\/\/www.elamazonico.com\/portal\/wp-json\/wp\/v2\/comments?post=14971"}],"version-history":[{"count":1,"href":"https:\/\/www.elamazonico.com\/portal\/wp-json\/wp\/v2\/posts\/14971\/revisions"}],"predecessor-version":[{"id":14973,"href":"https:\/\/www.elamazonico.com\/portal\/wp-json\/wp\/v2\/posts\/14971\/revisions\/14973"}],"wp:featuredmedia":[{"embeddable":true,"href":"https:\/\/www.elamazonico.com\/portal\/wp-json\/wp\/v2\/media\/14972"}],"wp:attachment":[{"href":"https:\/\/www.elamazonico.com\/portal\/wp-json\/wp\/v2\/media?parent=14971"}],"wp:term":[{"taxonomy":"category","embeddable":true,"href":"https:\/\/www.elamazonico.com\/portal\/wp-json\/wp\/v2\/categories?post=14971"},{"taxonomy":"post_tag","embeddable":true,"href":"https:\/\/www.elamazonico.com\/portal\/wp-json\/wp\/v2\/tags?post=14971"}],"curies":[{"name":"wp","href":"https:\/\/api.w.org\/{rel}","templated":true}]}}