{"id":14963,"date":"2024-04-10T10:11:15","date_gmt":"2024-04-10T15:11:15","guid":{"rendered":"https:\/\/www.elamazonico.comportal\/?p=14963"},"modified":"2024-04-10T10:11:15","modified_gmt":"2024-04-10T15:11:15","slug":"la-inviolabilidad-de-las-sedes-diplomaticas-es-una-norma-que-no-admite-excepciones","status":"publish","type":"post","link":"https:\/\/www.elamazonico.com\/portal\/la-inviolabilidad-de-las-sedes-diplomaticas-es-una-norma-que-no-admite-excepciones\/","title":{"rendered":"\u2018La inviolabilidad de las sedes diplom\u00e1ticas es una norma que no admite excepciones\u2019"},"content":{"rendered":"<p>El Secretario General de la Organizaci\u00f3n de Estados Americanos (OEA), Luis Almagro, expres\u00f3 su condena durante la sesi\u00f3n extraordinaria del martes 9 de abril de 2024, respecto a la incursi\u00f3n armada de fuerzas ecuatorianas en la Embajada de M\u00e9xico.<\/p>\n<p>Almagro hizo hincapi\u00e9 en la necesidad de buscar una soluci\u00f3n pac\u00edfica para el conflicto entre M\u00e9xico y Ecuador, afirmando que no se puede permitir que lo sucedido en Quito se convierta en un precedente.<\/p>\n<p>Su preocupaci\u00f3n se centra en la intervenci\u00f3n de las fuerzas del orden ecuatorianas en la Embajada de M\u00e9xico, que culmin\u00f3 con la captura de Jorge Glas el pasado viernes 5 de abril de 2024, luego de que M\u00e9xico le otorgara asilo pol\u00edtico al exvicepresidente.<\/p>\n<p>El Secretario General inst\u00f3 a retomar el camino de la legalidad internacional, respetando las normas fundamentales y restableciendo la situaci\u00f3n anterior. Record\u00f3 que\u00a0<strong>la inviolabilidad de las sedes diplom\u00e1ticas es una norma que no admite excepciones<\/strong>\u00a0y que su violaci\u00f3n vulnera principios fundamentales del derecho internacional.<\/p>\n<p>Almagro ejemplific\u00f3 esta situaci\u00f3n haciendo referencia al caso de Elena Quinteros, una maestra y activista que fue sacada por la fuerza de la Embajada de Venezuela en 1976 por la dictadura uruguaya, y posteriormente desaparecida.<\/p>\n<p>La sesi\u00f3n extraordinaria del Consejo Permanente de la OEA fue solicitada por Ecuador debido a la crisis diplom\u00e1tica con M\u00e9xico. A pesar de que el debate sobre los t\u00e9rminos para otorgar asilo pol\u00edtico fracas\u00f3 en Washington, Estados Unidos, los representantes en la sesi\u00f3n condenaron la intervenci\u00f3n ecuatoriana en la sede diplom\u00e1tica en Quito, en lugar de abordar el tema del asilo pol\u00edtico.<\/p>\n<div class=\"twitter-tweet twitter-tweet-rendered\"><iframe id=\"twitter-widget-0\" class=\"\" title=\"X Post\" src=\"https:\/\/platform.twitter.com\/embed\/Tweet.html?creatorScreenName=ecuadorenvivo&amp;dnt=false&amp;embedId=twitter-widget-0&amp;features=eyJ0ZndfdGltZWxpbmVfbGlzdCI6eyJidWNrZXQiOltdLCJ2ZXJzaW9uIjpudWxsfSwidGZ3X2ZvbGxvd2VyX2NvdW50X3N1bnNldCI6eyJidWNrZXQiOnRydWUsInZlcnNpb24iOm51bGx9LCJ0ZndfdHdlZXRfZWRpdF9iYWNrZW5kIjp7ImJ1Y2tldCI6Im9uIiwidmVyc2lvbiI6bnVsbH0sInRmd19yZWZzcmNfc2Vzc2lvbiI6eyJidWNrZXQiOiJvbiIsInZlcnNpb24iOm51bGx9LCJ0ZndfZm9zbnJfc29mdF9pbnRlcnZlbnRpb25zX2VuYWJsZWQiOnsiYnVja2V0Ijoib24iLCJ2ZXJzaW9uIjpudWxsfSwidGZ3X21peGVkX21lZGlhXzE1ODk3Ijp7ImJ1Y2tldCI6InRyZWF0bWVudCIsInZlcnNpb24iOm51bGx9LCJ0ZndfZXhwZXJpbWVudHNfY29va2llX2V4cGlyYXRpb24iOnsiYnVja2V0IjoxMjA5NjAwLCJ2ZXJzaW9uIjpudWxsfSwidGZ3X3Nob3dfYmlyZHdhdGNoX3Bpdm90c19lbmFibGVkIjp7ImJ1Y2tldCI6Im9uIiwidmVyc2lvbiI6bnVsbH0sInRmd19kdXBsaWNhdGVfc2NyaWJlc190b19zZXR0aW5ncyI6eyJidWNrZXQiOiJvbiIsInZlcnNpb24iOm51bGx9LCJ0ZndfdXNlX3Byb2ZpbGVfaW1hZ2Vfc2hhcGVfZW5hYmxlZCI6eyJidWNrZXQiOiJvbiIsInZlcnNpb24iOm51bGx9LCJ0ZndfdmlkZW9faGxzX2R5bmFtaWNfbWFuaWZlc3RzXzE1MDgyIjp7ImJ1Y2tldCI6InRydWVfYml0cmF0ZSIsInZlcnNpb24iOm51bGx9LCJ0ZndfbGVnYWN5X3RpbWVsaW5lX3N1bnNldCI6eyJidWNrZXQiOnRydWUsInZlcnNpb24iOm51bGx9LCJ0ZndfdHdlZXRfZWRpdF9mcm9udGVuZCI6eyJidWNrZXQiOiJvbiIsInZlcnNpb24iOm51bGx9fQ%3D%3D&amp;frame=false&amp;hideCard=false&amp;hideThread=false&amp;id=1777835954876612974&amp;lang=es&amp;maxWidth=560px&amp;origin=https%3A%2F%2Fecuadorenvivo.com%2Fla-inviolabilidad-de-las-sedes-diplomaticas-es-una-norma-que-no-admite-excepciones%2F&amp;sessionId=5767fbd8d0633a4c968deea2a3c3d57309951663&amp;siteScreenName=ecuadorenvivo&amp;theme=light&amp;widgetsVersion=2615f7e52b7e0%3A1702314776716&amp;width=550px\" frameborder=\"0\" scrolling=\"no\" allowfullscreen=\"allowfullscreen\" data-tweet-id=\"1777835954876612974\" data-mce-fragment=\"1\"><\/iframe><\/div>\n<div><strong>Fuente: Ecuadorenvivo.<\/strong><\/div>\n","protected":false},"excerpt":{"rendered":"<p>El Secretario General de la Organizaci\u00f3n de Estados Americanos (OEA), Luis Almagro, expres\u00f3 su condena durante la sesi\u00f3n extraordinaria del martes 9 de abril de 2024, respecto a la incursi\u00f3n armada de fuerzas ecuatorianas en la Embajada de M\u00e9xico. Almagro hizo hincapi\u00e9 en la necesidad de buscar una soluci\u00f3n pac\u00edfica para el conflicto entre M\u00e9xico y Ecuador, afirmando que no se puede permitir que lo sucedido en Quito se convierta en un precedente. Su preocupaci\u00f3n se centra en la intervenci\u00f3n de las fuerzas del orden ecuatorianas en la Embajada de M\u00e9xico, que culmin\u00f3 con la captura de Jorge Glas el pasado viernes 5 de abril de 2024, luego de que M\u00e9xico le otorgara asilo pol\u00edtico al exvicepresidente. El Secretario General inst\u00f3 a retomar el camino de la legalidad internacional, respetando las normas fundamentales y restableciendo la situaci\u00f3n anterior. Record\u00f3 que\u00a0la inviolabilidad de las sedes diplom\u00e1ticas es una norma que no admite excepciones\u00a0y que su violaci\u00f3n vulnera principios fundamentales del derecho internacional. Almagro ejemplific\u00f3 esta situaci\u00f3n haciendo referencia al caso de Elena Quinteros, una maestra y activista que fue sacada por la fuerza de la Embajada de Venezuela en 1976 por la dictadura uruguaya, y posteriormente desaparecida. La sesi\u00f3n extraordinaria del Consejo Permanente de la OEA fue solicitada por Ecuador debido a la crisis diplom\u00e1tica con M\u00e9xico. A pesar de que el debate sobre los t\u00e9rminos para otorgar asilo pol\u00edtico fracas\u00f3 en Washington, Estados Unidos, los representantes en la sesi\u00f3n condenaron la intervenci\u00f3n ecuatoriana en la sede diplom\u00e1tica en Quito, en lugar de abordar el tema del asilo pol\u00edtico. Fuente: Ecuadorenvivo.<\/p>\n","protected":false},"author":1,"featured_media":14964,"comment_status":"open","ping_status":"open","sticky":false,"template":"","format":"standard","meta":{"footnotes":""},"categories":[5],"tags":[],"class_list":["post-14963","post","type-post","status-publish","format-standard","has-post-thumbnail","hentry","category-internacionales"],"_links":{"self":[{"href":"https:\/\/www.elamazonico.com\/portal\/wp-json\/wp\/v2\/posts\/14963","targetHints":{"allow":["GET"]}}],"collection":[{"href":"https:\/\/www.elamazonico.com\/portal\/wp-json\/wp\/v2\/posts"}],"about":[{"href":"https:\/\/www.elamazonico.com\/portal\/wp-json\/wp\/v2\/types\/post"}],"author":[{"embeddable":true,"href":"https:\/\/www.elamazonico.com\/portal\/wp-json\/wp\/v2\/users\/1"}],"replies":[{"embeddable":true,"href":"https:\/\/www.elamazonico.com\/portal\/wp-json\/wp\/v2\/comments?post=14963"}],"version-history":[{"count":1,"href":"https:\/\/www.elamazonico.com\/portal\/wp-json\/wp\/v2\/posts\/14963\/revisions"}],"predecessor-version":[{"id":14965,"href":"https:\/\/www.elamazonico.com\/portal\/wp-json\/wp\/v2\/posts\/14963\/revisions\/14965"}],"wp:featuredmedia":[{"embeddable":true,"href":"https:\/\/www.elamazonico.com\/portal\/wp-json\/wp\/v2\/media\/14964"}],"wp:attachment":[{"href":"https:\/\/www.elamazonico.com\/portal\/wp-json\/wp\/v2\/media?parent=14963"}],"wp:term":[{"taxonomy":"category","embeddable":true,"href":"https:\/\/www.elamazonico.com\/portal\/wp-json\/wp\/v2\/categories?post=14963"},{"taxonomy":"post_tag","embeddable":true,"href":"https:\/\/www.elamazonico.com\/portal\/wp-json\/wp\/v2\/tags?post=14963"}],"curies":[{"name":"wp","href":"https:\/\/api.w.org\/{rel}","templated":true}]}}