{"id":14953,"date":"2024-04-10T09:20:07","date_gmt":"2024-04-10T14:20:07","guid":{"rendered":"https:\/\/www.elamazonico.comportal\/?p=14953"},"modified":"2024-04-10T09:20:07","modified_gmt":"2024-04-10T14:20:07","slug":"el-mayor-embalse-de-ecuador-esta-cerca-del-nivel-critico-y-crece-riesgo-de-mas-cortes-de-luz","status":"publish","type":"post","link":"https:\/\/www.elamazonico.com\/portal\/el-mayor-embalse-de-ecuador-esta-cerca-del-nivel-critico-y-crece-riesgo-de-mas-cortes-de-luz\/","title":{"rendered":"El mayor embalse de Ecuador est\u00e1 cerca del nivel cr\u00edtico y crece riesgo de m\u00e1s cortes de luz"},"content":{"rendered":"<p><strong>El embalse de Mazar, el m\u00e1s grande del pa\u00eds, est\u00e1 cerca de alcanzar su l\u00edmite m\u00ednimo de operaci\u00f3n. Mientras, Colombia reduce la venta de electricidad.<\/strong><\/p>\n<p>El embalse de Mazar, el m\u00e1s grande del pa\u00eds, toc\u00f3 los 2.115,89 metros sobre el nivel del mar (msnm), acerc\u00e1ndose a su l\u00edmite m\u00ednimo de operaci\u00f3n de 2.115, lo que despierta el temor de m\u00e1s cortes de luz.<\/p>\n<p>La disminuci\u00f3n del nivel del embalse se ha dado de manera acelerada, ya que solo entre el 7 y 8 de abril de 2024 cay\u00f3 la cota en 41 cent\u00edmetros. El nivel m\u00e1ximo de la cota de Mazar es 2.153 metros sobre el nivel del mar.<br \/>\nLa cota m\u00ednima de 2.115 es muy cr\u00edtica porque, con ese nivel, la central hidroel\u00e9ctrica Mazar solo puede operar con una unidad. Esta hidroel\u00e9ctrica tiene dos unidades de generaci\u00f3n de 85 megavatios cada una.<\/p>\n<p>La situaci\u00f3n del segundo embalse m\u00e1s grande del pa\u00eds tampoco es alentadora. El 8 de abril de 2024, el embalse de Amaluza, que abastece a la central hidroel\u00e9ctrica Paute, tuvo un nivel de 1.980,79 metros sobre el nivel del mar, es decir, tres metros sobre su cota m\u00ednima.<\/p>\n<p>El nivel m\u00e1ximo del embalse de Amaluza es de 1.991 metros sobre el nivel del mar. Con 1.100 megavatios de potencia, Paute es la segunda hidroel\u00e9ctrica m\u00e1s grande del pa\u00eds, luego de Coca Codo Sinclair, que tiene 1.500 megavatios.<\/p>\n<p>Similares niveles de los embalses se registraron en octubre de 2023, cuando el gobierno del expresidente Guillermo Lasso orden\u00f3 racionamientos programados de electricidad.<\/p>\n<p>En entrevista con Teleamazonas, la actual ministra de Energ\u00eda de Ecuador, Andrea Arrobo, descart\u00f3 que el pa\u00eds vuelva a cortes de luz programados, aunque no \u00abnuevas desconexiones\u00bb.<\/p>\n<p>Arrobo dijo que la falta de inversi\u00f3n que arrastra el sector desde hace a\u00f1os lo ha hecho vulnerable y que ahora cualquier evento imprevisto puede ponerlo en riesgo.<\/p>\n<p>De hecho, este 9 de abril de 2024 se volvieron a registrar nuevos cortes de luz sorpresivos en la zona norte de la ciudad de Guayaquil, Daule y Samborond\u00f3n.<br \/>\n<small><\/small><small><\/small><\/p>\n<p>Seg\u00fan inform\u00f3 la Corporaci\u00f3n El\u00e9ctrica del Ecuador (CELEC EP), el corte se debi\u00f3 a \u00abun evento en la l\u00ednea de transmisi\u00f3n Tisaleo-Chorrillos, a 500.000 voltios\u00bb.<\/p>\n<p>Dif\u00edcilmente Colombia compensar\u00e1<\/p>\n<p>El riesgo de nuevos cortes de luz crece en Ecuador porque el ministro de Electricidad de Colombia, Andr\u00e9s Camacho, asegur\u00f3 que han limitado las ventas de electricidad a Ecuador, de un 5% y 6% de la capacidad al 1%.<\/p>\n<p>El 8 de abril de 2023, las importaciones de Ecuador desde Colombia fueron de solo 1,2 GWh o 66 megavatios de potencia de una capacidad total de 430 megavatios.<\/p>\n<p>Incluso, en lo que va de abril de 2024, el pa\u00eds vecino ha llegado a suspender su exportaci\u00f3n hacia Ecuador en algunas horas del d\u00eda, en especial, a partir de las 15:00, seg\u00fan reportes del operador estatal de energ\u00eda de Colombia XM.<\/p>\n<p>Y es que Colombia tambi\u00e9n est\u00e1 con los embalses por debajo del m\u00ednimo hist\u00f3rico, lo que ha llevado a usar su parque termoel\u00e9ctrico a m\u00e1xima capacidad.<\/p>\n<p>De su lado, la ministra de Energ\u00eda de Ecuador, Andrea Arrobo, dijo, en entrevista con Teleamazonas, que est\u00e1n en permanente conversaci\u00f3n con las autoridades energ\u00e9ticas colombianas para continuar con los intercambios de electricidad en la medida en que las reservas y las plantas lo permitan.<\/p>\n<p>Parque termoel\u00e9ctrico funciona a medias<\/p>\n<p>El consultor en electricidad, Gabriel Secaira, cree que hay alta probabilidad de apagones, a menos que llueva esta semana en la Cuenca de Paute.<\/p>\n<p>El escenario se complica porque el parque termoel\u00e9ctrico de Ecuador no est\u00e1 trabajando a su plena capacidad.<\/p>\n<p>A pesar de que el pa\u00eds tiene 1.745 megavatios en termoelectricidad instalados, el pa\u00eds ha contado con 728 megavatios de potencia en lo que va de abril de 2024.<\/p>\n<p>Pero la ministra Arrobo dijo que s\u00ed se ha recuperado generaci\u00f3n de electricidad, pero que el problema ha sido que ha aumentado el uso de aire acondicionado en la Costa por la ola de calor que vive la regi\u00f3n, lo que dispar\u00f3 la demanda.<\/p>\n<p>Y dijo que una de las prioridades es la contrataci\u00f3n de nueva generaci\u00f3n off shore, o a trav\u00e9s de barcazas.<\/p>\n<p>\u00e7La Ministra de Energ\u00eda mencion\u00f3 que se han incorporado 145 megavatios, lo que incluye unidades de Sopladora y de \u00c1lvaro Tinajero. Y que dijo que en abril entrar\u00e1n otras unidades que est\u00e1n en proceso de recuperaci\u00f3n.<\/p>\n<p>Parque del problema es que el holding estatal de la Corporaci\u00f3n de Electricidad del Ecuador (Celec) no tiene suficientes recursos para inversi\u00f3n, a lo que se sum\u00f3 que el actual Gobierno hered\u00f3 infraestructura el\u00e9ctrica en p\u00e9simo estado, dice Jos\u00e9 Luis Hidalgo, gerente de la empresa GreenPower.<\/p>\n<p>De ah\u00ed que, para Hidalgo, no se entiende que el Gobierno mantenga subsidios el\u00e9ctricos, con tarifas preferenciales, para grandes empresas, como mineras.<\/p>\n<p>Y a\u00f1ade que Ecuador sale perdiendo en las negociaciones con Colombia para la compra y venta de electricidad. Eso porque a Ecuador le cuesta m\u00e1s comprar electricidad a Colombia, que el precio con el que ese pa\u00eds le compra electricidad a Ecuador.<\/p>\n<p>\u00abColombia est\u00e1 vendiendo electricidad a Ecuador 8,4 veces m\u00e1s caro, que el precio de la electricidad con el que Ecuador exporta la electricidad a ese pa\u00eds\u00bb, a\u00f1ade Hidalgo.<\/p>\n<p>Primicias envi\u00f3 una solicitud de informaci\u00f3n a Celec el 9 de abril de 2024 sobre las acciones que ha emprendido para hacer frente a los bajos niveles de los embalses y la reducci\u00f3n de la venta de electricidad de Colombia hacia Ecuador, y estamos a la espera de una respuesta.<\/p>\n<p>Y PRIMICIAS tambi\u00e9n consult\u00f3 el 2 de abril de 2024 al Ministerio de Electricidad sobre los precios de compra de electricidad a Colombia, sobre lo cual tambi\u00e9n estamos a la espera de una respuesta.<\/p>\n<p><strong>Fuente: Primisas.<\/strong><\/p>\n","protected":false},"excerpt":{"rendered":"<p>El embalse de Mazar, el m\u00e1s grande del pa\u00eds, est\u00e1 cerca de alcanzar su l\u00edmite m\u00ednimo de operaci\u00f3n. Mientras, Colombia reduce la venta de electricidad. El embalse de Mazar, el m\u00e1s grande del pa\u00eds, toc\u00f3 los 2.115,89 metros sobre el nivel del mar (msnm), acerc\u00e1ndose a su l\u00edmite m\u00ednimo de operaci\u00f3n de 2.115, lo que despierta el temor de m\u00e1s cortes de luz. La disminuci\u00f3n del nivel del embalse se ha dado de manera acelerada, ya que solo entre el 7 y 8 de abril de 2024 cay\u00f3 la cota en 41 cent\u00edmetros. El nivel m\u00e1ximo de la cota de Mazar es 2.153 metros sobre el nivel del mar. La cota m\u00ednima de 2.115 es muy cr\u00edtica porque, con ese nivel, la central hidroel\u00e9ctrica Mazar solo puede operar con una unidad. Esta hidroel\u00e9ctrica tiene dos unidades de generaci\u00f3n de 85 megavatios cada una. La situaci\u00f3n del segundo embalse m\u00e1s grande del pa\u00eds tampoco es alentadora. El 8 de abril de 2024, el embalse de Amaluza, que abastece a la central hidroel\u00e9ctrica Paute, tuvo un nivel de 1.980,79 metros sobre el nivel del mar, es decir, tres metros sobre su cota m\u00ednima. El nivel m\u00e1ximo del embalse de Amaluza es de 1.991 metros sobre el nivel del mar. Con 1.100 megavatios de potencia, Paute es la segunda hidroel\u00e9ctrica m\u00e1s grande del pa\u00eds, luego de Coca Codo Sinclair, que tiene 1.500 megavatios. Similares niveles de los embalses se registraron en octubre de 2023, cuando el gobierno del expresidente Guillermo Lasso orden\u00f3 racionamientos programados de electricidad. En entrevista con Teleamazonas, la actual ministra de Energ\u00eda de Ecuador, Andrea Arrobo, descart\u00f3 que el pa\u00eds vuelva a cortes de luz programados, aunque no \u00abnuevas desconexiones\u00bb. Arrobo dijo que la falta de inversi\u00f3n que arrastra el sector desde hace a\u00f1os lo ha hecho vulnerable y que ahora cualquier evento imprevisto puede ponerlo en riesgo. De hecho, este 9 de abril de 2024 se volvieron a registrar nuevos cortes de luz sorpresivos en la zona norte de la ciudad de Guayaquil, Daule y Samborond\u00f3n. Seg\u00fan inform\u00f3 la Corporaci\u00f3n El\u00e9ctrica del Ecuador (CELEC EP), el corte se debi\u00f3 a \u00abun evento en la l\u00ednea de transmisi\u00f3n Tisaleo-Chorrillos, a 500.000 voltios\u00bb. Dif\u00edcilmente Colombia compensar\u00e1 El riesgo de nuevos cortes de luz crece en Ecuador porque el ministro de Electricidad de Colombia, Andr\u00e9s Camacho, asegur\u00f3 que han limitado las ventas de electricidad a Ecuador, de un 5% y 6% de la capacidad al 1%. El 8 de abril de 2023, las importaciones de Ecuador desde Colombia fueron de solo 1,2 GWh o 66 megavatios de potencia de una capacidad total de 430 megavatios. Incluso, en lo que va de abril de 2024, el pa\u00eds vecino ha llegado a suspender su exportaci\u00f3n hacia Ecuador en algunas horas del d\u00eda, en especial, a partir de las 15:00, seg\u00fan reportes del operador estatal de energ\u00eda de Colombia XM. Y es que Colombia tambi\u00e9n est\u00e1 con los embalses por debajo del m\u00ednimo hist\u00f3rico, lo que ha llevado a usar su parque termoel\u00e9ctrico a m\u00e1xima capacidad. De su lado, la ministra de Energ\u00eda de Ecuador, Andrea Arrobo, dijo, en entrevista con Teleamazonas, que est\u00e1n en permanente conversaci\u00f3n con las autoridades energ\u00e9ticas colombianas para continuar con los intercambios de electricidad en la medida en que las reservas y las plantas lo permitan. Parque termoel\u00e9ctrico funciona a medias El consultor en electricidad, Gabriel Secaira, cree que hay alta probabilidad de apagones, a menos que llueva esta semana en la Cuenca de Paute. El escenario se complica porque el parque termoel\u00e9ctrico de Ecuador no est\u00e1 trabajando a su plena capacidad. A pesar de que el pa\u00eds tiene 1.745 megavatios en termoelectricidad instalados, el pa\u00eds ha contado con 728 megavatios de potencia en lo que va de abril de 2024. Pero la ministra Arrobo dijo que s\u00ed se ha recuperado generaci\u00f3n de electricidad, pero que el problema ha sido que ha aumentado el uso de aire acondicionado en la Costa por la ola de calor que vive la regi\u00f3n, lo que dispar\u00f3 la demanda. Y dijo que una de las prioridades es la contrataci\u00f3n de nueva generaci\u00f3n off shore, o a trav\u00e9s de barcazas. \u00e7La Ministra de Energ\u00eda mencion\u00f3 que se han incorporado 145 megavatios, lo que incluye unidades de Sopladora y de \u00c1lvaro Tinajero. Y que dijo que en abril entrar\u00e1n otras unidades que est\u00e1n en proceso de recuperaci\u00f3n. Parque del problema es que el holding estatal de la Corporaci\u00f3n de Electricidad del Ecuador (Celec) no tiene suficientes recursos para inversi\u00f3n, a lo que se sum\u00f3 que el actual Gobierno hered\u00f3 infraestructura el\u00e9ctrica en p\u00e9simo estado, dice Jos\u00e9 Luis Hidalgo, gerente de la empresa GreenPower. De ah\u00ed que, para Hidalgo, no se entiende que el Gobierno mantenga subsidios el\u00e9ctricos, con tarifas preferenciales, para grandes empresas, como mineras. Y a\u00f1ade que Ecuador sale perdiendo en las negociaciones con Colombia para la compra y venta de electricidad. Eso porque a Ecuador le cuesta m\u00e1s comprar electricidad a Colombia, que el precio con el que ese pa\u00eds le compra electricidad a Ecuador. \u00abColombia est\u00e1 vendiendo electricidad a Ecuador 8,4 veces m\u00e1s caro, que el precio de la electricidad con el que Ecuador exporta la electricidad a ese pa\u00eds\u00bb, a\u00f1ade Hidalgo. Primicias envi\u00f3 una solicitud de informaci\u00f3n a Celec el 9 de abril de 2024 sobre las acciones que ha emprendido para hacer frente a los bajos niveles de los embalses y la reducci\u00f3n de la venta de electricidad de Colombia hacia Ecuador, y estamos a la espera de una respuesta. Y PRIMICIAS tambi\u00e9n consult\u00f3 el 2 de abril de 2024 al Ministerio de Electricidad sobre los precios de compra de electricidad a Colombia, sobre lo cual tambi\u00e9n estamos a la espera de una respuesta. Fuente: Primisas.<\/p>\n","protected":false},"author":1,"featured_media":14954,"comment_status":"open","ping_status":"open","sticky":false,"template":"","format":"standard","meta":{"footnotes":""},"categories":[268],"tags":[],"class_list":["post-14953","post","type-post","status-publish","format-standard","has-post-thumbnail","hentry","category-nacionales"],"_links":{"self":[{"href":"https:\/\/www.elamazonico.com\/portal\/wp-json\/wp\/v2\/posts\/14953","targetHints":{"allow":["GET"]}}],"collection":[{"href":"https:\/\/www.elamazonico.com\/portal\/wp-json\/wp\/v2\/posts"}],"about":[{"href":"https:\/\/www.elamazonico.com\/portal\/wp-json\/wp\/v2\/types\/post"}],"author":[{"embeddable":true,"href":"https:\/\/www.elamazonico.com\/portal\/wp-json\/wp\/v2\/users\/1"}],"replies":[{"embeddable":true,"href":"https:\/\/www.elamazonico.com\/portal\/wp-json\/wp\/v2\/comments?post=14953"}],"version-history":[{"count":1,"href":"https:\/\/www.elamazonico.com\/portal\/wp-json\/wp\/v2\/posts\/14953\/revisions"}],"predecessor-version":[{"id":14955,"href":"https:\/\/www.elamazonico.com\/portal\/wp-json\/wp\/v2\/posts\/14953\/revisions\/14955"}],"wp:featuredmedia":[{"embeddable":true,"href":"https:\/\/www.elamazonico.com\/portal\/wp-json\/wp\/v2\/media\/14954"}],"wp:attachment":[{"href":"https:\/\/www.elamazonico.com\/portal\/wp-json\/wp\/v2\/media?parent=14953"}],"wp:term":[{"taxonomy":"category","embeddable":true,"href":"https:\/\/www.elamazonico.com\/portal\/wp-json\/wp\/v2\/categories?post=14953"},{"taxonomy":"post_tag","embeddable":true,"href":"https:\/\/www.elamazonico.com\/portal\/wp-json\/wp\/v2\/tags?post=14953"}],"curies":[{"name":"wp","href":"https:\/\/api.w.org\/{rel}","templated":true}]}}