{"id":14941,"date":"2024-04-09T11:45:33","date_gmt":"2024-04-09T16:45:33","guid":{"rendered":"https:\/\/www.elamazonico.comportal\/?p=14941"},"modified":"2024-04-09T11:45:33","modified_gmt":"2024-04-09T16:45:33","slug":"caso-hernan-mendoza-detienen-en-mexico-a-procesado-por-el-asesinato-de-joven-en-quito","status":"publish","type":"post","link":"https:\/\/www.elamazonico.com\/portal\/caso-hernan-mendoza-detienen-en-mexico-a-procesado-por-el-asesinato-de-joven-en-quito\/","title":{"rendered":"Caso Hern\u00e1n Mendoza: detienen en M\u00e9xico a procesado por el asesinato de joven en Quito"},"content":{"rendered":"<p>F\u00e9lix Ronaldo F, procesado por la desaparici\u00f3n y muerte del joven Hern\u00e1n Mendoza en Quito fue capturado en M\u00e9xico la ma\u00f1ana de este martes, 9 de abril de 2024. El procesado fue identificado por la Interpol. As\u00ed lo dio a conocer la Fiscal\u00eda General del Estado a trav\u00e9s de su cuenta en la red social X.<\/p>\n<div class=\"twitter-tweet twitter-tweet-rendered\"><iframe id=\"twitter-widget-1\" class=\"\" title=\"X Post\" src=\"https:\/\/platform.twitter.com\/embed\/Tweet.html?creatorScreenName=el_telegrafo&amp;dnt=false&amp;embedId=twitter-widget-1&amp;features=eyJ0ZndfdGltZWxpbmVfbGlzdCI6eyJidWNrZXQiOltdLCJ2ZXJzaW9uIjpudWxsfSwidGZ3X2ZvbGxvd2VyX2NvdW50X3N1bnNldCI6eyJidWNrZXQiOnRydWUsInZlcnNpb24iOm51bGx9LCJ0ZndfdHdlZXRfZWRpdF9iYWNrZW5kIjp7ImJ1Y2tldCI6Im9uIiwidmVyc2lvbiI6bnVsbH0sInRmd19yZWZzcmNfc2Vzc2lvbiI6eyJidWNrZXQiOiJvbiIsInZlcnNpb24iOm51bGx9LCJ0ZndfZm9zbnJfc29mdF9pbnRlcnZlbnRpb25zX2VuYWJsZWQiOnsiYnVja2V0Ijoib24iLCJ2ZXJzaW9uIjpudWxsfSwidGZ3X21peGVkX21lZGlhXzE1ODk3Ijp7ImJ1Y2tldCI6InRyZWF0bWVudCIsInZlcnNpb24iOm51bGx9LCJ0ZndfZXhwZXJpbWVudHNfY29va2llX2V4cGlyYXRpb24iOnsiYnVja2V0IjoxMjA5NjAwLCJ2ZXJzaW9uIjpudWxsfSwidGZ3X3Nob3dfYmlyZHdhdGNoX3Bpdm90c19lbmFibGVkIjp7ImJ1Y2tldCI6Im9uIiwidmVyc2lvbiI6bnVsbH0sInRmd19kdXBsaWNhdGVfc2NyaWJlc190b19zZXR0aW5ncyI6eyJidWNrZXQiOiJvbiIsInZlcnNpb24iOm51bGx9LCJ0ZndfdXNlX3Byb2ZpbGVfaW1hZ2Vfc2hhcGVfZW5hYmxlZCI6eyJidWNrZXQiOiJvbiIsInZlcnNpb24iOm51bGx9LCJ0ZndfdmlkZW9faGxzX2R5bmFtaWNfbWFuaWZlc3RzXzE1MDgyIjp7ImJ1Y2tldCI6InRydWVfYml0cmF0ZSIsInZlcnNpb24iOm51bGx9LCJ0ZndfbGVnYWN5X3RpbWVsaW5lX3N1bnNldCI6eyJidWNrZXQiOnRydWUsInZlcnNpb24iOm51bGx9LCJ0ZndfdHdlZXRfZWRpdF9mcm9udGVuZCI6eyJidWNrZXQiOiJvbiIsInZlcnNpb24iOm51bGx9fQ%3D%3D&amp;frame=false&amp;hideCard=false&amp;hideThread=false&amp;id=1777683018573889976&amp;lang=es&amp;origin=https%3A%2F%2Fwww.eltelegrafo.com.ec%2Fnoticias%2Fnacionales%2F44%2Fcaso-hernan-mendoza-detienen-en-mexico-a-procesado-por-el-asesinato-de-joven-en-quito&amp;sessionId=edd43aa5f119f959716937844188bc8031f46724&amp;siteScreenName=el_telegrafo&amp;theme=light&amp;widgetsVersion=2615f7e52b7e0%3A1702314776716&amp;width=550px\" frameborder=\"0\" scrolling=\"no\" allowfullscreen=\"allowfullscreen\" data-tweet-id=\"1777683018573889976\" data-mce-fragment=\"1\"><\/iframe><\/div>\n<p>Tras identificar a F\u00e9lix F., uno de los sospechosos del crimen de Mendoza , fue expulsado de ese pa\u00eds y ahora es trasladado a Quito para cumplir con la orden de prisi\u00f3n preventiva que pesa en su contra. Esta acci\u00f3n fue solicitada por la Fiscal\u00eda.<\/p>\n<p><strong>Fuente: El Tel\u00e9grafo.<\/strong><\/p>\n<p>&nbsp;<\/p>\n","protected":false},"excerpt":{"rendered":"<p>F\u00e9lix Ronaldo F, procesado por la desaparici\u00f3n y muerte del joven Hern\u00e1n Mendoza en Quito fue capturado en M\u00e9xico la ma\u00f1ana de este martes, 9 de abril de 2024. El procesado fue identificado por la Interpol. As\u00ed lo dio a conocer la Fiscal\u00eda General del Estado a trav\u00e9s de su cuenta en la red social X. Tras identificar a F\u00e9lix F., uno de los sospechosos del crimen de Mendoza , fue expulsado de ese pa\u00eds y ahora es trasladado a Quito para cumplir con la orden de prisi\u00f3n preventiva que pesa en su contra. Esta acci\u00f3n fue solicitada por la Fiscal\u00eda. Fuente: El Tel\u00e9grafo. &nbsp;<\/p>\n","protected":false},"author":1,"featured_media":14942,"comment_status":"open","ping_status":"open","sticky":false,"template":"","format":"standard","meta":{"footnotes":""},"categories":[268],"tags":[],"class_list":["post-14941","post","type-post","status-publish","format-standard","has-post-thumbnail","hentry","category-nacionales"],"_links":{"self":[{"href":"https:\/\/www.elamazonico.com\/portal\/wp-json\/wp\/v2\/posts\/14941","targetHints":{"allow":["GET"]}}],"collection":[{"href":"https:\/\/www.elamazonico.com\/portal\/wp-json\/wp\/v2\/posts"}],"about":[{"href":"https:\/\/www.elamazonico.com\/portal\/wp-json\/wp\/v2\/types\/post"}],"author":[{"embeddable":true,"href":"https:\/\/www.elamazonico.com\/portal\/wp-json\/wp\/v2\/users\/1"}],"replies":[{"embeddable":true,"href":"https:\/\/www.elamazonico.com\/portal\/wp-json\/wp\/v2\/comments?post=14941"}],"version-history":[{"count":1,"href":"https:\/\/www.elamazonico.com\/portal\/wp-json\/wp\/v2\/posts\/14941\/revisions"}],"predecessor-version":[{"id":14943,"href":"https:\/\/www.elamazonico.com\/portal\/wp-json\/wp\/v2\/posts\/14941\/revisions\/14943"}],"wp:featuredmedia":[{"embeddable":true,"href":"https:\/\/www.elamazonico.com\/portal\/wp-json\/wp\/v2\/media\/14942"}],"wp:attachment":[{"href":"https:\/\/www.elamazonico.com\/portal\/wp-json\/wp\/v2\/media?parent=14941"}],"wp:term":[{"taxonomy":"category","embeddable":true,"href":"https:\/\/www.elamazonico.com\/portal\/wp-json\/wp\/v2\/categories?post=14941"},{"taxonomy":"post_tag","embeddable":true,"href":"https:\/\/www.elamazonico.com\/portal\/wp-json\/wp\/v2\/tags?post=14941"}],"curies":[{"name":"wp","href":"https:\/\/api.w.org\/{rel}","templated":true}]}}