{"id":14938,"date":"2024-04-09T11:18:54","date_gmt":"2024-04-09T16:18:54","guid":{"rendered":"https:\/\/www.elamazonico.comportal\/?p=14938"},"modified":"2024-04-09T11:18:54","modified_gmt":"2024-04-09T16:18:54","slug":"corte-ordena-la-desclasificacion-de-la-investigacion-del-asesinato-del-equipo-periodistico-de-el-comercio","status":"publish","type":"post","link":"https:\/\/www.elamazonico.com\/portal\/corte-ordena-la-desclasificacion-de-la-investigacion-del-asesinato-del-equipo-periodistico-de-el-comercio\/","title":{"rendered":"Corte ordena la desclasificaci\u00f3n de la investigaci\u00f3n del asesinato del equipo period\u00edstico de El Comercio"},"content":{"rendered":"<p>Luego de seis a\u00f1os del asesinato del equipo period\u00edstico de Diario El Comercio en la frontera de Ecuador Colombia, la Corte Constitucional aprob\u00f3 la desclasificaci\u00f3n de la informaci\u00f3n sobre el asesinato de Pa\u00fal Rivas, Efra\u00edn Segarra y Javier Ortega. La decisi\u00f3n del tribunal constitucional fue expuesta la noche de este lunes, 8 de abril de 2024.<\/p>\n<p>Tres actas del caso que fue denominado \u00abNos Faltan 3\u00bb ser\u00e1n desclasificadas. En dichos archivos consta informaci\u00f3n de la investigaci\u00f3n del secuestro y asesinato de Pa\u00fal, Efra\u00edn y Javier quienes cumpl\u00edan sus actividades como fot\u00f3grafo, conductor y periodista respectivamente. El equipo fue asesinado en Mataje mientras realizaba una cobertura en esa zona. El hecho sucedi\u00f3 durante el gobierno del expresidente Len\u00edn Moreno.<\/p>\n<p>Tras\u00a0varios a\u00f1os del inicio de la investigaci\u00f3n y en\u00a0medio de la falta de respuestas sobre el hecho, los familiares de las v\u00edctimas mediante sus abogados y miembros del colectivo \u00abNos Faltan 3\u00bb, presentaron la demanda que ya fue aprobada por la Corte Constitucional.<\/p>\n<p>El abogado Mauricio Alarc\u00f3n &#8211; Salvador dio detalles de la demanda. En su cuenta de la red social X que junto a Juan Pablo Alb\u00e1n lograron este dictamen favorable. Adem\u00e1s explic\u00f3 en un hilo de X lo siguiente:<\/p>\n<ul>\n<li style=\"list-style-type: none;\">\n<ul>\n<li>Consiguieron la desclasificaci\u00f3n de las actas del 18 de 28 de marzo de 2018, 19 de 13 de abril de 2018, y 20 de 17 de abril de 2018, los audios, sus transcripciones y la lista de asistentes de las sesiones del COSEPE en cuanto al asesinato del equipo period\u00edstico.<\/li>\n<li>El secretario del COSEPE, actual ministra del Interior, inmediatamente o hasta en un plazo m\u00e1ximo de 30 d\u00edas, mediante declaraci\u00f3n juramentada, debe entregar toda la informaci\u00f3n a las familias.<\/li>\n<li>El secretario del COSEPE debe, dentro de los cinco d\u00edas contados a partir del cumplimiento de la medida dispuesta en el punto anterior, presentar a la Corte el respectivo informe de cumplimiento, con el detalle de la informaci\u00f3n entregada.<\/li>\n<li>Finalmente llamar la atenci\u00f3n al Ministerio de Defensa Nacional, a la ex Secretaria Nacional de Seguridad y al Ministerio del Interior, por no haber presentado a la Corte la resoluci\u00f3n de clasificaci\u00f3n de las actas respectivas.<\/li>\n<li><\/li>\n<\/ul>\n<\/li>\n<\/ul>\n<div class=\"twitter-tweet twitter-tweet-rendered\"><iframe id=\"twitter-widget-1\" class=\"\" title=\"X Post\" src=\"https:\/\/platform.twitter.com\/embed\/Tweet.html?creatorScreenName=el_telegrafo&amp;dnt=false&amp;embedId=twitter-widget-1&amp;features=eyJ0ZndfdGltZWxpbmVfbGlzdCI6eyJidWNrZXQiOltdLCJ2ZXJzaW9uIjpudWxsfSwidGZ3X2ZvbGxvd2VyX2NvdW50X3N1bnNldCI6eyJidWNrZXQiOnRydWUsInZlcnNpb24iOm51bGx9LCJ0ZndfdHdlZXRfZWRpdF9iYWNrZW5kIjp7ImJ1Y2tldCI6Im9uIiwidmVyc2lvbiI6bnVsbH0sInRmd19yZWZzcmNfc2Vzc2lvbiI6eyJidWNrZXQiOiJvbiIsInZlcnNpb24iOm51bGx9LCJ0ZndfZm9zbnJfc29mdF9pbnRlcnZlbnRpb25zX2VuYWJsZWQiOnsiYnVja2V0Ijoib24iLCJ2ZXJzaW9uIjpudWxsfSwidGZ3X21peGVkX21lZGlhXzE1ODk3Ijp7ImJ1Y2tldCI6InRyZWF0bWVudCIsInZlcnNpb24iOm51bGx9LCJ0ZndfZXhwZXJpbWVudHNfY29va2llX2V4cGlyYXRpb24iOnsiYnVja2V0IjoxMjA5NjAwLCJ2ZXJzaW9uIjpudWxsfSwidGZ3X3Nob3dfYmlyZHdhdGNoX3Bpdm90c19lbmFibGVkIjp7ImJ1Y2tldCI6Im9uIiwidmVyc2lvbiI6bnVsbH0sInRmd19kdXBsaWNhdGVfc2NyaWJlc190b19zZXR0aW5ncyI6eyJidWNrZXQiOiJvbiIsInZlcnNpb24iOm51bGx9LCJ0ZndfdXNlX3Byb2ZpbGVfaW1hZ2Vfc2hhcGVfZW5hYmxlZCI6eyJidWNrZXQiOiJvbiIsInZlcnNpb24iOm51bGx9LCJ0ZndfdmlkZW9faGxzX2R5bmFtaWNfbWFuaWZlc3RzXzE1MDgyIjp7ImJ1Y2tldCI6InRydWVfYml0cmF0ZSIsInZlcnNpb24iOm51bGx9LCJ0ZndfbGVnYWN5X3RpbWVsaW5lX3N1bnNldCI6eyJidWNrZXQiOnRydWUsInZlcnNpb24iOm51bGx9LCJ0ZndfdHdlZXRfZWRpdF9mcm9udGVuZCI6eyJidWNrZXQiOiJvbiIsInZlcnNpb24iOm51bGx9fQ%3D%3D&amp;frame=false&amp;hideCard=false&amp;hideThread=false&amp;id=1777504611466719704&amp;lang=es&amp;origin=https%3A%2F%2Fwww.eltelegrafo.com.ec%2Fnoticias%2Fnacionales%2F44%2Fcorte-ordena-la-desclasificacion-de-la-investigacion-del-asesinato-del-equipo-periodistico-de-el-comercio&amp;sessionId=003a88f3cd3a55810ca0c92b3523c06f45c38cd5&amp;siteScreenName=el_telegrafo&amp;theme=light&amp;widgetsVersion=2615f7e52b7e0%3A1702314776716&amp;width=550px\" frameborder=\"0\" scrolling=\"no\" allowfullscreen=\"allowfullscreen\" data-tweet-id=\"1777504611466719704\" data-mce-fragment=\"1\"><\/iframe><\/div>\n<p><strong>El hecho<\/strong><\/p>\n<p>A las 08:51 del 26 de marzo de 2018 el\u00a0equipo period\u00edstico\u00a0de diario El Comercio fue secuestrado mientras realizaban una cobertura en la frontera Ecuador &#8211; Colombia. Ese fue el \u00faltimo d\u00eda que sus familiares y amigos supieron de ellos. Las v\u00edctimas fueron secuestradas y asesinadas por el grupo armado, liderado por Walther Arizala, conocido con el alias de Guacho, cuando realizaban un reportaje en la frontera, donde operan bandas narcotraficantes.\u00a0El martes 13 de abril de 2018, Len\u00edn Moreno dio a conocer que el equipo fue asesinado\u00a0en la zona de<strong>\u00a0<\/strong>Mataje, Esmeraldas.<\/p>\n<p><strong>Fuente: El Tel\u00e9grafo.<\/strong><\/p>\n","protected":false},"excerpt":{"rendered":"<p>Luego de seis a\u00f1os del asesinato del equipo period\u00edstico de Diario El Comercio en la frontera de Ecuador Colombia, la Corte Constitucional aprob\u00f3 la desclasificaci\u00f3n de la informaci\u00f3n sobre el asesinato de Pa\u00fal Rivas, Efra\u00edn Segarra y Javier Ortega. La decisi\u00f3n del tribunal constitucional fue expuesta la noche de este lunes, 8 de abril de 2024. Tres actas del caso que fue denominado \u00abNos Faltan 3\u00bb ser\u00e1n desclasificadas. En dichos archivos consta informaci\u00f3n de la investigaci\u00f3n del secuestro y asesinato de Pa\u00fal, Efra\u00edn y Javier quienes cumpl\u00edan sus actividades como fot\u00f3grafo, conductor y periodista respectivamente. El equipo fue asesinado en Mataje mientras realizaba una cobertura en esa zona. El hecho sucedi\u00f3 durante el gobierno del expresidente Len\u00edn Moreno. Tras\u00a0varios a\u00f1os del inicio de la investigaci\u00f3n y en\u00a0medio de la falta de respuestas sobre el hecho, los familiares de las v\u00edctimas mediante sus abogados y miembros del colectivo \u00abNos Faltan 3\u00bb, presentaron la demanda que ya fue aprobada por la Corte Constitucional. El abogado Mauricio Alarc\u00f3n &#8211; Salvador dio detalles de la demanda. En su cuenta de la red social X que junto a Juan Pablo Alb\u00e1n lograron este dictamen favorable. Adem\u00e1s explic\u00f3 en un hilo de X lo siguiente: Consiguieron la desclasificaci\u00f3n de las actas del 18 de 28 de marzo de 2018, 19 de 13 de abril de 2018, y 20 de 17 de abril de 2018, los audios, sus transcripciones y la lista de asistentes de las sesiones del COSEPE en cuanto al asesinato del equipo period\u00edstico. El secretario del COSEPE, actual ministra del Interior, inmediatamente o hasta en un plazo m\u00e1ximo de 30 d\u00edas, mediante declaraci\u00f3n juramentada, debe entregar toda la informaci\u00f3n a las familias. El secretario del COSEPE debe, dentro de los cinco d\u00edas contados a partir del cumplimiento de la medida dispuesta en el punto anterior, presentar a la Corte el respectivo informe de cumplimiento, con el detalle de la informaci\u00f3n entregada. Finalmente llamar la atenci\u00f3n al Ministerio de Defensa Nacional, a la ex Secretaria Nacional de Seguridad y al Ministerio del Interior, por no haber presentado a la Corte la resoluci\u00f3n de clasificaci\u00f3n de las actas respectivas. El hecho A las 08:51 del 26 de marzo de 2018 el\u00a0equipo period\u00edstico\u00a0de diario El Comercio fue secuestrado mientras realizaban una cobertura en la frontera Ecuador &#8211; Colombia. Ese fue el \u00faltimo d\u00eda que sus familiares y amigos supieron de ellos. Las v\u00edctimas fueron secuestradas y asesinadas por el grupo armado, liderado por Walther Arizala, conocido con el alias de Guacho, cuando realizaban un reportaje en la frontera, donde operan bandas narcotraficantes.\u00a0El martes 13 de abril de 2018, Len\u00edn Moreno dio a conocer que el equipo fue asesinado\u00a0en la zona de\u00a0Mataje, Esmeraldas. Fuente: El Tel\u00e9grafo.<\/p>\n","protected":false},"author":1,"featured_media":14939,"comment_status":"open","ping_status":"open","sticky":false,"template":"","format":"standard","meta":{"footnotes":""},"categories":[268],"tags":[],"class_list":["post-14938","post","type-post","status-publish","format-standard","has-post-thumbnail","hentry","category-nacionales"],"_links":{"self":[{"href":"https:\/\/www.elamazonico.com\/portal\/wp-json\/wp\/v2\/posts\/14938","targetHints":{"allow":["GET"]}}],"collection":[{"href":"https:\/\/www.elamazonico.com\/portal\/wp-json\/wp\/v2\/posts"}],"about":[{"href":"https:\/\/www.elamazonico.com\/portal\/wp-json\/wp\/v2\/types\/post"}],"author":[{"embeddable":true,"href":"https:\/\/www.elamazonico.com\/portal\/wp-json\/wp\/v2\/users\/1"}],"replies":[{"embeddable":true,"href":"https:\/\/www.elamazonico.com\/portal\/wp-json\/wp\/v2\/comments?post=14938"}],"version-history":[{"count":1,"href":"https:\/\/www.elamazonico.com\/portal\/wp-json\/wp\/v2\/posts\/14938\/revisions"}],"predecessor-version":[{"id":14940,"href":"https:\/\/www.elamazonico.com\/portal\/wp-json\/wp\/v2\/posts\/14938\/revisions\/14940"}],"wp:featuredmedia":[{"embeddable":true,"href":"https:\/\/www.elamazonico.com\/portal\/wp-json\/wp\/v2\/media\/14939"}],"wp:attachment":[{"href":"https:\/\/www.elamazonico.com\/portal\/wp-json\/wp\/v2\/media?parent=14938"}],"wp:term":[{"taxonomy":"category","embeddable":true,"href":"https:\/\/www.elamazonico.com\/portal\/wp-json\/wp\/v2\/categories?post=14938"},{"taxonomy":"post_tag","embeddable":true,"href":"https:\/\/www.elamazonico.com\/portal\/wp-json\/wp\/v2\/tags?post=14938"}],"curies":[{"name":"wp","href":"https:\/\/api.w.org\/{rel}","templated":true}]}}