{"id":14935,"date":"2024-04-09T10:42:40","date_gmt":"2024-04-09T15:42:40","guid":{"rendered":"https:\/\/www.elamazonico.comportal\/?p=14935"},"modified":"2024-04-09T10:42:40","modified_gmt":"2024-04-09T15:42:40","slug":"snai-detalla-sobre-el-estado-de-salud-de-jorge-glas-y-su-posterior-traslado-a-carcel-la-roca-en-guayaquil","status":"publish","type":"post","link":"https:\/\/www.elamazonico.com\/portal\/snai-detalla-sobre-el-estado-de-salud-de-jorge-glas-y-su-posterior-traslado-a-carcel-la-roca-en-guayaquil\/","title":{"rendered":"SNAI detalla sobre el estado de salud de Jorge Glas y su posterior traslado a c\u00e1rcel La Roca en Guayaquil"},"content":{"rendered":"<p class=\"p_0\">El Servicio Nacional de Atenci\u00f3n Integral a Personas Adultas Privadas de la Libertad y a Adolescentes Infractores (SNAI) ha proporcionado detalles sobre el estado de\u00a0<b>salud<\/b>\u00a0del exvicepresidente\u00a0<b>Jorge Glas<\/b>, quien guarda prisi\u00f3n en la c\u00e1rcel de m\u00e1xima seguridad La Roca en Guayaquil desde el pasado s\u00e1bado, tras ser detenido en el interior de la\u00a0<b>Embajada de M\u00e9xico<\/b>\u00a0en Quito.<\/p>\n<p class=\"p_1\">Seg\u00fan el informe del SNAI, la persona privada de la libertad fue trasladada al Hospital Naval de Guayaquil, donde ha permanecido bajo observaci\u00f3n m\u00e9dica. Sin embargo, las evaluaciones realizadas indican que sus par\u00e1metros de salud son\u00a0<b>aceptables\u00a0<\/b>y se encuentran dentro del rango de normalidad, lo que permite su<b>\u00a0alta m\u00e9dica<\/b>\u00a0correspondiente.<\/p>\n<p>Por lo que, en cumplimiento de los protocolos de seguridad, Jorge Glas ser\u00e1 trasladado de regreso al Centro de Privaci\u00f3n de Libertad (CPL) Guayas No. 3 durante este martes 9 de abril, donde se asegurar\u00e1 la \u00abprotecci\u00f3n de su integridad f\u00edsica\u00bb.<\/p>\n<p class=\"p_3\"><b>Lea tambi\u00e9n:\u00a0<a href=\"https:\/\/www.vistazo.com\/politica\/nacional\/daniel-noboa-dice-que-todo-delincuente-sentenciado-cumpla-su-pena-en-la-carcel-en-alusion-a-jorge-glas-DY7122757\">Daniel Noboa dice \u00abque todo delincuente sentenciado cumpla su pena en la c\u00e1rcel\u00bb, en alusi\u00f3n a Jorge Glas<\/a><\/b><\/p>\n<p class=\"p_4\">Adem\u00e1s, en su comunicado el SNAI resalt\u00f3 \u00absu compromiso con la seguridad, la justicia, la rehabilitaci\u00f3n y el respeto de los derechos humanos en el Sistema Nacional de Rehabilitaci\u00f3n Social\u00bb.<\/p>\n<p class=\"p_5\">Asimismo, la versi\u00f3n oficial contradice las especulaciones previas sobre un intento de suicidio por parte de Jorge Glas debido a una sobredosis de medicamentos. Seg\u00fan el servicio penitenciario, la descompensaci\u00f3n de Glas fue resultado de su negativa a consumir alimentos durante las \u00faltimas 24 horas.<\/p>\n<p class=\"p_6\">La ma\u00f1ana del lunes Glas no atendi\u00f3 el llamado para la cuenta de reos en la c\u00e1rcel de m\u00e1xima seguridad La Roca y que, por ello, se activaron los protocolos de atenci\u00f3n de salud.<\/p>\n<p class=\"p_7\">Glas fue arrestado el pasado viernes tras una violenta irrupci\u00f3n de polic\u00edas ecuatorianos en la Embajada de M\u00e9xico en Quito y traslado finalmente a la prisi\u00f3n de m\u00e1xima seguridad en Guayaquil.<\/p>\n<p class=\"p_8\">La operaci\u00f3n deriv\u00f3 en la ruptura de las relaciones diplom\u00e1ticas entre M\u00e9xico y Ecuador.<\/p>\n<p><strong>Fuente: Vistazo.<\/strong><\/p>\n","protected":false},"excerpt":{"rendered":"<p>El Servicio Nacional de Atenci\u00f3n Integral a Personas Adultas Privadas de la Libertad y a Adolescentes Infractores (SNAI) ha proporcionado detalles sobre el estado de\u00a0salud\u00a0del exvicepresidente\u00a0Jorge Glas, quien guarda prisi\u00f3n en la c\u00e1rcel de m\u00e1xima seguridad La Roca en Guayaquil desde el pasado s\u00e1bado, tras ser detenido en el interior de la\u00a0Embajada de M\u00e9xico\u00a0en Quito. Seg\u00fan el informe del SNAI, la persona privada de la libertad fue trasladada al Hospital Naval de Guayaquil, donde ha permanecido bajo observaci\u00f3n m\u00e9dica. Sin embargo, las evaluaciones realizadas indican que sus par\u00e1metros de salud son\u00a0aceptables\u00a0y se encuentran dentro del rango de normalidad, lo que permite su\u00a0alta m\u00e9dica\u00a0correspondiente. Por lo que, en cumplimiento de los protocolos de seguridad, Jorge Glas ser\u00e1 trasladado de regreso al Centro de Privaci\u00f3n de Libertad (CPL) Guayas No. 3 durante este martes 9 de abril, donde se asegurar\u00e1 la \u00abprotecci\u00f3n de su integridad f\u00edsica\u00bb. Lea tambi\u00e9n:\u00a0Daniel Noboa dice \u00abque todo delincuente sentenciado cumpla su pena en la c\u00e1rcel\u00bb, en alusi\u00f3n a Jorge Glas Adem\u00e1s, en su comunicado el SNAI resalt\u00f3 \u00absu compromiso con la seguridad, la justicia, la rehabilitaci\u00f3n y el respeto de los derechos humanos en el Sistema Nacional de Rehabilitaci\u00f3n Social\u00bb. Asimismo, la versi\u00f3n oficial contradice las especulaciones previas sobre un intento de suicidio por parte de Jorge Glas debido a una sobredosis de medicamentos. Seg\u00fan el servicio penitenciario, la descompensaci\u00f3n de Glas fue resultado de su negativa a consumir alimentos durante las \u00faltimas 24 horas. La ma\u00f1ana del lunes Glas no atendi\u00f3 el llamado para la cuenta de reos en la c\u00e1rcel de m\u00e1xima seguridad La Roca y que, por ello, se activaron los protocolos de atenci\u00f3n de salud. Glas fue arrestado el pasado viernes tras una violenta irrupci\u00f3n de polic\u00edas ecuatorianos en la Embajada de M\u00e9xico en Quito y traslado finalmente a la prisi\u00f3n de m\u00e1xima seguridad en Guayaquil. La operaci\u00f3n deriv\u00f3 en la ruptura de las relaciones diplom\u00e1ticas entre M\u00e9xico y Ecuador. Fuente: Vistazo.<\/p>\n","protected":false},"author":1,"featured_media":14936,"comment_status":"open","ping_status":"open","sticky":false,"template":"","format":"standard","meta":{"footnotes":""},"categories":[268],"tags":[],"class_list":["post-14935","post","type-post","status-publish","format-standard","has-post-thumbnail","hentry","category-nacionales"],"_links":{"self":[{"href":"https:\/\/www.elamazonico.com\/portal\/wp-json\/wp\/v2\/posts\/14935","targetHints":{"allow":["GET"]}}],"collection":[{"href":"https:\/\/www.elamazonico.com\/portal\/wp-json\/wp\/v2\/posts"}],"about":[{"href":"https:\/\/www.elamazonico.com\/portal\/wp-json\/wp\/v2\/types\/post"}],"author":[{"embeddable":true,"href":"https:\/\/www.elamazonico.com\/portal\/wp-json\/wp\/v2\/users\/1"}],"replies":[{"embeddable":true,"href":"https:\/\/www.elamazonico.com\/portal\/wp-json\/wp\/v2\/comments?post=14935"}],"version-history":[{"count":1,"href":"https:\/\/www.elamazonico.com\/portal\/wp-json\/wp\/v2\/posts\/14935\/revisions"}],"predecessor-version":[{"id":14937,"href":"https:\/\/www.elamazonico.com\/portal\/wp-json\/wp\/v2\/posts\/14935\/revisions\/14937"}],"wp:featuredmedia":[{"embeddable":true,"href":"https:\/\/www.elamazonico.com\/portal\/wp-json\/wp\/v2\/media\/14936"}],"wp:attachment":[{"href":"https:\/\/www.elamazonico.com\/portal\/wp-json\/wp\/v2\/media?parent=14935"}],"wp:term":[{"taxonomy":"category","embeddable":true,"href":"https:\/\/www.elamazonico.com\/portal\/wp-json\/wp\/v2\/categories?post=14935"},{"taxonomy":"post_tag","embeddable":true,"href":"https:\/\/www.elamazonico.com\/portal\/wp-json\/wp\/v2\/tags?post=14935"}],"curies":[{"name":"wp","href":"https:\/\/api.w.org\/{rel}","templated":true}]}}