{"id":14924,"date":"2024-04-09T07:45:07","date_gmt":"2024-04-09T12:45:07","guid":{"rendered":"https:\/\/www.elamazonico.comportal\/?p=14924"},"modified":"2024-04-09T07:45:07","modified_gmt":"2024-04-09T12:45:07","slug":"la-captura-de-jorge-glas-una-victoria-politica-para-daniel-noboa-o-un-tiro-por-la-culata","status":"publish","type":"post","link":"https:\/\/www.elamazonico.com\/portal\/la-captura-de-jorge-glas-una-victoria-politica-para-daniel-noboa-o-un-tiro-por-la-culata\/","title":{"rendered":"La captura de Jorge Glas, \u00bfuna victoria pol\u00edtica para Daniel Noboa o un tiro por la culata?"},"content":{"rendered":"<p>Cero impunidad y la defensa de la soberan\u00eda son los pilares de la respuesta del presidente Daniel Noboa ante la crisis diplom\u00e1tica desatada por la incursi\u00f3n en la Embajada de M\u00e9xico y posterior detenci\u00f3n del exvicepresidente Jorge Glas.<\/p>\n<p>Inmediatamente despu\u00e9s del operativo, la noche del 6 de abril, el Gobierno lanz\u00f3 un mensaje digital: \u00abning\u00fan delincuente puede ser considerado un perseguido pol\u00edtico\u00bb. La imagen est\u00e1 acompa\u00f1ada del sello del secreto Plan F\u00e9nix.<\/p>\n<p>As\u00ed, el Ejecutivo utiliz\u00f3 la misma l\u00ednea gr\u00e1fica de su guerra contra el terrorismo, para respaldar su decisi\u00f3n de violar la inmunidad de la sede diplom\u00e1tica mexicana y capturar a un ciudadano pr\u00f3fugo de la justicia y sentenciado por corrupci\u00f3n.<\/p>\n<p>https:\/\/twitter.com\/Presidencia_Ec\/status\/1776480523688325450<\/p>\n<p>La canciller Gabriela Sommerfeld y el secretario de Comunicaci\u00f3n, Roberto Izurieta, fueron los encargados de difundir los ejes del mensaje gubernamental:<\/p>\n<p>Hubo un abuso de las inmunidades y privilegios diplom\u00e1ticos.<\/p>\n<p>M\u00e9xico violent\u00f3 al Convenci\u00f3n de Caracas sobre el asilo, que proh\u00edbe otorgarlo a personas procesadas o sentenciadas por delitos comunes ante tribunales ordinarios.<\/p>\n<p>Jorge Glas pretend\u00eda fugarse del pa\u00eds.<\/p>\n<p>El presidente mexicano intervino en los asuntos internos de Ecuador.<\/p>\n<p>M\u00e9xico contribuy\u00f3 a que el exvicepresidente incumpla las \u00f3rdenes judiciales.<\/p>\n<p>Mientras tanto, la agenda presidencial se mantuvo sin alteraciones. El 6 de abril, el Primer Mandatario particip\u00f3 en una ceremonia ancestral, en Antonio Ante; el 7 de abril, emiti\u00f3 un decreto para la continuidad del estado de conflicto armado, se dedic\u00f3 a las redes sociales y a su familia.<\/p>\n<p>Pero, en medio de las cr\u00edticas y aplausos por la captura de Jorge Glas, este 9 de abril, el presidente Noboa public\u00f3 una carta dirigida a la ciudadan\u00eda y la comunidad internacional.<\/p>\n<p>En el texto se justific\u00f3 y dijo que ha \u00abtomado decisiones excepcionales para proteger la seguridad nacional, el Estado de Derecho y la dignidad de un pueblo que rechaza cualquier tipo de impunidad a criminales, delincuentes, corruptos o narcoterroristas\u00bb.<small><br \/>\n<\/small><\/p>\n<p>El Mandatario record\u00f3 que Ecuador ya hab\u00eda sido burlado antes: Mar\u00eda de los \u00c1ngeles Duarte fue la \u00faltima figura pol\u00edtica procesada penalmente que huy\u00f3 del pa\u00eds mientras estaba bajo la custodia de la Embajada de Argentina, en Quito.<\/p>\n<p>As\u00ed, Noboa afirm\u00f3 que las reacciones de ciertos grupos demuestran que ponen \u00absus intereses y proyecto pol\u00edtico por encima\u00bb del pa\u00eds o que tratan de convertir el caso de Glas en \u00abuna lucha ideol\u00f3gica\u00bb.<\/p>\n<p>Mientras tanto, las redes sociales se inundan de mensajes sobre lo sucedido y se multiplican los comunicados de condena, entre la comunidad internacional, y de respaldo al Gobierno mexicano.<\/p>\n<p>Sin embargo, aunque la conversaci\u00f3n fuera del pa\u00eds fue bastante un\u00e1nime, sobre el derecho internacional, en Ecuador el tema fue politiz\u00e1ndose y se dividi\u00f3 entre los que consideran a Glas un delincuente com\u00fan y quienes lo califican como un perseguido pol\u00edtico.<\/p>\n<p><strong>Una campa\u00f1a electoral de por medio <\/strong><\/p>\n<p>El primer grupo est\u00e1 encabezado por el presidente Daniel Noboa, que lidera a la vez un conflicto armado interno y una campa\u00f1a electoral. Y el Gobierno ha intercalado mensajes sobre la detenci\u00f3n del exvicepresidente con la propaganda sobre la consulta popular y referendo.<\/p>\n<p>Este \u00faltimo fin de semana la campa\u00f1a gubernamental se centr\u00f3 precisamente en la pregunta G de la consulta, que ocupa el octavo lugar en la papeleta. Esta plantea que se incrementen las penas para una decena de delitos relacionados con el crimen organizado.<\/p>\n<p>Pero, ninguno de esos delitos aplica al exmandatario Glas, quien est\u00e1 sentenciado por asociaci\u00f3n il\u00edcita y cohecho y est\u00e1 siendo procesado por presunto peculado.<\/p>\n<p>https:\/\/twitter.com\/Presidencia_Ec\/status\/1776690030443987242<\/p>\n<p>Adem\u00e1s, el mismo presidente Noboa hizo campa\u00f1a en su \u00faltimo evento sobre empleo. Habl\u00f3 de pol\u00edticos delincuentes, llam\u00f3 a la ciudadan\u00eda a votar \u00abS\u00ed\u00bb en todas las preguntas y agradeci\u00f3 a las fuerzas del orden.<\/p>\n<p>El Mandatario subray\u00f3 que el objetivo de su gobierno es que \u00abtodo delincuente sentenciado cumpla su pena en la c\u00e1rcel, cueste lo que cueste\u00bb.<\/p>\n<p>Adem\u00e1s, el Partido Social Cristiano (PSC) lanz\u00f3 un comunicado condenando las acciones del gobierno mexicano, por su intervenci\u00f3n en los asuntos internos de Ecuador y su irrespeto de la administraci\u00f3n de justicia por intentar asilar a Glas.<\/p>\n<p>El movimiento Construye tambi\u00e9n dej\u00f3 en claro que el refugio del exvicepresidente fue una afrenta a las leyes ecuatorianas y afirmaron que \u00abla libertad de Jorge Glas Espinel fue el resultado de una operaci\u00f3n entre el corre\u00edsmo y el crimen organizado\u00bb.<\/p>\n<p>Este sentimiento fue compartido por miles de personas que consideran que los sentenciados por la Justicia deben pagar su condena o que tienen desacuerdos con la tendencia pol\u00edtica que Glas representa. Y la aceptaci\u00f3n de esa decisi\u00f3n puede trasladarse a las urnas, el pr\u00f3ximo 21 de abril.<\/p>\n<p><strong>En la otra orilla <\/strong><\/p>\n<p>El principal grupo pol\u00edtico en atacar la decisi\u00f3n del Gobierno y pedir sanciones, incluso internacionales para el pa\u00eds, fue el corre\u00edsmo. La Revoluci\u00f3n Ciudadana se mantiene en su argumento de que Jorge Glas es un perseguido pol\u00edtico y hasta pidi\u00f3 la renuncia de Noboa.<\/p>\n<p>El expresidente Rafael Correa dijo que \u00abni en las peores dictaduras se ha violado la embajada de un pa\u00eds. No vivimos un Estado de derecho, sino un Estado de barbarie\u00bb. A esa l\u00ednea discursiva se sumaron decenas de figuras del movimiento pol\u00edtico.<\/p>\n<p>Otros miles de ciudadanos compartieron la opini\u00f3n de esa tienda pol\u00edtica, que represent\u00f3 a un 34% de los electores en agosto de 2023, y criticaron las decisiones del presidente Noboa as\u00ed como los lineamientos de su gesti\u00f3n.<\/p>\n<p>Adem\u00e1s, esto le podr\u00eda costar a Noboa algunas bajas en el gabinete ministerial, ya que los asamble\u00edstas de la bancada corre\u00edsta hicieron una solicitud de enjuiciamiento pol\u00edtico contra las ministras Gabriela Sommerfeld, de Relaciones Exteriores, y M\u00f3nica Palencia, de Gobierno, por la incursi\u00f3n en la Embajada mexicana y \u00abel secuestro de un asilado pol\u00edtico\u00bb.<\/p>\n<p>La Conaie tambi\u00e9n conden\u00f3 la acci\u00f3n del Ejecutivo, pero no defendi\u00f3 al exvicepresidente. El movimiento ind\u00edgena afirm\u00f3 que el Mandatario \u00abrecurre a la fuerza para asegurar sus trofeos pol\u00edticos\u00bb. Sin embargo, ninguna otra fuerza pol\u00edtica o social de oposici\u00f3n al Gobierno se pronunci\u00f3 sobre el tema, hasta el cierre de esta edici\u00f3n. <strong>Fuente: Primicias\u00a0<\/strong><\/p>\n","protected":false},"excerpt":{"rendered":"<p>Cero impunidad y la defensa de la soberan\u00eda son los pilares de la respuesta del presidente Daniel Noboa ante la crisis diplom\u00e1tica desatada por la incursi\u00f3n en la Embajada de M\u00e9xico y posterior detenci\u00f3n del exvicepresidente Jorge Glas. Inmediatamente despu\u00e9s del operativo, la noche del 6 de abril, el Gobierno lanz\u00f3 un mensaje digital: \u00abning\u00fan delincuente puede ser considerado un perseguido pol\u00edtico\u00bb. La imagen est\u00e1 acompa\u00f1ada del sello del secreto Plan F\u00e9nix. As\u00ed, el Ejecutivo utiliz\u00f3 la misma l\u00ednea gr\u00e1fica de su guerra contra el terrorismo, para respaldar su decisi\u00f3n de violar la inmunidad de la sede diplom\u00e1tica mexicana y capturar a un ciudadano pr\u00f3fugo de la justicia y sentenciado por corrupci\u00f3n. https:\/\/twitter.com\/Presidencia_Ec\/status\/1776480523688325450 La canciller Gabriela Sommerfeld y el secretario de Comunicaci\u00f3n, Roberto Izurieta, fueron los encargados de difundir los ejes del mensaje gubernamental: Hubo un abuso de las inmunidades y privilegios diplom\u00e1ticos. M\u00e9xico violent\u00f3 al Convenci\u00f3n de Caracas sobre el asilo, que proh\u00edbe otorgarlo a personas procesadas o sentenciadas por delitos comunes ante tribunales ordinarios. Jorge Glas pretend\u00eda fugarse del pa\u00eds. El presidente mexicano intervino en los asuntos internos de Ecuador. M\u00e9xico contribuy\u00f3 a que el exvicepresidente incumpla las \u00f3rdenes judiciales. Mientras tanto, la agenda presidencial se mantuvo sin alteraciones. El 6 de abril, el Primer Mandatario particip\u00f3 en una ceremonia ancestral, en Antonio Ante; el 7 de abril, emiti\u00f3 un decreto para la continuidad del estado de conflicto armado, se dedic\u00f3 a las redes sociales y a su familia. Pero, en medio de las cr\u00edticas y aplausos por la captura de Jorge Glas, este 9 de abril, el presidente Noboa public\u00f3 una carta dirigida a la ciudadan\u00eda y la comunidad internacional. En el texto se justific\u00f3 y dijo que ha \u00abtomado decisiones excepcionales para proteger la seguridad nacional, el Estado de Derecho y la dignidad de un pueblo que rechaza cualquier tipo de impunidad a criminales, delincuentes, corruptos o narcoterroristas\u00bb. El Mandatario record\u00f3 que Ecuador ya hab\u00eda sido burlado antes: Mar\u00eda de los \u00c1ngeles Duarte fue la \u00faltima figura pol\u00edtica procesada penalmente que huy\u00f3 del pa\u00eds mientras estaba bajo la custodia de la Embajada de Argentina, en Quito. As\u00ed, Noboa afirm\u00f3 que las reacciones de ciertos grupos demuestran que ponen \u00absus intereses y proyecto pol\u00edtico por encima\u00bb del pa\u00eds o que tratan de convertir el caso de Glas en \u00abuna lucha ideol\u00f3gica\u00bb. Mientras tanto, las redes sociales se inundan de mensajes sobre lo sucedido y se multiplican los comunicados de condena, entre la comunidad internacional, y de respaldo al Gobierno mexicano. Sin embargo, aunque la conversaci\u00f3n fuera del pa\u00eds fue bastante un\u00e1nime, sobre el derecho internacional, en Ecuador el tema fue politiz\u00e1ndose y se dividi\u00f3 entre los que consideran a Glas un delincuente com\u00fan y quienes lo califican como un perseguido pol\u00edtico. Una campa\u00f1a electoral de por medio El primer grupo est\u00e1 encabezado por el presidente Daniel Noboa, que lidera a la vez un conflicto armado interno y una campa\u00f1a electoral. Y el Gobierno ha intercalado mensajes sobre la detenci\u00f3n del exvicepresidente con la propaganda sobre la consulta popular y referendo. Este \u00faltimo fin de semana la campa\u00f1a gubernamental se centr\u00f3 precisamente en la pregunta G de la consulta, que ocupa el octavo lugar en la papeleta. Esta plantea que se incrementen las penas para una decena de delitos relacionados con el crimen organizado. Pero, ninguno de esos delitos aplica al exmandatario Glas, quien est\u00e1 sentenciado por asociaci\u00f3n il\u00edcita y cohecho y est\u00e1 siendo procesado por presunto peculado. https:\/\/twitter.com\/Presidencia_Ec\/status\/1776690030443987242 Adem\u00e1s, el mismo presidente Noboa hizo campa\u00f1a en su \u00faltimo evento sobre empleo. Habl\u00f3 de pol\u00edticos delincuentes, llam\u00f3 a la ciudadan\u00eda a votar \u00abS\u00ed\u00bb en todas las preguntas y agradeci\u00f3 a las fuerzas del orden. El Mandatario subray\u00f3 que el objetivo de su gobierno es que \u00abtodo delincuente sentenciado cumpla su pena en la c\u00e1rcel, cueste lo que cueste\u00bb. Adem\u00e1s, el Partido Social Cristiano (PSC) lanz\u00f3 un comunicado condenando las acciones del gobierno mexicano, por su intervenci\u00f3n en los asuntos internos de Ecuador y su irrespeto de la administraci\u00f3n de justicia por intentar asilar a Glas. El movimiento Construye tambi\u00e9n dej\u00f3 en claro que el refugio del exvicepresidente fue una afrenta a las leyes ecuatorianas y afirmaron que \u00abla libertad de Jorge Glas Espinel fue el resultado de una operaci\u00f3n entre el corre\u00edsmo y el crimen organizado\u00bb. Este sentimiento fue compartido por miles de personas que consideran que los sentenciados por la Justicia deben pagar su condena o que tienen desacuerdos con la tendencia pol\u00edtica que Glas representa. Y la aceptaci\u00f3n de esa decisi\u00f3n puede trasladarse a las urnas, el pr\u00f3ximo 21 de abril. En la otra orilla El principal grupo pol\u00edtico en atacar la decisi\u00f3n del Gobierno y pedir sanciones, incluso internacionales para el pa\u00eds, fue el corre\u00edsmo. La Revoluci\u00f3n Ciudadana se mantiene en su argumento de que Jorge Glas es un perseguido pol\u00edtico y hasta pidi\u00f3 la renuncia de Noboa. El expresidente Rafael Correa dijo que \u00abni en las peores dictaduras se ha violado la embajada de un pa\u00eds. No vivimos un Estado de derecho, sino un Estado de barbarie\u00bb. A esa l\u00ednea discursiva se sumaron decenas de figuras del movimiento pol\u00edtico. Otros miles de ciudadanos compartieron la opini\u00f3n de esa tienda pol\u00edtica, que represent\u00f3 a un 34% de los electores en agosto de 2023, y criticaron las decisiones del presidente Noboa as\u00ed como los lineamientos de su gesti\u00f3n. Adem\u00e1s, esto le podr\u00eda costar a Noboa algunas bajas en el gabinete ministerial, ya que los asamble\u00edstas de la bancada corre\u00edsta hicieron una solicitud de enjuiciamiento pol\u00edtico contra las ministras Gabriela Sommerfeld, de Relaciones Exteriores, y M\u00f3nica Palencia, de Gobierno, por la incursi\u00f3n en la Embajada mexicana y \u00abel secuestro de un asilado pol\u00edtico\u00bb. La Conaie tambi\u00e9n conden\u00f3 la acci\u00f3n del Ejecutivo, pero no defendi\u00f3 al exvicepresidente. El movimiento ind\u00edgena afirm\u00f3 que el Mandatario \u00abrecurre a la fuerza para asegurar sus trofeos pol\u00edticos\u00bb. Sin embargo, ninguna otra fuerza pol\u00edtica o social de oposici\u00f3n al Gobierno se pronunci\u00f3 sobre el tema, hasta el cierre de esta edici\u00f3n. Fuente: Primicias\u00a0<\/p>\n","protected":false},"author":1,"featured_media":14925,"comment_status":"open","ping_status":"open","sticky":false,"template":"","format":"standard","meta":{"footnotes":""},"categories":[268],"tags":[],"class_list":["post-14924","post","type-post","status-publish","format-standard","has-post-thumbnail","hentry","category-nacionales"],"_links":{"self":[{"href":"https:\/\/www.elamazonico.com\/portal\/wp-json\/wp\/v2\/posts\/14924","targetHints":{"allow":["GET"]}}],"collection":[{"href":"https:\/\/www.elamazonico.com\/portal\/wp-json\/wp\/v2\/posts"}],"about":[{"href":"https:\/\/www.elamazonico.com\/portal\/wp-json\/wp\/v2\/types\/post"}],"author":[{"embeddable":true,"href":"https:\/\/www.elamazonico.com\/portal\/wp-json\/wp\/v2\/users\/1"}],"replies":[{"embeddable":true,"href":"https:\/\/www.elamazonico.com\/portal\/wp-json\/wp\/v2\/comments?post=14924"}],"version-history":[{"count":1,"href":"https:\/\/www.elamazonico.com\/portal\/wp-json\/wp\/v2\/posts\/14924\/revisions"}],"predecessor-version":[{"id":14926,"href":"https:\/\/www.elamazonico.com\/portal\/wp-json\/wp\/v2\/posts\/14924\/revisions\/14926"}],"wp:featuredmedia":[{"embeddable":true,"href":"https:\/\/www.elamazonico.com\/portal\/wp-json\/wp\/v2\/media\/14925"}],"wp:attachment":[{"href":"https:\/\/www.elamazonico.com\/portal\/wp-json\/wp\/v2\/media?parent=14924"}],"wp:term":[{"taxonomy":"category","embeddable":true,"href":"https:\/\/www.elamazonico.com\/portal\/wp-json\/wp\/v2\/categories?post=14924"},{"taxonomy":"post_tag","embeddable":true,"href":"https:\/\/www.elamazonico.com\/portal\/wp-json\/wp\/v2\/tags?post=14924"}],"curies":[{"name":"wp","href":"https:\/\/api.w.org\/{rel}","templated":true}]}}