{"id":14902,"date":"2024-04-08T17:33:15","date_gmt":"2024-04-08T22:33:15","guid":{"rendered":"https:\/\/www.elamazonico.comportal\/?p=14902"},"modified":"2024-04-08T17:33:59","modified_gmt":"2024-04-08T22:33:59","slug":"presidente-noboa-envia-mensaje-a-mexico","status":"publish","type":"post","link":"https:\/\/www.elamazonico.com\/portal\/presidente-noboa-envia-mensaje-a-mexico\/","title":{"rendered":"Presidente Noboa env\u00eda mensaje a M\u00e9xico"},"content":{"rendered":"<p><strong>El presidente Daniel Noboa<\/strong> se pronunci\u00f3 este lunes, 8 de abril de 2024, sobre los \u00faltimos hechos relacionados con M\u00e9xico y el asilo concedido al exvicepresidente Jorge Glas.<\/p>\n<div class=\"google-auto-placed ap_container\">\n<div id=\"aswift_3_host\">A trav\u00e9s de un comunicado, el <strong>Jefe de Estado<\/strong>\u00a0empez\u00f3 su pronunciamiento indicando que en los \u00faltimos d\u00edas ha tomado decisiones excepcionales para proteger la seguridad nacional, el Estado de Derecho y la dignidad del pueblo ecuatoriano.<\/div>\n<p>&nbsp;<\/p>\n<\/div>\n<p>El Primer Mandatario dijo que rechaza cualquier tipo de\u00a0<strong>impunidad a criminales, delincuentes, corruptos o narcoterroristas.<\/strong><\/p>\n<p>\u201cMi obligaci\u00f3n es cumplir con los dict\u00e1menes de la justicia y no pod\u00edamos permitir que se asile a delincuentes sentenciados, involucrados en cr\u00edmenes muy graves\u201d, se\u00f1al\u00f3 en referencia al asilo que\u00a0<strong>M\u00e9xico le otorg\u00f3 al exvicepresidente Jorge Glas.\u00a0<\/strong><\/p>\n<p>Seg\u00fan el comunicado, el asilo a Glas viola el el Art\u00edculo III del Acuerdo de Caracas, el Art\u00edculo i de la Convenci\u00f3n de Montevideo, y Art\u00edculo 41 de la Convenci\u00f3n de Viena.<\/p>\n<p>Noboa afirm\u00f3 que no pod\u00edan correr el riesgo inminente de una fuga, como ya hab\u00eda pasado antes.<\/p>\n<p>\u201cHemos visto las reacciones de algunos grupos que han puesto sus intereses y proyecto pol\u00edtico por encima de la soberan\u00eda, dignidad y la justicia del Ecuador. Otros, han tratado de volverlo una lucha ideol\u00f3gica, tratando de encasillarme en un extremo del cual nunca he sido parte\u201d, se\u00f1al\u00f3.<\/p>\n<p>En el comunicado Noboa tambi\u00e9n habla sobre los pedidos que han realizado pol\u00edticos para que\u00a0<strong>Ecuador sea sancionado econ\u00f3micamente.\u00a0\u00a0<\/strong><\/p>\n<p>\u201cUnos pol\u00edticos ecuatorianos caducos, han solicitado a M\u00e9xico que nos declare la guerra, y a la comunidad internacional que nos sancione econ\u00f3micamente, incurriendo en una traici\u00f3n a la Patria nunca antes vista\u201d, indic\u00f3.<\/p>\n<div class=\"google-auto-placed ap_container\">\n<p>&nbsp;<\/p>\n<div id=\"aswift_4_host\">El expresidente Rafael Correa fue uno de ellos. El exjefe de Estado en entrevistas p\u00fablicas mencion\u00f3 que Ecuador debe ser sancionado econ\u00f3micamente por la incursi\u00f3n a la <strong>embajada de M\u00e9xico, en Quito.\u00a0<\/strong><\/div>\n<p>&nbsp;<\/p>\n<\/div>\n<p>Por \u00faltimo, el presidente Noboa envi\u00f3 un mensaje a M\u00e9xico. \u201cAl pueblo hermano de M\u00e9xico quiero expresarle que siempre estar\u00e9 dispuesto a resolver cualquier diferencia, pero que la justicia no se negocia, y que jam\u00e1s protegeremos a criminales que les han hecho da\u00f1o a los mexicanos\u201d. <strong>Fuente: El Tel\u00e9grafo<\/strong><\/p>\n<p>Noboa tambi\u00e9n agradeci\u00f3 a la\u00a0<strong>Polic\u00eda Nacional, las Fuerzas Armadas.<\/strong><\/p>\n<blockquote class=\"twitter-tweet\" data-width=\"550\" data-dnt=\"true\">\n<p lang=\"es\" dir=\"ltr\">A la ciudadan\u00eda y la comunidad internacional: <a href=\"https:\/\/t.co\/ApGngKJqVB\">pic.twitter.com\/ApGngKJqVB<\/a><\/p>\n<p>&mdash; Daniel Noboa Azin (@DanielNoboaOk) <a href=\"https:\/\/twitter.com\/DanielNoboaOk\/status\/1777430159991230881?ref_src=twsrc%5Etfw\">April 8, 2024<\/a><\/p><\/blockquote>\n<p><script async src=\"https:\/\/platform.twitter.com\/widgets.js\" charset=\"utf-8\"><\/script><\/p>\n","protected":false},"excerpt":{"rendered":"<p>El presidente Daniel Noboa se pronunci\u00f3 este lunes, 8 de abril de 2024, sobre los \u00faltimos hechos relacionados con M\u00e9xico y el asilo concedido al exvicepresidente Jorge Glas. A trav\u00e9s de un comunicado, el Jefe de Estado\u00a0empez\u00f3 su pronunciamiento indicando que en los \u00faltimos d\u00edas ha tomado decisiones excepcionales para proteger la seguridad nacional, el Estado de Derecho y la dignidad del pueblo ecuatoriano. &nbsp; El Primer Mandatario dijo que rechaza cualquier tipo de\u00a0impunidad a criminales, delincuentes, corruptos o narcoterroristas. \u201cMi obligaci\u00f3n es cumplir con los dict\u00e1menes de la justicia y no pod\u00edamos permitir que se asile a delincuentes sentenciados, involucrados en cr\u00edmenes muy graves\u201d, se\u00f1al\u00f3 en referencia al asilo que\u00a0M\u00e9xico le otorg\u00f3 al exvicepresidente Jorge Glas.\u00a0 Seg\u00fan el comunicado, el asilo a Glas viola el el Art\u00edculo III del Acuerdo de Caracas, el Art\u00edculo i de la Convenci\u00f3n de Montevideo, y Art\u00edculo 41 de la Convenci\u00f3n de Viena. Noboa afirm\u00f3 que no pod\u00edan correr el riesgo inminente de una fuga, como ya hab\u00eda pasado antes. \u201cHemos visto las reacciones de algunos grupos que han puesto sus intereses y proyecto pol\u00edtico por encima de la soberan\u00eda, dignidad y la justicia del Ecuador. Otros, han tratado de volverlo una lucha ideol\u00f3gica, tratando de encasillarme en un extremo del cual nunca he sido parte\u201d, se\u00f1al\u00f3. En el comunicado Noboa tambi\u00e9n habla sobre los pedidos que han realizado pol\u00edticos para que\u00a0Ecuador sea sancionado econ\u00f3micamente.\u00a0\u00a0 \u201cUnos pol\u00edticos ecuatorianos caducos, han solicitado a M\u00e9xico que nos declare la guerra, y a la comunidad internacional que nos sancione econ\u00f3micamente, incurriendo en una traici\u00f3n a la Patria nunca antes vista\u201d, indic\u00f3. &nbsp; El expresidente Rafael Correa fue uno de ellos. El exjefe de Estado en entrevistas p\u00fablicas mencion\u00f3 que Ecuador debe ser sancionado econ\u00f3micamente por la incursi\u00f3n a la embajada de M\u00e9xico, en Quito.\u00a0 &nbsp; Por \u00faltimo, el presidente Noboa envi\u00f3 un mensaje a M\u00e9xico. \u201cAl pueblo hermano de M\u00e9xico quiero expresarle que siempre estar\u00e9 dispuesto a resolver cualquier diferencia, pero que la justicia no se negocia, y que jam\u00e1s protegeremos a criminales que les han hecho da\u00f1o a los mexicanos\u201d. Fuente: El Tel\u00e9grafo Noboa tambi\u00e9n agradeci\u00f3 a la\u00a0Polic\u00eda Nacional, las Fuerzas Armadas. A la ciudadan\u00eda y la comunidad internacional: pic.twitter.com\/ApGngKJqVB &mdash; Daniel Noboa Azin (@DanielNoboaOk) April 8, 2024<\/p>\n","protected":false},"author":1,"featured_media":14903,"comment_status":"open","ping_status":"open","sticky":false,"template":"","format":"standard","meta":{"footnotes":""},"categories":[268],"tags":[],"class_list":["post-14902","post","type-post","status-publish","format-standard","has-post-thumbnail","hentry","category-nacionales"],"_links":{"self":[{"href":"https:\/\/www.elamazonico.com\/portal\/wp-json\/wp\/v2\/posts\/14902","targetHints":{"allow":["GET"]}}],"collection":[{"href":"https:\/\/www.elamazonico.com\/portal\/wp-json\/wp\/v2\/posts"}],"about":[{"href":"https:\/\/www.elamazonico.com\/portal\/wp-json\/wp\/v2\/types\/post"}],"author":[{"embeddable":true,"href":"https:\/\/www.elamazonico.com\/portal\/wp-json\/wp\/v2\/users\/1"}],"replies":[{"embeddable":true,"href":"https:\/\/www.elamazonico.com\/portal\/wp-json\/wp\/v2\/comments?post=14902"}],"version-history":[{"count":2,"href":"https:\/\/www.elamazonico.com\/portal\/wp-json\/wp\/v2\/posts\/14902\/revisions"}],"predecessor-version":[{"id":14905,"href":"https:\/\/www.elamazonico.com\/portal\/wp-json\/wp\/v2\/posts\/14902\/revisions\/14905"}],"wp:featuredmedia":[{"embeddable":true,"href":"https:\/\/www.elamazonico.com\/portal\/wp-json\/wp\/v2\/media\/14903"}],"wp:attachment":[{"href":"https:\/\/www.elamazonico.com\/portal\/wp-json\/wp\/v2\/media?parent=14902"}],"wp:term":[{"taxonomy":"category","embeddable":true,"href":"https:\/\/www.elamazonico.com\/portal\/wp-json\/wp\/v2\/categories?post=14902"},{"taxonomy":"post_tag","embeddable":true,"href":"https:\/\/www.elamazonico.com\/portal\/wp-json\/wp\/v2\/tags?post=14902"}],"curies":[{"name":"wp","href":"https:\/\/api.w.org\/{rel}","templated":true}]}}