{"id":14884,"date":"2024-04-08T11:14:07","date_gmt":"2024-04-08T16:14:07","guid":{"rendered":"https:\/\/www.elamazonico.comportal\/?p=14884"},"modified":"2024-04-08T11:14:07","modified_gmt":"2024-04-08T16:14:07","slug":"rusia-critica-irrupcion-en-embajada-de-mexico-en-ecuador-no-puede-ser-aceptable-ninguna-violacion","status":"publish","type":"post","link":"https:\/\/www.elamazonico.com\/portal\/rusia-critica-irrupcion-en-embajada-de-mexico-en-ecuador-no-puede-ser-aceptable-ninguna-violacion\/","title":{"rendered":"Rusia critica irrupci\u00f3n en Embajada de M\u00e9xico en Ecuador: \u00abno puede ser aceptable ninguna violaci\u00f3n\u00bb"},"content":{"rendered":"<p class=\"p_0\"><b>Rusia<\/b>\u00a0expres\u00f3 \u00absu extrema preocupaci\u00f3n\u00bb por la irrupci\u00f3n armada de representantes de las fuerzas de seguridad ecuatorianas en la\u00a0<b>Embajada de M\u00e9xico<\/b>\u00a0en Quito.<\/p>\n<p class=\"p_1\">El Ministerio de Exteriores ruso inform\u00f3 que, este lunes 8 de abril, recibi\u00f3 al Embajador de Ecuador en Mosc\u00fa,<b>\u00a0Juan Fernando Holgu\u00edn Flores<\/b>, \u00abquien expuso la posici\u00f3n de las autoridades del pa\u00eds sudamericano\u00bb acerca de los acontecimientos ocurridos el pasado 5 de abril.<\/p>\n<p>Al respecto, el\u00a0<b>Kremlim\u00a0<\/b>manifest\u00f3 su extrema preocupaci\u00f3n y resalt\u00f3 su \u00abcompromiso incondicional\u00bb con la\u00a0<b>Convenci\u00f3n de Viena\u00a0<\/b>sobre Relaciones Diplom\u00e1ticas de 1961, que garantiza la<b>\u00a0inviolabilidad<\/b>\u00a0de las instalaciones de misiones diplom\u00e1ticas y su\u00a0<b>inmunidad<\/b>\u00a0frente a las acciones de registro, requisici\u00f3n, incautaci\u00f3n y ejecuci\u00f3n.<\/p>\n<p class=\"p_3\">\u00abLamentamos que, en medio del incidente, los\u00a0<b>diplom\u00e1ticos mexicanos<\/b>\u00a0resultaran<b>\u00a0lesionados<\/b>\u00ab, acot\u00f3 el Ministerio ruso, al calificar como \u00ab<b>peligrosa<\/b>\u00a0la interpretaci\u00f3n arbitraria de las normas fundamentales del derecho internacional\u00bb.<\/p>\n<p class=\"p_4\">Asimismo, el Gobierno de<b>\u00a0Putin<\/b>\u00a0reiter\u00f3 que no puede ser aceptable ninguna violaci\u00f3n, bajo un pretexto u otro, de la inviolabilidad de las misiones diplom\u00e1ticas, ya sea en Estados Unidos, Oriente Medio o Latinoam\u00e9rica. \u00abRusia siempre estar\u00e1 a favor de que Latinoam\u00e9rica siga siendo una zona de paz, aspirando a la unidad en su diversidad\u00bb, enfatiza el comunicado oficial.<\/p>\n<p class=\"p_5\"><b>Lea tambi\u00e9n |\u00a0<a href=\"https:\/\/www.vistazo.com\/portada\/daniel-noboa-la-agenda-la-impone-la-mayoria-no-un-pequeno-grupo-de-relajosos-FG7118272\">Daniel Noboa: \u201cLa agenda la impone la mayor\u00eda, no un peque\u00f1o grupo de relajosos\u201d<\/a><\/b><\/p>\n<p class=\"p_6\">Para concluir, el Kremlin expres\u00f3 su esperanza de que \u00ablos\u00a0<b>amigos latinoamericanos<\/b>\u00a0eviten acciones que puedan generar discordia en las relaciones tradicionalmente no conflictivas de buena vecindad y asociaci\u00f3n\u00bb, y encuentren una salida mutuamente aceptable de la situaci\u00f3n actual.<\/p>\n<p class=\"p_7\">La irrupci\u00f3n policial a la embajada ha sido condenada por numerosos pa\u00edses del continente americano, Espa\u00f1a y la Uni\u00f3n Europea, as\u00ed como organismos como la ONU y la OEA.<\/p>\n<p class=\"p_8\">De su parte,\u00a0<b><a href=\"https:\/\/www.vistazo.com\/portada\/mexico-llevara-a-ecuador-ante-la-justicia-internacional-por-asalto-a-su-embajada-XH7119220\">M\u00e9xico denunciar\u00e1 este lunes a Ecuador\u00a0<\/a><\/b>ante la Corte Internacional de Justicia (CIJ) por el asalto policial a su embajada en Quito para detener al exvicepresidente\u00a0<b>Jorge Glas<\/b>, acusado de corrupci\u00f3n y refugiado all\u00ed desde diciembre aduciendo una persecuci\u00f3n pol\u00edtica.<\/p>\n<p class=\"p_9\">La canciller mexicana\u00a0<b>Alicia B\u00e1rcena<\/b>\u00a0hizo el anuncio este domingo en una conferencia de prensa en el aeropuerto de Ciudad de M\u00e9xico, adonde recibi\u00f3 a los diplom\u00e1ticos de su pa\u00eds que abandonaron Ecuador luego de la ruptura de relaciones con el gobierno de\u00a0<b>Daniel Noboa<\/b>.<\/p>\n<p>\u00a0<strong>Fuente: Vistazo.<\/strong><\/p>\n","protected":false},"excerpt":{"rendered":"<p>Rusia\u00a0expres\u00f3 \u00absu extrema preocupaci\u00f3n\u00bb por la irrupci\u00f3n armada de representantes de las fuerzas de seguridad ecuatorianas en la\u00a0Embajada de M\u00e9xico\u00a0en Quito. El Ministerio de Exteriores ruso inform\u00f3 que, este lunes 8 de abril, recibi\u00f3 al Embajador de Ecuador en Mosc\u00fa,\u00a0Juan Fernando Holgu\u00edn Flores, \u00abquien expuso la posici\u00f3n de las autoridades del pa\u00eds sudamericano\u00bb acerca de los acontecimientos ocurridos el pasado 5 de abril. Al respecto, el\u00a0Kremlim\u00a0manifest\u00f3 su extrema preocupaci\u00f3n y resalt\u00f3 su \u00abcompromiso incondicional\u00bb con la\u00a0Convenci\u00f3n de Viena\u00a0sobre Relaciones Diplom\u00e1ticas de 1961, que garantiza la\u00a0inviolabilidad\u00a0de las instalaciones de misiones diplom\u00e1ticas y su\u00a0inmunidad\u00a0frente a las acciones de registro, requisici\u00f3n, incautaci\u00f3n y ejecuci\u00f3n. \u00abLamentamos que, en medio del incidente, los\u00a0diplom\u00e1ticos mexicanos\u00a0resultaran\u00a0lesionados\u00ab, acot\u00f3 el Ministerio ruso, al calificar como \u00abpeligrosa\u00a0la interpretaci\u00f3n arbitraria de las normas fundamentales del derecho internacional\u00bb. Asimismo, el Gobierno de\u00a0Putin\u00a0reiter\u00f3 que no puede ser aceptable ninguna violaci\u00f3n, bajo un pretexto u otro, de la inviolabilidad de las misiones diplom\u00e1ticas, ya sea en Estados Unidos, Oriente Medio o Latinoam\u00e9rica. \u00abRusia siempre estar\u00e1 a favor de que Latinoam\u00e9rica siga siendo una zona de paz, aspirando a la unidad en su diversidad\u00bb, enfatiza el comunicado oficial. Lea tambi\u00e9n |\u00a0Daniel Noboa: \u201cLa agenda la impone la mayor\u00eda, no un peque\u00f1o grupo de relajosos\u201d Para concluir, el Kremlin expres\u00f3 su esperanza de que \u00ablos\u00a0amigos latinoamericanos\u00a0eviten acciones que puedan generar discordia en las relaciones tradicionalmente no conflictivas de buena vecindad y asociaci\u00f3n\u00bb, y encuentren una salida mutuamente aceptable de la situaci\u00f3n actual. La irrupci\u00f3n policial a la embajada ha sido condenada por numerosos pa\u00edses del continente americano, Espa\u00f1a y la Uni\u00f3n Europea, as\u00ed como organismos como la ONU y la OEA. De su parte,\u00a0M\u00e9xico denunciar\u00e1 este lunes a Ecuador\u00a0ante la Corte Internacional de Justicia (CIJ) por el asalto policial a su embajada en Quito para detener al exvicepresidente\u00a0Jorge Glas, acusado de corrupci\u00f3n y refugiado all\u00ed desde diciembre aduciendo una persecuci\u00f3n pol\u00edtica. La canciller mexicana\u00a0Alicia B\u00e1rcena\u00a0hizo el anuncio este domingo en una conferencia de prensa en el aeropuerto de Ciudad de M\u00e9xico, adonde recibi\u00f3 a los diplom\u00e1ticos de su pa\u00eds que abandonaron Ecuador luego de la ruptura de relaciones con el gobierno de\u00a0Daniel Noboa. \u00a0Fuente: Vistazo.<\/p>\n","protected":false},"author":1,"featured_media":14885,"comment_status":"open","ping_status":"open","sticky":false,"template":"","format":"standard","meta":{"footnotes":""},"categories":[5],"tags":[],"class_list":["post-14884","post","type-post","status-publish","format-standard","has-post-thumbnail","hentry","category-internacionales"],"_links":{"self":[{"href":"https:\/\/www.elamazonico.com\/portal\/wp-json\/wp\/v2\/posts\/14884","targetHints":{"allow":["GET"]}}],"collection":[{"href":"https:\/\/www.elamazonico.com\/portal\/wp-json\/wp\/v2\/posts"}],"about":[{"href":"https:\/\/www.elamazonico.com\/portal\/wp-json\/wp\/v2\/types\/post"}],"author":[{"embeddable":true,"href":"https:\/\/www.elamazonico.com\/portal\/wp-json\/wp\/v2\/users\/1"}],"replies":[{"embeddable":true,"href":"https:\/\/www.elamazonico.com\/portal\/wp-json\/wp\/v2\/comments?post=14884"}],"version-history":[{"count":1,"href":"https:\/\/www.elamazonico.com\/portal\/wp-json\/wp\/v2\/posts\/14884\/revisions"}],"predecessor-version":[{"id":14886,"href":"https:\/\/www.elamazonico.com\/portal\/wp-json\/wp\/v2\/posts\/14884\/revisions\/14886"}],"wp:featuredmedia":[{"embeddable":true,"href":"https:\/\/www.elamazonico.com\/portal\/wp-json\/wp\/v2\/media\/14885"}],"wp:attachment":[{"href":"https:\/\/www.elamazonico.com\/portal\/wp-json\/wp\/v2\/media?parent=14884"}],"wp:term":[{"taxonomy":"category","embeddable":true,"href":"https:\/\/www.elamazonico.com\/portal\/wp-json\/wp\/v2\/categories?post=14884"},{"taxonomy":"post_tag","embeddable":true,"href":"https:\/\/www.elamazonico.com\/portal\/wp-json\/wp\/v2\/tags?post=14884"}],"curies":[{"name":"wp","href":"https:\/\/api.w.org\/{rel}","templated":true}]}}