{"id":14832,"date":"2024-04-06T17:39:13","date_gmt":"2024-04-06T22:39:13","guid":{"rendered":"https:\/\/www.elamazonico.comportal\/?p=14832"},"modified":"2024-04-06T17:39:13","modified_gmt":"2024-04-06T22:39:13","slug":"gobierno-de-nicaragua-formaliza-la-ruptura-de-relaciones-con-el-gobierno-ecuatoriano","status":"publish","type":"post","link":"https:\/\/www.elamazonico.com\/portal\/gobierno-de-nicaragua-formaliza-la-ruptura-de-relaciones-con-el-gobierno-ecuatoriano\/","title":{"rendered":"Gobierno de Nicaragua formaliza la ruptura de relaciones con el gobierno Ecuatoriano"},"content":{"rendered":"<p>Las reacciones internacionales contin\u00faan ante el accionar del gobierno ecuatoriano al ingresar a la embajada de M\u00e9xico en su sede en Quito &#8211; Ecuador. El gobierno de Nicaragua a trav\u00e9s de un comunicado \u201crechaz\u00f3\u201d y \u201cconden\u00f3\u201d lo que consideran una violaci\u00f3n flagrante del derecho internacional.<\/p>\n<p>A trav\u00e9s del comunicado tambi\u00e9n dieron a conocer que se formaliza la ruptura de sus relaciones con el pa\u00eds. En 2020 Nicaragua retir\u00f3 su embajada de Quito- Ecuador.<\/p>\n<p>El comunicado concluye solidariz\u00e1ndose con el presidente y Gobierno Mexicano.<\/p>\n<p><img fetchpriority=\"high\" decoding=\"async\" src=\"https:\/\/www.eltelegrafo.com.ec\/images\/WhatsApp_Image_20240406_at_22356_PM.jpeg\" width=\"348\" height=\"450\" \/><\/p>\n<p><img decoding=\"async\" src=\"https:\/\/www.eltelegrafo.com.ec\/images\/WhatsApp_Image_20240406_at_22444_PM.jpeg\" width=\"349\" height=\"453\" \/><\/p>\n","protected":false},"excerpt":{"rendered":"<p>Las reacciones internacionales contin\u00faan ante el accionar del gobierno ecuatoriano al ingresar a la embajada de M\u00e9xico en su sede en Quito &#8211; Ecuador. El gobierno de Nicaragua a trav\u00e9s de un comunicado \u201crechaz\u00f3\u201d y \u201cconden\u00f3\u201d lo que consideran una violaci\u00f3n flagrante del derecho internacional. A trav\u00e9s del comunicado tambi\u00e9n dieron a conocer que se formaliza la ruptura de sus relaciones con el pa\u00eds. En 2020 Nicaragua retir\u00f3 su embajada de Quito- Ecuador. El comunicado concluye solidariz\u00e1ndose con el presidente y Gobierno Mexicano.<\/p>\n","protected":false},"author":1,"featured_media":14833,"comment_status":"open","ping_status":"open","sticky":false,"template":"","format":"standard","meta":{"footnotes":""},"categories":[5],"tags":[],"class_list":["post-14832","post","type-post","status-publish","format-standard","has-post-thumbnail","hentry","category-internacionales"],"_links":{"self":[{"href":"https:\/\/www.elamazonico.com\/portal\/wp-json\/wp\/v2\/posts\/14832","targetHints":{"allow":["GET"]}}],"collection":[{"href":"https:\/\/www.elamazonico.com\/portal\/wp-json\/wp\/v2\/posts"}],"about":[{"href":"https:\/\/www.elamazonico.com\/portal\/wp-json\/wp\/v2\/types\/post"}],"author":[{"embeddable":true,"href":"https:\/\/www.elamazonico.com\/portal\/wp-json\/wp\/v2\/users\/1"}],"replies":[{"embeddable":true,"href":"https:\/\/www.elamazonico.com\/portal\/wp-json\/wp\/v2\/comments?post=14832"}],"version-history":[{"count":1,"href":"https:\/\/www.elamazonico.com\/portal\/wp-json\/wp\/v2\/posts\/14832\/revisions"}],"predecessor-version":[{"id":14834,"href":"https:\/\/www.elamazonico.com\/portal\/wp-json\/wp\/v2\/posts\/14832\/revisions\/14834"}],"wp:featuredmedia":[{"embeddable":true,"href":"https:\/\/www.elamazonico.com\/portal\/wp-json\/wp\/v2\/media\/14833"}],"wp:attachment":[{"href":"https:\/\/www.elamazonico.com\/portal\/wp-json\/wp\/v2\/media?parent=14832"}],"wp:term":[{"taxonomy":"category","embeddable":true,"href":"https:\/\/www.elamazonico.com\/portal\/wp-json\/wp\/v2\/categories?post=14832"},{"taxonomy":"post_tag","embeddable":true,"href":"https:\/\/www.elamazonico.com\/portal\/wp-json\/wp\/v2\/tags?post=14832"}],"curies":[{"name":"wp","href":"https:\/\/api.w.org\/{rel}","templated":true}]}}