{"id":14358,"date":"2024-03-22T15:41:44","date_gmt":"2024-03-22T20:41:44","guid":{"rendered":"https:\/\/www.elamazonico.comportal\/?p=14358"},"modified":"2024-03-22T15:49:39","modified_gmt":"2024-03-22T20:49:39","slug":"ejercito-mexicano-intensifica-busqueda-de-migrantes-ecuatorianos-que-habrian-desaparecido","status":"publish","type":"post","link":"https:\/\/www.elamazonico.com\/portal\/ejercito-mexicano-intensifica-busqueda-de-migrantes-ecuatorianos-que-habrian-desaparecido\/","title":{"rendered":"Ej\u00e9rcito Mexicano intensifica b\u00fasqueda de migrantes ecuatorianos que habr\u00edan desaparecido"},"content":{"rendered":"<p class=\"p_0\">Las autoridades mexicanas, en colaboraci\u00f3n con el Ej\u00e9rcito, la Guardia Nacional, el Instituto Nacional de Migraci\u00f3n (INM) y la polic\u00eda estatal de Chiapas, han intensificado un operativo de b\u00fasqueda para localizar a\u00a0<b>migrantes ecuatorianos<\/b>\u00a0desaparecidos en la frontera sur de M\u00e9xico.<\/p>\n<p class=\"p_1\">Esta acci\u00f3n se lleva a cabo en respuesta a una denuncia de la organizaci\u00f3n civil estadounidense 1800Migrante, que alert\u00f3 sobre un presunto\u00a0<b>secuestro\u00a0<\/b>de\u00a0<b>95 migrantes\u00a0<\/b>ecuatorianos desde el pasado 20 de marzo.<\/p>\n<p>No obstante, las autoridades mexicanas a\u00fan no han confirmado ni el secuestro ni la cantidad exacta de personas desaparecidas, se han movilizado hacia la zona de Puerto Madero, donde se inform\u00f3 que podr\u00edan encontrarse los migrantes. A pesar del despliegue de alrededor de 10 unidades militares,\u00a0<b>no se encontraron indicios<\/b>\u00a0de personas secuestradas en el lugar.<\/p>\n<p class=\"p_3\">Seg\u00fan informaci\u00f3n proporcionada por la organizaci\u00f3n 1800Migrante, los secuestros de migrantes han aumentado considerablemente en M\u00e9xico en los \u00faltimos meses, con redes de tr\u00e1fico de drogas que se han involucrado en el negocio ilegal del tr\u00e1fico de personas.<\/p>\n<p class=\"p_4\">Datos oficiales recopilados por la asociaci\u00f3n Alto al Secuestro muestran que los secuestros en M\u00e9xico aumentaron un 3,2% en 2023, afectando a unas 2.402 personas, de las cuales alrededor de un tercio eran migrantes.<\/p>\n<p class=\"p_5\"><b>Lea tambi\u00e9n:\u00a0<a href=\"https:\/\/www.vistazo.com\/actualidad\/internacional\/95-migrantes-ecuatorianos-habrian-sido-secuestrados-mientras-viajaban-por-mexico-segun-organizacion-JK7048803\">95 migrantes ecuatorianos habr\u00edan sido secuestrados mientras viajaban por M\u00e9xico, seg\u00fan organizaci\u00f3n<\/a><\/b><\/p>\n<p class=\"p_6\">La\u00a0<b>migraci\u00f3n irregular<\/b>\u00a0a trav\u00e9s de M\u00e9xico tambi\u00e9n ha experimentado un aumento significativo, con m\u00e1s de 782.000 personas registradas en 2023, seg\u00fan datos de la Unidad de Pol\u00edtica Migratoria de la Secretar\u00eda de Gobernaci\u00f3n (Segob), representando un incremento del 77,2% con respecto al a\u00f1o anterior.<\/p>\n<p class=\"p_7\">Las autoridades contin\u00faan trabajando para esclarecer los hechos y garantizar la seguridad de los migrantes en tr\u00e1nsito por territorio mexicano, mientras se mantiene una estrecha vigilancia en la regi\u00f3n fronteriza para prevenir incidentes similares.<\/p>\n<p><strong>Fuente: Vistazo.<\/strong><\/p>\n","protected":false},"excerpt":{"rendered":"<p>Las autoridades mexicanas, en colaboraci\u00f3n con el Ej\u00e9rcito, la Guardia Nacional, el Instituto Nacional de Migraci\u00f3n (INM) y la polic\u00eda estatal de Chiapas, han intensificado un operativo de b\u00fasqueda para localizar a\u00a0migrantes ecuatorianos\u00a0desaparecidos en la frontera sur de M\u00e9xico. Esta acci\u00f3n se lleva a cabo en respuesta a una denuncia de la organizaci\u00f3n civil estadounidense 1800Migrante, que alert\u00f3 sobre un presunto\u00a0secuestro\u00a0de\u00a095 migrantes\u00a0ecuatorianos desde el pasado 20 de marzo. No obstante, las autoridades mexicanas a\u00fan no han confirmado ni el secuestro ni la cantidad exacta de personas desaparecidas, se han movilizado hacia la zona de Puerto Madero, donde se inform\u00f3 que podr\u00edan encontrarse los migrantes. A pesar del despliegue de alrededor de 10 unidades militares,\u00a0no se encontraron indicios\u00a0de personas secuestradas en el lugar. Seg\u00fan informaci\u00f3n proporcionada por la organizaci\u00f3n 1800Migrante, los secuestros de migrantes han aumentado considerablemente en M\u00e9xico en los \u00faltimos meses, con redes de tr\u00e1fico de drogas que se han involucrado en el negocio ilegal del tr\u00e1fico de personas. Datos oficiales recopilados por la asociaci\u00f3n Alto al Secuestro muestran que los secuestros en M\u00e9xico aumentaron un 3,2% en 2023, afectando a unas 2.402 personas, de las cuales alrededor de un tercio eran migrantes. Lea tambi\u00e9n:\u00a095 migrantes ecuatorianos habr\u00edan sido secuestrados mientras viajaban por M\u00e9xico, seg\u00fan organizaci\u00f3n La\u00a0migraci\u00f3n irregular\u00a0a trav\u00e9s de M\u00e9xico tambi\u00e9n ha experimentado un aumento significativo, con m\u00e1s de 782.000 personas registradas en 2023, seg\u00fan datos de la Unidad de Pol\u00edtica Migratoria de la Secretar\u00eda de Gobernaci\u00f3n (Segob), representando un incremento del 77,2% con respecto al a\u00f1o anterior. Las autoridades contin\u00faan trabajando para esclarecer los hechos y garantizar la seguridad de los migrantes en tr\u00e1nsito por territorio mexicano, mientras se mantiene una estrecha vigilancia en la regi\u00f3n fronteriza para prevenir incidentes similares. Fuente: Vistazo.<\/p>\n","protected":false},"author":1,"featured_media":14359,"comment_status":"open","ping_status":"open","sticky":false,"template":"","format":"standard","meta":{"footnotes":""},"categories":[5],"tags":[],"class_list":["post-14358","post","type-post","status-publish","format-standard","has-post-thumbnail","hentry","category-internacionales"],"_links":{"self":[{"href":"https:\/\/www.elamazonico.com\/portal\/wp-json\/wp\/v2\/posts\/14358","targetHints":{"allow":["GET"]}}],"collection":[{"href":"https:\/\/www.elamazonico.com\/portal\/wp-json\/wp\/v2\/posts"}],"about":[{"href":"https:\/\/www.elamazonico.com\/portal\/wp-json\/wp\/v2\/types\/post"}],"author":[{"embeddable":true,"href":"https:\/\/www.elamazonico.com\/portal\/wp-json\/wp\/v2\/users\/1"}],"replies":[{"embeddable":true,"href":"https:\/\/www.elamazonico.com\/portal\/wp-json\/wp\/v2\/comments?post=14358"}],"version-history":[{"count":2,"href":"https:\/\/www.elamazonico.com\/portal\/wp-json\/wp\/v2\/posts\/14358\/revisions"}],"predecessor-version":[{"id":14362,"href":"https:\/\/www.elamazonico.com\/portal\/wp-json\/wp\/v2\/posts\/14358\/revisions\/14362"}],"wp:featuredmedia":[{"embeddable":true,"href":"https:\/\/www.elamazonico.com\/portal\/wp-json\/wp\/v2\/media\/14359"}],"wp:attachment":[{"href":"https:\/\/www.elamazonico.com\/portal\/wp-json\/wp\/v2\/media?parent=14358"}],"wp:term":[{"taxonomy":"category","embeddable":true,"href":"https:\/\/www.elamazonico.com\/portal\/wp-json\/wp\/v2\/categories?post=14358"},{"taxonomy":"post_tag","embeddable":true,"href":"https:\/\/www.elamazonico.com\/portal\/wp-json\/wp\/v2\/tags?post=14358"}],"curies":[{"name":"wp","href":"https:\/\/api.w.org\/{rel}","templated":true}]}}