{"id":14032,"date":"2024-03-13T21:45:55","date_gmt":"2024-03-14T02:45:55","guid":{"rendered":"https:\/\/www.elamazonico.comportal\/?p=14032"},"modified":"2024-03-13T21:45:55","modified_gmt":"2024-03-14T02:45:55","slug":"la-asambleista-adriana-garcia-y-exministro-jose-serrano-protagonizaron-incidentes-en-la-comision-de-fiscalizacion","status":"publish","type":"post","link":"https:\/\/www.elamazonico.com\/portal\/la-asambleista-adriana-garcia-y-exministro-jose-serrano-protagonizaron-incidentes-en-la-comision-de-fiscalizacion\/","title":{"rendered":"La asamble\u00edsta Adriana Garc\u00eda y exministro Jos\u00e9 Serrano protagonizaron incidentes en la Comisi\u00f3n de Fiscalizaci\u00f3n"},"content":{"rendered":"<p>La ma\u00f1ana de este mi\u00e9rcoles 13 de marzo de 2024, el presidente del\u00a0<b>Consejo de la Judicatura (CJ)<\/b>,\u00a0<b>\u00c1lvaro Rom\u00e1n<\/b>,\u00a0<a href=\"https:\/\/www.ecuavisa.com\/noticias\/seguridad\/caso-purga-judicatura-contraloria-examinar-declaraciones-patrimoniales-JA7002586\" target=\"_blank\" rel=\"noopener noreferrer\">compareci\u00f3 ante la\u00a0<b>Comisi\u00f3n de Fiscalizaci\u00f3n de la Asamblea Nacional<\/b><\/a>\u00a0e inform\u00f3 sobre las acciones disciplinarias y administrativas urgentes que la instituci\u00f3n ha adoptado en el denominado \u201cCaso Purga\u201d.<\/p>\n<p>&nbsp;<\/p>\n<p>Hizo referenci a la decisi\u00f3n del Pleno de dar por terminadas las funciones de\u00a0<b>Yanina Villag\u00f3mez<\/b>, como\u00a0<b>fiscal provincial de Guayas y Gal\u00e1pagos<\/b>, luego del pedido realizado por la\u00a0<b>Fiscal\u00eda General del Estado<\/b>, en el marco de las investigaciones de este caso.<\/p>\n<p>Explic\u00f3 que, para evitar afectaciones a los usuarios del sistema de justicia, se encargaron los despachos de los jueces involucrados en este caso y se expidi\u00f3 el procedimiento para la designaci\u00f3n de jueces temporales para la<b>\u00a0Corte Provincial del Guayas<\/b>.<\/p>\n<p>&nbsp;<\/p>\n<p>Uno de los momentos m\u00e1s \u00e1lgidos de la reuni\u00f3n se dio durante la intervenci\u00f3n, por v\u00eda telem\u00e1tica, de\u00a0<b>Jos\u00e9 Serrano Salgado<\/b>, exministro del Interior del expresidente Rafael Correa. Acus\u00f3 a la excomandante General de la Polic\u00eda Nacional,\u00a0<b>Tannya Varela<\/b>, de tener v\u00ednculos con la\u00a0<b>mafia alfanesa y el crimen organizado. <\/b><\/p>\n<blockquote class=\"twitter-tweet\" data-width=\"550\" data-dnt=\"true\">\n<p lang=\"es\" dir=\"ltr\"><a href=\"https:\/\/twitter.com\/hashtag\/LaNuevaAsamblea?src=hash&amp;ref_src=twsrc%5Etfw\">#LaNuevaAsamblea<\/a><br \/>En el contexto del an\u00e1lisis de varias denuncias que son de dominio p\u00fablico <a href=\"https:\/\/twitter.com\/hashtag\/CasoLaMadrina?src=hash&amp;ref_src=twsrc%5Etfw\">#CasoLaMadrina<\/a>, a trav\u00e9s de los diferentes medios de comunicaci\u00f3n y redes sociales, est\u00e1n llamados a comparecer: Alexandra Vela, Francisco Jim\u00e9nez y Henry Cucal\u00f3n, exministros de Gobierno;\u2026 <a href=\"https:\/\/t.co\/OMmc0k15Ff\">pic.twitter.com\/OMmc0k15Ff<\/a><\/p>\n<p>&mdash; Asamblea Nacional (@AsambleaEcuador) <a href=\"https:\/\/twitter.com\/AsambleaEcuador\/status\/1768008246206316834?ref_src=twsrc%5Etfw\">March 13, 2024<\/a><\/p><\/blockquote>\n<p><script async src=\"https:\/\/platform.twitter.com\/widgets.js\" charset=\"utf-8\"><\/script><\/p>\n<p>Se\u00f1al\u00f3 que en las\u00a0<b>bit\u00e1coras de la Presidencia de la Rep\u00fablica<\/b>\u00a0constan las reuniones, en Carondelet, de tales\u00a0<b>nexos en el Caso Le\u00f3n de Troya<\/b>. Tras su intervenci\u00f3n, la\u00a0<b>asamble\u00edsta Adriana Garc\u00eda<\/b>\u00a0pidi\u00f3 a Serrano que compruebe las denuncias que ha realizado sobre un parentesco de la legisladora con\u00a0<b>Adolfo Mac\u00edas<\/b>, alias Fito, l\u00edder de la banda delictiva Los Choneros.<\/p>\n<p>Le dijo: \u00abespero verle a usted personalmente para que pueda ir a dar todas estas declaraciones ya que no puede hacerlo de forma frontal. Es bueno para decir\u00a0<b>soy ciudadano\u00a0<\/b>y estoy en el exterior, pero no se encuentra aqu\u00ed en Ecuador para dar la cara. Y todas las denuncias las dice sin fundamentos\u00bb.<\/p>\n<p>&nbsp;<\/p>\n<p>En ese momento, Serrano interrrumpe y dice que es un ciudadano, no un asamble\u00edsta. La\u00a0<b>presidenta de la Comisi\u00f3n de Fiscallizaci\u00f3n, Pamela Aguirre<\/b>, se enoja y le grita a Garc\u00eda: \u00abYo soy la presidenta y le solicito que, por favor, haga silencio en esta sala\u00bb.<\/p>\n<p>&nbsp;<\/p>\n<p>Garc\u00eda le pide que no le grite, pero Aguirre contin\u00faa: \u00ables pido a las personas de Tics que\u00a0<b>cierren el micr\u00f3fono<\/b>. Le estoy pidiendo de manera muy cordial que haga la pregunta, no se puede ofender a los invitados\u00bb. Serrano dice que no insulta y solo denuncia. Finalmente, Garc\u00eda hizo la pregunta al exministro del corre\u00edsmo. <b>Fuente: Ecuavisa<\/b><\/p>\n","protected":false},"excerpt":{"rendered":"<p>La ma\u00f1ana de este mi\u00e9rcoles 13 de marzo de 2024, el presidente del\u00a0Consejo de la Judicatura (CJ),\u00a0\u00c1lvaro Rom\u00e1n,\u00a0compareci\u00f3 ante la\u00a0Comisi\u00f3n de Fiscalizaci\u00f3n de la Asamblea Nacional\u00a0e inform\u00f3 sobre las acciones disciplinarias y administrativas urgentes que la instituci\u00f3n ha adoptado en el denominado \u201cCaso Purga\u201d. &nbsp; Hizo referenci a la decisi\u00f3n del Pleno de dar por terminadas las funciones de\u00a0Yanina Villag\u00f3mez, como\u00a0fiscal provincial de Guayas y Gal\u00e1pagos, luego del pedido realizado por la\u00a0Fiscal\u00eda General del Estado, en el marco de las investigaciones de este caso. Explic\u00f3 que, para evitar afectaciones a los usuarios del sistema de justicia, se encargaron los despachos de los jueces involucrados en este caso y se expidi\u00f3 el procedimiento para la designaci\u00f3n de jueces temporales para la\u00a0Corte Provincial del Guayas. &nbsp; Uno de los momentos m\u00e1s \u00e1lgidos de la reuni\u00f3n se dio durante la intervenci\u00f3n, por v\u00eda telem\u00e1tica, de\u00a0Jos\u00e9 Serrano Salgado, exministro del Interior del expresidente Rafael Correa. Acus\u00f3 a la excomandante General de la Polic\u00eda Nacional,\u00a0Tannya Varela, de tener v\u00ednculos con la\u00a0mafia alfanesa y el crimen organizado. #LaNuevaAsambleaEn el contexto del an\u00e1lisis de varias denuncias que son de dominio p\u00fablico #CasoLaMadrina, a trav\u00e9s de los diferentes medios de comunicaci\u00f3n y redes sociales, est\u00e1n llamados a comparecer: Alexandra Vela, Francisco Jim\u00e9nez y Henry Cucal\u00f3n, exministros de Gobierno;\u2026 pic.twitter.com\/OMmc0k15Ff &mdash; Asamblea Nacional (@AsambleaEcuador) March 13, 2024 Se\u00f1al\u00f3 que en las\u00a0bit\u00e1coras de la Presidencia de la Rep\u00fablica\u00a0constan las reuniones, en Carondelet, de tales\u00a0nexos en el Caso Le\u00f3n de Troya. Tras su intervenci\u00f3n, la\u00a0asamble\u00edsta Adriana Garc\u00eda\u00a0pidi\u00f3 a Serrano que compruebe las denuncias que ha realizado sobre un parentesco de la legisladora con\u00a0Adolfo Mac\u00edas, alias Fito, l\u00edder de la banda delictiva Los Choneros. Le dijo: \u00abespero verle a usted personalmente para que pueda ir a dar todas estas declaraciones ya que no puede hacerlo de forma frontal. Es bueno para decir\u00a0soy ciudadano\u00a0y estoy en el exterior, pero no se encuentra aqu\u00ed en Ecuador para dar la cara. Y todas las denuncias las dice sin fundamentos\u00bb. &nbsp; En ese momento, Serrano interrrumpe y dice que es un ciudadano, no un asamble\u00edsta. La\u00a0presidenta de la Comisi\u00f3n de Fiscallizaci\u00f3n, Pamela Aguirre, se enoja y le grita a Garc\u00eda: \u00abYo soy la presidenta y le solicito que, por favor, haga silencio en esta sala\u00bb. &nbsp; Garc\u00eda le pide que no le grite, pero Aguirre contin\u00faa: \u00ables pido a las personas de Tics que\u00a0cierren el micr\u00f3fono. Le estoy pidiendo de manera muy cordial que haga la pregunta, no se puede ofender a los invitados\u00bb. Serrano dice que no insulta y solo denuncia. Finalmente, Garc\u00eda hizo la pregunta al exministro del corre\u00edsmo. Fuente: Ecuavisa<\/p>\n","protected":false},"author":1,"featured_media":14033,"comment_status":"open","ping_status":"open","sticky":false,"template":"","format":"standard","meta":{"footnotes":""},"categories":[268],"tags":[],"class_list":["post-14032","post","type-post","status-publish","format-standard","has-post-thumbnail","hentry","category-nacionales"],"_links":{"self":[{"href":"https:\/\/www.elamazonico.com\/portal\/wp-json\/wp\/v2\/posts\/14032","targetHints":{"allow":["GET"]}}],"collection":[{"href":"https:\/\/www.elamazonico.com\/portal\/wp-json\/wp\/v2\/posts"}],"about":[{"href":"https:\/\/www.elamazonico.com\/portal\/wp-json\/wp\/v2\/types\/post"}],"author":[{"embeddable":true,"href":"https:\/\/www.elamazonico.com\/portal\/wp-json\/wp\/v2\/users\/1"}],"replies":[{"embeddable":true,"href":"https:\/\/www.elamazonico.com\/portal\/wp-json\/wp\/v2\/comments?post=14032"}],"version-history":[{"count":1,"href":"https:\/\/www.elamazonico.com\/portal\/wp-json\/wp\/v2\/posts\/14032\/revisions"}],"predecessor-version":[{"id":14034,"href":"https:\/\/www.elamazonico.com\/portal\/wp-json\/wp\/v2\/posts\/14032\/revisions\/14034"}],"wp:featuredmedia":[{"embeddable":true,"href":"https:\/\/www.elamazonico.com\/portal\/wp-json\/wp\/v2\/media\/14033"}],"wp:attachment":[{"href":"https:\/\/www.elamazonico.com\/portal\/wp-json\/wp\/v2\/media?parent=14032"}],"wp:term":[{"taxonomy":"category","embeddable":true,"href":"https:\/\/www.elamazonico.com\/portal\/wp-json\/wp\/v2\/categories?post=14032"},{"taxonomy":"post_tag","embeddable":true,"href":"https:\/\/www.elamazonico.com\/portal\/wp-json\/wp\/v2\/tags?post=14032"}],"curies":[{"name":"wp","href":"https:\/\/api.w.org\/{rel}","templated":true}]}}