{"id":14026,"date":"2024-03-13T21:34:44","date_gmt":"2024-03-14T02:34:44","guid":{"rendered":"https:\/\/www.elamazonico.comportal\/?p=14026"},"modified":"2024-03-13T21:34:44","modified_gmt":"2024-03-14T02:34:44","slug":"capturados-tres-presuntos-integrantes-de-los-choneros-en-manabi","status":"publish","type":"post","link":"https:\/\/www.elamazonico.com\/portal\/capturados-tres-presuntos-integrantes-de-los-choneros-en-manabi\/","title":{"rendered":"Capturados tres presuntos integrantes de &#8216;Los Choneros&#8217; en Manab\u00ed"},"content":{"rendered":"<p>Un operativo de los militares termin\u00f3 con la captura de tres presuntos integrantes de la organizaci\u00f3n delictiva de &#8216;Los Choneros&#8217; en la provincia de Manab\u00ed este mi\u00e9rcoles, 13 de marzo de 2024.<\/p>\n<p>La acci\u00f3n se ejecut\u00f3 en la localidad de San Jacinto de Puerto L\u00f3pez, donde fue allanado un inmueble. Entre los detenidos est\u00e1 un menor de edad, inform\u00f3 el Comando Conjunto de las Fuerzas Armadas.<\/p>\n<p>En el lugar se decomis\u00f3 dos pistolas, 62 municiones, 11 alimentadoras, y sustancias il\u00edcitas. Adem\u00e1s, los aprehendidos ten\u00edan tarjetas de identificaci\u00f3n que usar\u00edan para extorsiones.<\/p>\n<p>Las evidencias fueron entregadas a las autoridades competentes para los tr\u00e1mites legales pertinentes, se\u00f1al\u00f3 la instituci\u00f3n militar.<\/p>\n<p>Los Choneros forman parte de las 22 agrupaciones catalogadas como terroristas por el Gobierno de Daniel Noboa, que desde hace 65 d\u00edas mantiene en estado de excepci\u00f3n al Ecuador.<\/p>\n<p><strong>Seis detenidos en Santa Elena <\/strong><\/p>\n<p>Otro operativo se ejecut\u00f3 en Santa Elena, otra provincia ubicada en el perfil costero -al igual que Manab\u00ed-, en donde seis ciudadanos fueron aprehendidos por tr\u00e1fico de armas.<\/p>\n<p>El allanamiento ocurri\u00f3 en un inmueble ubicado en la parroquia Sim\u00f3n Bol\u00edvar, comuna Julio Moreno.<\/p>\n<blockquote class=\"twitter-tweet\" data-width=\"550\" data-dnt=\"true\">\n<p lang=\"es\" dir=\"ltr\">PRESUNTOS TERRORISTAS CAPTURADOS EN SANTA ELENA<\/p>\n<p>Tras labores investigativas y operativas ejecutadas por <a href=\"https:\/\/twitter.com\/PoliciaEcuador?ref_src=twsrc%5Etfw\">@PoliciaEcuador<\/a>. Los aprehendidos estar\u00edan implicados en el delito de tr\u00e1fico de armas de fuego, municiones y explosivos, entre los indicios est\u00e1n:<\/p>\n<p>\u27a1\ufe0f 2 fusiles <br \/>\u27a1\ufe0f 5 armas\u2026 <a href=\"https:\/\/t.co\/guCFD1G9fW\">pic.twitter.com\/guCFD1G9fW<\/a><\/p>\n<p>&mdash; Polic\u00eda Ecuador (@PoliciaEcuador) <a href=\"https:\/\/twitter.com\/PoliciaEcuador\/status\/1767927563286901245?ref_src=twsrc%5Etfw\">March 13, 2024<\/a><\/p><\/blockquote>\n<p><script async src=\"https:\/\/platform.twitter.com\/widgets.js\" charset=\"utf-8\"><\/script><\/p>\n<p>Durante el registro, la Polic\u00eda encontr\u00f3 11 armas de fuego que fueron incautadas. De ellas, cinco pistolas, cuatro repetidoras, dos fusiles. Adem\u00e1s, 10 explosivos de alto poder,\u00a0 un accesorio tipo runner y varias cajas de munici\u00f3n para fusil. <strong>Fuente: Primicias<\/strong><\/p>\n","protected":false},"excerpt":{"rendered":"<p>Un operativo de los militares termin\u00f3 con la captura de tres presuntos integrantes de la organizaci\u00f3n delictiva de &#8216;Los Choneros&#8217; en la provincia de Manab\u00ed este mi\u00e9rcoles, 13 de marzo de 2024. La acci\u00f3n se ejecut\u00f3 en la localidad de San Jacinto de Puerto L\u00f3pez, donde fue allanado un inmueble. Entre los detenidos est\u00e1 un menor de edad, inform\u00f3 el Comando Conjunto de las Fuerzas Armadas. En el lugar se decomis\u00f3 dos pistolas, 62 municiones, 11 alimentadoras, y sustancias il\u00edcitas. Adem\u00e1s, los aprehendidos ten\u00edan tarjetas de identificaci\u00f3n que usar\u00edan para extorsiones. Las evidencias fueron entregadas a las autoridades competentes para los tr\u00e1mites legales pertinentes, se\u00f1al\u00f3 la instituci\u00f3n militar. Los Choneros forman parte de las 22 agrupaciones catalogadas como terroristas por el Gobierno de Daniel Noboa, que desde hace 65 d\u00edas mantiene en estado de excepci\u00f3n al Ecuador. Seis detenidos en Santa Elena Otro operativo se ejecut\u00f3 en Santa Elena, otra provincia ubicada en el perfil costero -al igual que Manab\u00ed-, en donde seis ciudadanos fueron aprehendidos por tr\u00e1fico de armas. El allanamiento ocurri\u00f3 en un inmueble ubicado en la parroquia Sim\u00f3n Bol\u00edvar, comuna Julio Moreno. PRESUNTOS TERRORISTAS CAPTURADOS EN SANTA ELENA Tras labores investigativas y operativas ejecutadas por @PoliciaEcuador. Los aprehendidos estar\u00edan implicados en el delito de tr\u00e1fico de armas de fuego, municiones y explosivos, entre los indicios est\u00e1n: \u27a1\ufe0f 2 fusiles \u27a1\ufe0f 5 armas\u2026 pic.twitter.com\/guCFD1G9fW &mdash; Polic\u00eda Ecuador (@PoliciaEcuador) March 13, 2024 Durante el registro, la Polic\u00eda encontr\u00f3 11 armas de fuego que fueron incautadas. De ellas, cinco pistolas, cuatro repetidoras, dos fusiles. Adem\u00e1s, 10 explosivos de alto poder,\u00a0 un accesorio tipo runner y varias cajas de munici\u00f3n para fusil. Fuente: Primicias<\/p>\n","protected":false},"author":1,"featured_media":14027,"comment_status":"open","ping_status":"open","sticky":false,"template":"","format":"standard","meta":{"footnotes":""},"categories":[268],"tags":[],"class_list":["post-14026","post","type-post","status-publish","format-standard","has-post-thumbnail","hentry","category-nacionales"],"_links":{"self":[{"href":"https:\/\/www.elamazonico.com\/portal\/wp-json\/wp\/v2\/posts\/14026","targetHints":{"allow":["GET"]}}],"collection":[{"href":"https:\/\/www.elamazonico.com\/portal\/wp-json\/wp\/v2\/posts"}],"about":[{"href":"https:\/\/www.elamazonico.com\/portal\/wp-json\/wp\/v2\/types\/post"}],"author":[{"embeddable":true,"href":"https:\/\/www.elamazonico.com\/portal\/wp-json\/wp\/v2\/users\/1"}],"replies":[{"embeddable":true,"href":"https:\/\/www.elamazonico.com\/portal\/wp-json\/wp\/v2\/comments?post=14026"}],"version-history":[{"count":1,"href":"https:\/\/www.elamazonico.com\/portal\/wp-json\/wp\/v2\/posts\/14026\/revisions"}],"predecessor-version":[{"id":14028,"href":"https:\/\/www.elamazonico.com\/portal\/wp-json\/wp\/v2\/posts\/14026\/revisions\/14028"}],"wp:featuredmedia":[{"embeddable":true,"href":"https:\/\/www.elamazonico.com\/portal\/wp-json\/wp\/v2\/media\/14027"}],"wp:attachment":[{"href":"https:\/\/www.elamazonico.com\/portal\/wp-json\/wp\/v2\/media?parent=14026"}],"wp:term":[{"taxonomy":"category","embeddable":true,"href":"https:\/\/www.elamazonico.com\/portal\/wp-json\/wp\/v2\/categories?post=14026"},{"taxonomy":"post_tag","embeddable":true,"href":"https:\/\/www.elamazonico.com\/portal\/wp-json\/wp\/v2\/tags?post=14026"}],"curies":[{"name":"wp","href":"https:\/\/api.w.org\/{rel}","templated":true}]}}