{"id":14023,"date":"2024-03-13T21:27:19","date_gmt":"2024-03-14T02:27:19","guid":{"rendered":"https:\/\/www.elamazonico.comportal\/?p=14023"},"modified":"2024-03-13T21:27:19","modified_gmt":"2024-03-14T02:27:19","slug":"asesinato-de-villavicencio-empresa-de-peru-vendio-el-arma-presuntamente-usada-en-el-crimen","status":"publish","type":"post","link":"https:\/\/www.elamazonico.com\/portal\/asesinato-de-villavicencio-empresa-de-peru-vendio-el-arma-presuntamente-usada-en-el-crimen\/","title":{"rendered":"Asesinato de Villavicencio: empresa de Per\u00fa vendi\u00f3 el arma presuntamente usada en el crimen"},"content":{"rendered":"<p>El asesinato del excandidato presidencial Fernando Villavicencio tiene nuevas pistas. Este 13 de marzo de 2024, la Polic\u00eda y Fiscal\u00eda de Per\u00fa intervino una empresa privada, que habr\u00eda vendido el arma presuntamente utilizada para matar al excandidato presidencial.<\/p>\n<p>\u00abLa informaci\u00f3n que tiene la Fiscal\u00eda de Crimen Organizado, conjuntamente con nuestra Polic\u00eda Nacional, es que una de esas armas que ha salido justamente de esta empresa habr\u00eda sido utilizada en el asesinato del excandidato presidencial de Ecuador\u00bb, explic\u00f3 el fiscal coordinador contra el Crimen Organizado, Jorge Ch\u00e1vez Cotrina.<\/p>\n<p>Villavicencio, activista pol\u00edtico y periodista, fue asesinado el 9 de agosto de 2023, en plena campa\u00f1a presidencial de Ecuador, tras la declaratoria de muerte cruzada.<\/p>\n<p>https:\/\/twitter.com\/PoliciaPeru\/status\/1767886873588805998<\/p>\n<p>Durante el megaoperativo, realizado este mi\u00e9rcoles y llamado &#8216;Eclipse 2024&#8217;, la Polic\u00eda peruana intervino departamentos de Lima y Piura, as\u00ed como en las zonas fronterizas de Tumbes y Cajamarca.<\/p>\n<p>En la operaci\u00f3n fueron detenidos los 18 presuntos integrantes de la organizaci\u00f3n criminal, denominada &#8216;Los abastecedores de Ventanilla y Callao&#8217;.<\/p>\n<p>Seg\u00fan las investigaciones policiales, la banda estaba dirigida por Jorge Humberto Lamela Villanueva, alias &#8216;Lamela&#8217; y por Melchor Edgar Sanjinez Cabrera, alias &#8216;Edgar&#8217;.<\/p>\n<p><strong>\u00bfC\u00f3mo operaba la banda en Per\u00fa? <\/strong><\/p>\n<p>Seg\u00fan la fiscal\u00eda, la red adquir\u00eda armas de manera legal en tiendas autorizadas como El Cazador en Lima, la empresa peruana allanada este mi\u00e9rcoles.<\/p>\n<p>\u00abLas armas las ofrec\u00edan al mercado negro tanto en el pa\u00eds como en el extranjero, sobre todo en el Ecuador\u00bb, agreg\u00f3 la autoridad.<\/p>\n<p>Adem\u00e1s, las empresas intervenidas en este operativo estaban legalmente constituidas, \u00aby se valen de ello para importar armas\u00bb.<\/p>\n<p>Luego, los due\u00f1os de las empresas vend\u00edan las armas a trav\u00e9s de personas de bajos recursos que la banda captaba como \u00abpresta nombres\u00bb, con la finalidad de que tramitaran y obtuvieran la licencia legal de uso.<\/p>\n<p>Las empresas proporcionaban la documentaci\u00f3n y la capacitaci\u00f3n necesarias para que estos puedan adquirir la licencia.<\/p>\n<p>Una vez que ten\u00edan f\u00edsicamente el arma, hac\u00edan denuncias falsas de p\u00e9rdida o robo, y es en este momento en el que ingresaban en el mercado negro.<\/p>\n<p>En febrero, el jefe de investigaci\u00f3n criminal de la polic\u00eda de Per\u00fa indic\u00f3 que autoridades ecuatorianas le hab\u00eda confirmado que una de las armas usadas en el asesinato de Villavicencio ten\u00eda registro peruano.<br \/>\n<small><\/small><\/p>\n<p><img decoding=\"async\" src=\"https:\/\/media.primicias.ec\/2024\/01\/24124114\/Villavicencio-Fernando.jpg\" alt=\"Imagen referencial del excandidato presidencial, Fernando Villavicencio, tras salir de una audiencia en Quito, en enero de 2023.\" \/><\/p>\n<p><strong>Per\u00fa espera la confirmaci\u00f3n de Ecuador\u00a0<\/strong><\/p>\n<p>&#8216;Los abastecedores de Ventanilla y Callao&#8217; las enviaban a distintas bandas criminales peruanas y en Ecuador.<\/p>\n<p>Una de las cinco armas usadas en el asesinato de Villavicencio, un fusil AR15 que es utilizado para la caza y el deporte, aparentemente pertenece a este caso de tr\u00e1fico il\u00edcito.<\/p>\n<p>Aunque el fiscal peruano Ch\u00e1vez aclar\u00f3 que est\u00e1n esperando a la Polic\u00eda de Ecuador confirme los detalles y registro de esta arma para corroborar la hip\u00f3tesis.<\/p>\n<p>Por su parte, la polic\u00eda ecuatoriana se\u00f1al\u00f3 en su cuenta de red social X que ya entreg\u00f3 a Per\u00fa \u00abinformaci\u00f3n obtenida mediante inteligencia forense de las armas que han sido aprehendidas en Ecuador\u00bb.<br \/>\n<small><br \/>\n<\/small><\/p>\n<blockquote class=\"twitter-tweet\" data-width=\"550\" data-dnt=\"true\">\n<p lang=\"es\" dir=\"ltr\">COORDINACI\u00d3N INTERNACIONAL <\/p>\n<p>En horas de la madrugada la <a href=\"https:\/\/twitter.com\/PoliciaPeru?ref_src=twsrc%5Etfw\">@PoliciaPeru<\/a> ejecut\u00f3 el mega operativo &quot;Eclipse 2024&quot; en los departamentos de Lima, Piura, Tumbes y Cajamarca, que permiti\u00f3 la detenci\u00f3n de 18 personas vinculadas al delito de comercializaci\u00f3n de armas de fuego, a trav\u00e9s la\u2026 <a href=\"https:\/\/t.co\/abLF25xyTv\">https:\/\/t.co\/abLF25xyTv<\/a><\/p>\n<p>&mdash; Polic\u00eda Ecuador (@PoliciaEcuador) <a href=\"https:\/\/twitter.com\/PoliciaEcuador\/status\/1768007670869426667?ref_src=twsrc%5Etfw\">March 13, 2024<\/a><\/p><\/blockquote>\n<p><script async src=\"https:\/\/platform.twitter.com\/widgets.js\" charset=\"utf-8\"><\/script><\/p>\n<p>En el megaoperativo se incautaron 270 armas de diversos calibres, as\u00ed como grandes cantidades de dinero en efectivo . <strong>Fuente: Primicias<\/strong><\/p>\n<p>&nbsp;<\/p>\n","protected":false},"excerpt":{"rendered":"<p>El asesinato del excandidato presidencial Fernando Villavicencio tiene nuevas pistas. Este 13 de marzo de 2024, la Polic\u00eda y Fiscal\u00eda de Per\u00fa intervino una empresa privada, que habr\u00eda vendido el arma presuntamente utilizada para matar al excandidato presidencial. \u00abLa informaci\u00f3n que tiene la Fiscal\u00eda de Crimen Organizado, conjuntamente con nuestra Polic\u00eda Nacional, es que una de esas armas que ha salido justamente de esta empresa habr\u00eda sido utilizada en el asesinato del excandidato presidencial de Ecuador\u00bb, explic\u00f3 el fiscal coordinador contra el Crimen Organizado, Jorge Ch\u00e1vez Cotrina. Villavicencio, activista pol\u00edtico y periodista, fue asesinado el 9 de agosto de 2023, en plena campa\u00f1a presidencial de Ecuador, tras la declaratoria de muerte cruzada. https:\/\/twitter.com\/PoliciaPeru\/status\/1767886873588805998 Durante el megaoperativo, realizado este mi\u00e9rcoles y llamado &#8216;Eclipse 2024&#8217;, la Polic\u00eda peruana intervino departamentos de Lima y Piura, as\u00ed como en las zonas fronterizas de Tumbes y Cajamarca. En la operaci\u00f3n fueron detenidos los 18 presuntos integrantes de la organizaci\u00f3n criminal, denominada &#8216;Los abastecedores de Ventanilla y Callao&#8217;. Seg\u00fan las investigaciones policiales, la banda estaba dirigida por Jorge Humberto Lamela Villanueva, alias &#8216;Lamela&#8217; y por Melchor Edgar Sanjinez Cabrera, alias &#8216;Edgar&#8217;. \u00bfC\u00f3mo operaba la banda en Per\u00fa? Seg\u00fan la fiscal\u00eda, la red adquir\u00eda armas de manera legal en tiendas autorizadas como El Cazador en Lima, la empresa peruana allanada este mi\u00e9rcoles. \u00abLas armas las ofrec\u00edan al mercado negro tanto en el pa\u00eds como en el extranjero, sobre todo en el Ecuador\u00bb, agreg\u00f3 la autoridad. Adem\u00e1s, las empresas intervenidas en este operativo estaban legalmente constituidas, \u00aby se valen de ello para importar armas\u00bb. Luego, los due\u00f1os de las empresas vend\u00edan las armas a trav\u00e9s de personas de bajos recursos que la banda captaba como \u00abpresta nombres\u00bb, con la finalidad de que tramitaran y obtuvieran la licencia legal de uso. Las empresas proporcionaban la documentaci\u00f3n y la capacitaci\u00f3n necesarias para que estos puedan adquirir la licencia. Una vez que ten\u00edan f\u00edsicamente el arma, hac\u00edan denuncias falsas de p\u00e9rdida o robo, y es en este momento en el que ingresaban en el mercado negro. En febrero, el jefe de investigaci\u00f3n criminal de la polic\u00eda de Per\u00fa indic\u00f3 que autoridades ecuatorianas le hab\u00eda confirmado que una de las armas usadas en el asesinato de Villavicencio ten\u00eda registro peruano. Per\u00fa espera la confirmaci\u00f3n de Ecuador\u00a0 &#8216;Los abastecedores de Ventanilla y Callao&#8217; las enviaban a distintas bandas criminales peruanas y en Ecuador. Una de las cinco armas usadas en el asesinato de Villavicencio, un fusil AR15 que es utilizado para la caza y el deporte, aparentemente pertenece a este caso de tr\u00e1fico il\u00edcito. Aunque el fiscal peruano Ch\u00e1vez aclar\u00f3 que est\u00e1n esperando a la Polic\u00eda de Ecuador confirme los detalles y registro de esta arma para corroborar la hip\u00f3tesis. Por su parte, la polic\u00eda ecuatoriana se\u00f1al\u00f3 en su cuenta de red social X que ya entreg\u00f3 a Per\u00fa \u00abinformaci\u00f3n obtenida mediante inteligencia forense de las armas que han sido aprehendidas en Ecuador\u00bb. COORDINACI\u00d3N INTERNACIONAL En horas de la madrugada la @PoliciaPeru ejecut\u00f3 el mega operativo &quot;Eclipse 2024&quot; en los departamentos de Lima, Piura, Tumbes y Cajamarca, que permiti\u00f3 la detenci\u00f3n de 18 personas vinculadas al delito de comercializaci\u00f3n de armas de fuego, a trav\u00e9s la\u2026 https:\/\/t.co\/abLF25xyTv &mdash; Polic\u00eda Ecuador (@PoliciaEcuador) March 13, 2024 En el megaoperativo se incautaron 270 armas de diversos calibres, as\u00ed como grandes cantidades de dinero en efectivo . Fuente: Primicias &nbsp;<\/p>\n","protected":false},"author":1,"featured_media":14024,"comment_status":"open","ping_status":"open","sticky":false,"template":"","format":"standard","meta":{"footnotes":""},"categories":[268],"tags":[],"class_list":["post-14023","post","type-post","status-publish","format-standard","has-post-thumbnail","hentry","category-nacionales"],"_links":{"self":[{"href":"https:\/\/www.elamazonico.com\/portal\/wp-json\/wp\/v2\/posts\/14023","targetHints":{"allow":["GET"]}}],"collection":[{"href":"https:\/\/www.elamazonico.com\/portal\/wp-json\/wp\/v2\/posts"}],"about":[{"href":"https:\/\/www.elamazonico.com\/portal\/wp-json\/wp\/v2\/types\/post"}],"author":[{"embeddable":true,"href":"https:\/\/www.elamazonico.com\/portal\/wp-json\/wp\/v2\/users\/1"}],"replies":[{"embeddable":true,"href":"https:\/\/www.elamazonico.com\/portal\/wp-json\/wp\/v2\/comments?post=14023"}],"version-history":[{"count":1,"href":"https:\/\/www.elamazonico.com\/portal\/wp-json\/wp\/v2\/posts\/14023\/revisions"}],"predecessor-version":[{"id":14025,"href":"https:\/\/www.elamazonico.com\/portal\/wp-json\/wp\/v2\/posts\/14023\/revisions\/14025"}],"wp:featuredmedia":[{"embeddable":true,"href":"https:\/\/www.elamazonico.com\/portal\/wp-json\/wp\/v2\/media\/14024"}],"wp:attachment":[{"href":"https:\/\/www.elamazonico.com\/portal\/wp-json\/wp\/v2\/media?parent=14023"}],"wp:term":[{"taxonomy":"category","embeddable":true,"href":"https:\/\/www.elamazonico.com\/portal\/wp-json\/wp\/v2\/categories?post=14023"},{"taxonomy":"post_tag","embeddable":true,"href":"https:\/\/www.elamazonico.com\/portal\/wp-json\/wp\/v2\/tags?post=14023"}],"curies":[{"name":"wp","href":"https:\/\/api.w.org\/{rel}","templated":true}]}}