{"id":14019,"date":"2024-03-13T16:36:10","date_gmt":"2024-03-13T21:36:10","guid":{"rendered":"https:\/\/www.elamazonico.com\/portal\/?p=14019"},"modified":"2024-03-13T16:39:06","modified_gmt":"2024-03-13T21:39:06","slug":"104-aspirantes-de-los-diferentes-pueblos-y-nacionalidades-indigenas-del-ecuador-se-graduaran-como-policias","status":"publish","type":"post","link":"https:\/\/www.elamazonico.com\/portal\/104-aspirantes-de-los-diferentes-pueblos-y-nacionalidades-indigenas-del-ecuador-se-graduaran-como-policias\/","title":{"rendered":"104 aspirantes de los diferentes Pueblos y Nacionalidades del Ecuador se graduaran como Polic\u00edas"},"content":{"rendered":"<p>103 hombres ind\u00edgenas de la Amazon\u00eda y 01 de la Sierra ecuatoriana se graduar\u00e1n como Servidores Policiales T\u00e9cnico Operativos, en una ceremonia simb\u00f3lica solemne que se realizar\u00e1 en el Coliseo de la Federaci\u00f3n Deportiva Provincial de Napo, en el cant\u00f3n Tena, este viernes 15 de marzo del a\u00f1o en curso, a las 10h00 am.<\/p>\n<p>Durante ocho meses, los 104 Aspirantes de la Escuela de Formaci\u00f3n de Polic\u00edas de la Subzona Napo se han preparado diligentemente. Esta cohorte proviene de diversos pueblos y nacionalidades: 81 son de etnia Kichwa, 17 pertenecen a la nacionalidad Shuar, 02 son de la nacionalidad Aw\u00e1, 02 de la nacionalidad Waorani, 01 de la nacionalidad Cof\u00e1n y 01 Chibuleo de Ambato.<\/p>\n<p>Estos aspirantes representan con orgullo a las provincias de Napo, Pastaza, Orellana, Sucumb\u00edos, Morona Santiago, Zamora Chinchipe y Tungurahua. Durante su tiempo en la Escuela de Formaci\u00f3n Policial de la Subzona Napo, han recibido una preparaci\u00f3n integral que abarca aspectos f\u00edsicos, psicol\u00f3gicos y acad\u00e9micos.<\/p>\n<p>En esta cohorte, el aspirante David Gilmar Licuy Aguinda, de 19 a\u00f1os de edad y perteneciente a la nacionalidad kichwa, es la primera antig\u00fcedad de la promoci\u00f3n. Los 104 se\u00f1ores Aspirantes de la Escuela de Formaci\u00f3n de Polic\u00edas Subzona Napo, realizaron los cursos de especializaci\u00f3n durante tres meses, en las \u00e1reas de Inteligencia (37), Turismo (01), Polic\u00eda Comunitaria (07), Grupo de operaciones Motorizadas (30) y Grupo de Intervenci\u00f3n y Rescate (29).<\/p>\n<p>Los uniformados forman parte de la D\u00e9cima Primera Cohorte, promoci\u00f3n que lleva el nombre \u201cCbos. Songor Tapia Ver\u00f3nica Mireya 2023-2024\u201d, una verdadera hero\u00edna nacional y s\u00edmbolo de paz que ofrend\u00f3 su vida en el sector de la Nueva Prosperina 2, en Guayaquil, el 9 de octubre de 2022. Durante un ataque perpetrado por delincuentes contra la Unidad de Polic\u00eda Comunitaria (UPC), Ver\u00f3nica Songor (+) fue alcanzada por varios disparos. En reconocimiento a su valent\u00eda, fue ascendida p\u00f3stumamente de Polic\u00eda a Cabo Segundo.<\/p>\n","protected":false},"excerpt":{"rendered":"<p>103 hombres ind\u00edgenas de la Amazon\u00eda y 01 de la Sierra ecuatoriana se graduar\u00e1n como Servidores Policiales T\u00e9cnico Operativos, en una ceremonia simb\u00f3lica solemne que se realizar\u00e1 en el Coliseo de la Federaci\u00f3n Deportiva Provincial de Napo, en el cant\u00f3n Tena, este viernes 15 de marzo del a\u00f1o en curso, a las 10h00 am. Durante ocho meses, los 104 Aspirantes de la Escuela de Formaci\u00f3n de Polic\u00edas de la Subzona Napo se han preparado diligentemente. Esta cohorte proviene de diversos pueblos y nacionalidades: 81 son de etnia Kichwa, 17 pertenecen a la nacionalidad Shuar, 02 son de la nacionalidad Aw\u00e1, 02 de la nacionalidad Waorani, 01 de la nacionalidad Cof\u00e1n y 01 Chibuleo de Ambato. Estos aspirantes representan con orgullo a las provincias de Napo, Pastaza, Orellana, Sucumb\u00edos, Morona Santiago, Zamora Chinchipe y Tungurahua. Durante su tiempo en la Escuela de Formaci\u00f3n Policial de la Subzona Napo, han recibido una preparaci\u00f3n integral que abarca aspectos f\u00edsicos, psicol\u00f3gicos y acad\u00e9micos. En esta cohorte, el aspirante David Gilmar Licuy Aguinda, de 19 a\u00f1os de edad y perteneciente a la nacionalidad kichwa, es la primera antig\u00fcedad de la promoci\u00f3n. Los 104 se\u00f1ores Aspirantes de la Escuela de Formaci\u00f3n de Polic\u00edas Subzona Napo, realizaron los cursos de especializaci\u00f3n durante tres meses, en las \u00e1reas de Inteligencia (37), Turismo (01), Polic\u00eda Comunitaria (07), Grupo de operaciones Motorizadas (30) y Grupo de Intervenci\u00f3n y Rescate (29). Los uniformados forman parte de la D\u00e9cima Primera Cohorte, promoci\u00f3n que lleva el nombre \u201cCbos. Songor Tapia Ver\u00f3nica Mireya 2023-2024\u201d, una verdadera hero\u00edna nacional y s\u00edmbolo de paz que ofrend\u00f3 su vida en el sector de la Nueva Prosperina 2, en Guayaquil, el 9 de octubre de 2022. Durante un ataque perpetrado por delincuentes contra la Unidad de Polic\u00eda Comunitaria (UPC), Ver\u00f3nica Songor (+) fue alcanzada por varios disparos. En reconocimiento a su valent\u00eda, fue ascendida p\u00f3stumamente de Polic\u00eda a Cabo Segundo.<\/p>\n","protected":false},"author":1,"featured_media":14020,"comment_status":"open","ping_status":"open","sticky":false,"template":"","format":"standard","meta":{"footnotes":""},"categories":[268],"tags":[],"class_list":["post-14019","post","type-post","status-publish","format-standard","has-post-thumbnail","hentry","category-nacionales"],"_links":{"self":[{"href":"https:\/\/www.elamazonico.com\/portal\/wp-json\/wp\/v2\/posts\/14019","targetHints":{"allow":["GET"]}}],"collection":[{"href":"https:\/\/www.elamazonico.com\/portal\/wp-json\/wp\/v2\/posts"}],"about":[{"href":"https:\/\/www.elamazonico.com\/portal\/wp-json\/wp\/v2\/types\/post"}],"author":[{"embeddable":true,"href":"https:\/\/www.elamazonico.com\/portal\/wp-json\/wp\/v2\/users\/1"}],"replies":[{"embeddable":true,"href":"https:\/\/www.elamazonico.com\/portal\/wp-json\/wp\/v2\/comments?post=14019"}],"version-history":[{"count":2,"href":"https:\/\/www.elamazonico.com\/portal\/wp-json\/wp\/v2\/posts\/14019\/revisions"}],"predecessor-version":[{"id":14022,"href":"https:\/\/www.elamazonico.com\/portal\/wp-json\/wp\/v2\/posts\/14019\/revisions\/14022"}],"wp:featuredmedia":[{"embeddable":true,"href":"https:\/\/www.elamazonico.com\/portal\/wp-json\/wp\/v2\/media\/14020"}],"wp:attachment":[{"href":"https:\/\/www.elamazonico.com\/portal\/wp-json\/wp\/v2\/media?parent=14019"}],"wp:term":[{"taxonomy":"category","embeddable":true,"href":"https:\/\/www.elamazonico.com\/portal\/wp-json\/wp\/v2\/categories?post=14019"},{"taxonomy":"post_tag","embeddable":true,"href":"https:\/\/www.elamazonico.com\/portal\/wp-json\/wp\/v2\/tags?post=14019"}],"curies":[{"name":"wp","href":"https:\/\/api.w.org\/{rel}","templated":true}]}}