{"id":14016,"date":"2024-03-13T15:17:37","date_gmt":"2024-03-13T20:17:37","guid":{"rendered":"https:\/\/www.elamazonico.comportal\/?p=14016"},"modified":"2024-03-13T15:17:37","modified_gmt":"2024-03-13T20:17:37","slug":"noboa-por-mas-que-sufran-los-sufridores-el-empleo-joven-seguira-creciendo","status":"publish","type":"post","link":"https:\/\/www.elamazonico.com\/portal\/noboa-por-mas-que-sufran-los-sufridores-el-empleo-joven-seguira-creciendo\/","title":{"rendered":"Noboa: \u00abPor m\u00e1s que sufran los sufridores, el empleo joven seguir\u00e1 creciendo\u00bb"},"content":{"rendered":"<p>En una jornada de recorridos, al estilo campa\u00f1a presidencial, el mandatario Daniel Noboa ha estado en tres cantones distintos en menos de una semana. El 7 de marzo fue a Chone para revisar las obras de contenci\u00f3n ante las inundaciones, y cuatro d\u00edas despu\u00e9s visit\u00f3 Portoviejo para una sesi\u00f3n solemne.<\/p>\n<p>Y este 13 de marzo, Noboa volvi\u00f3 a salir de Carondelet para dirigirse hasta la parroquia Virgen de F\u00e1tima, en Yaguachi (Guayas), donde present\u00f3 nuevamente el llamado proyecto &#8216;Empleo Joven&#8217;, y que ahora fue renombrado como \u00abEl Camell\u00edn\u00bb.<\/p>\n<p>El escenario era perfecto: rodeado de j\u00f3venes reci\u00e9n contratados y en un tarima de la mayor exportadora de camar\u00f3n, Santa Priscila, Noboa asegur\u00f3 que el empleo juvenil ha crecido bajo su corto mandato.<\/p>\n<p>Seg\u00fan el Presidente, esto ha sido posible tras la aprobaci\u00f3n en diciembre de la Ley Org\u00e1nica de Eficiencia Econ\u00f3mica y Generaci\u00f3n de Empleo. Y dio cifras: 63.890 contrataciones en los \u00faltimos dos meses.<\/p>\n<p>\u00abPor m\u00e1s que sufran los sufridores, esta es la cifra real, el empleo joven continuar\u00e1 creciendo en Ecuador\u00bb, a\u00f1adi\u00f3 Noboa, sentado entre los j\u00f3venes, la ministra de Trabajo, Ivonne N\u00fa\u00f1ez y voceros de la empresa camaronera.<\/p>\n<p>Incluso el Mandatario afirm\u00f3 que los j\u00f3venes ya \u00abven esperanzas en el pa\u00eds, ya ven una oportunidad m\u00e1s all\u00e1 de irse por el Dari\u00e9n\u00bb, en referencia a la selva fronteriza entre Colombia y Panam\u00e1, utilizada para la traves\u00eda migratoria hacia Estados Unidos.<\/p>\n<p>Cifras del Ministerio de Trabajo en su portal web se\u00f1alan que hasta el 7 de febrero se reportan m\u00e1s de 63.000 nuevas contrataciones juveniles.<br \/>\n<small><br \/>\n<\/small><\/p>\n<p>Pero tambi\u00e9n, en estos dos primeros meses de 2024, 83.000 personas dejaron de laborar. A nivel nacional, la tasa de desempleo se ubic\u00f3 hasta enero de 2024 en 3,9%, seg\u00fan el Instituto Nacional de Estad\u00edstica y Censos (INEC).<\/p>\n<p>Mientras que por el Dari\u00e9n, m\u00e1s de 82.000 migrantes cruzaron la peligrosa selva en lo que va de 2024, en su mayor\u00eda venezolanos, seguidos de los ecuatorianos.<\/p>\n<p>Del total de trabajos para j\u00f3venes que el Gobierno asegura ha creado, m\u00e1s del 60% corresponde a plazas laborales en Guayas y Pichincha.<\/p>\n<p>Y en 2024 solo la empacadora Santa Priscila contrat\u00f3 900 j\u00f3venes, entre 18 y 29 a\u00f1os, dijo Noboa en su intervenci\u00f3n.<br \/>\n<small><br \/>\n<\/small><\/p>\n<p>Casi al final de su dicurso, el Presidente invit\u00f3 a los j\u00f3venes a capacitarse en una herramienta gratuita en el portal del Ministerio de Trabajo, puesto que \u00absolo capacit\u00e1ndose podr\u00e1n llegar lejos\u00bb.<\/p>\n<p>Una vez terminado el evento, Noboa sigui\u00f3 con su recorrido, esta vez por Jujan, una zona que sigue inundada tras las recientes lluvias.<br \/>\n<small><br \/>\n<\/small><\/p>\n<p>https:\/\/twitter.com\/Presidencia_Ec\/status\/1767972968120885253<\/p>\n<p>&nbsp;<\/p>\n","protected":false},"excerpt":{"rendered":"<p>En una jornada de recorridos, al estilo campa\u00f1a presidencial, el mandatario Daniel Noboa ha estado en tres cantones distintos en menos de una semana. El 7 de marzo fue a Chone para revisar las obras de contenci\u00f3n ante las inundaciones, y cuatro d\u00edas despu\u00e9s visit\u00f3 Portoviejo para una sesi\u00f3n solemne. Y este 13 de marzo, Noboa volvi\u00f3 a salir de Carondelet para dirigirse hasta la parroquia Virgen de F\u00e1tima, en Yaguachi (Guayas), donde present\u00f3 nuevamente el llamado proyecto &#8216;Empleo Joven&#8217;, y que ahora fue renombrado como \u00abEl Camell\u00edn\u00bb. El escenario era perfecto: rodeado de j\u00f3venes reci\u00e9n contratados y en un tarima de la mayor exportadora de camar\u00f3n, Santa Priscila, Noboa asegur\u00f3 que el empleo juvenil ha crecido bajo su corto mandato. Seg\u00fan el Presidente, esto ha sido posible tras la aprobaci\u00f3n en diciembre de la Ley Org\u00e1nica de Eficiencia Econ\u00f3mica y Generaci\u00f3n de Empleo. Y dio cifras: 63.890 contrataciones en los \u00faltimos dos meses. \u00abPor m\u00e1s que sufran los sufridores, esta es la cifra real, el empleo joven continuar\u00e1 creciendo en Ecuador\u00bb, a\u00f1adi\u00f3 Noboa, sentado entre los j\u00f3venes, la ministra de Trabajo, Ivonne N\u00fa\u00f1ez y voceros de la empresa camaronera. Incluso el Mandatario afirm\u00f3 que los j\u00f3venes ya \u00abven esperanzas en el pa\u00eds, ya ven una oportunidad m\u00e1s all\u00e1 de irse por el Dari\u00e9n\u00bb, en referencia a la selva fronteriza entre Colombia y Panam\u00e1, utilizada para la traves\u00eda migratoria hacia Estados Unidos. Cifras del Ministerio de Trabajo en su portal web se\u00f1alan que hasta el 7 de febrero se reportan m\u00e1s de 63.000 nuevas contrataciones juveniles. Pero tambi\u00e9n, en estos dos primeros meses de 2024, 83.000 personas dejaron de laborar. A nivel nacional, la tasa de desempleo se ubic\u00f3 hasta enero de 2024 en 3,9%, seg\u00fan el Instituto Nacional de Estad\u00edstica y Censos (INEC). Mientras que por el Dari\u00e9n, m\u00e1s de 82.000 migrantes cruzaron la peligrosa selva en lo que va de 2024, en su mayor\u00eda venezolanos, seguidos de los ecuatorianos. Del total de trabajos para j\u00f3venes que el Gobierno asegura ha creado, m\u00e1s del 60% corresponde a plazas laborales en Guayas y Pichincha. Y en 2024 solo la empacadora Santa Priscila contrat\u00f3 900 j\u00f3venes, entre 18 y 29 a\u00f1os, dijo Noboa en su intervenci\u00f3n. Casi al final de su dicurso, el Presidente invit\u00f3 a los j\u00f3venes a capacitarse en una herramienta gratuita en el portal del Ministerio de Trabajo, puesto que \u00absolo capacit\u00e1ndose podr\u00e1n llegar lejos\u00bb. Una vez terminado el evento, Noboa sigui\u00f3 con su recorrido, esta vez por Jujan, una zona que sigue inundada tras las recientes lluvias. https:\/\/twitter.com\/Presidencia_Ec\/status\/1767972968120885253 &nbsp;<\/p>\n","protected":false},"author":1,"featured_media":14017,"comment_status":"open","ping_status":"open","sticky":false,"template":"","format":"standard","meta":{"footnotes":""},"categories":[268],"tags":[],"class_list":["post-14016","post","type-post","status-publish","format-standard","has-post-thumbnail","hentry","category-nacionales"],"_links":{"self":[{"href":"https:\/\/www.elamazonico.com\/portal\/wp-json\/wp\/v2\/posts\/14016","targetHints":{"allow":["GET"]}}],"collection":[{"href":"https:\/\/www.elamazonico.com\/portal\/wp-json\/wp\/v2\/posts"}],"about":[{"href":"https:\/\/www.elamazonico.com\/portal\/wp-json\/wp\/v2\/types\/post"}],"author":[{"embeddable":true,"href":"https:\/\/www.elamazonico.com\/portal\/wp-json\/wp\/v2\/users\/1"}],"replies":[{"embeddable":true,"href":"https:\/\/www.elamazonico.com\/portal\/wp-json\/wp\/v2\/comments?post=14016"}],"version-history":[{"count":1,"href":"https:\/\/www.elamazonico.com\/portal\/wp-json\/wp\/v2\/posts\/14016\/revisions"}],"predecessor-version":[{"id":14018,"href":"https:\/\/www.elamazonico.com\/portal\/wp-json\/wp\/v2\/posts\/14016\/revisions\/14018"}],"wp:featuredmedia":[{"embeddable":true,"href":"https:\/\/www.elamazonico.com\/portal\/wp-json\/wp\/v2\/media\/14017"}],"wp:attachment":[{"href":"https:\/\/www.elamazonico.com\/portal\/wp-json\/wp\/v2\/media?parent=14016"}],"wp:term":[{"taxonomy":"category","embeddable":true,"href":"https:\/\/www.elamazonico.com\/portal\/wp-json\/wp\/v2\/categories?post=14016"},{"taxonomy":"post_tag","embeddable":true,"href":"https:\/\/www.elamazonico.com\/portal\/wp-json\/wp\/v2\/tags?post=14016"}],"curies":[{"name":"wp","href":"https:\/\/api.w.org\/{rel}","templated":true}]}}