{"id":14008,"date":"2024-03-13T10:38:21","date_gmt":"2024-03-13T15:38:21","guid":{"rendered":"https:\/\/www.elamazonico.com\/portal\/?p=14008"},"modified":"2024-03-13T10:38:21","modified_gmt":"2024-03-13T15:38:21","slug":"barcelona-sporting-club-pidio-que-augusto-aragon-no-le-pite-nunca-mas","status":"publish","type":"post","link":"https:\/\/www.elamazonico.com\/portal\/barcelona-sporting-club-pidio-que-augusto-aragon-no-le-pite-nunca-mas\/","title":{"rendered":"Barcelona Sporting Club pidi\u00f3 que Augusto Arag\u00f3n no le pite nunca m\u00e1s"},"content":{"rendered":"<p>La directiva de\u00a0<strong>Barcelona<\/strong>\u00a0Sporting Club pidi\u00f3 a la Comisi\u00f3n Nacional de\u00a0<strong>Arbitraje<\/strong>\u00a0que el central Augusto Arag\u00f3n no vuelva a dirigir uno de sus partidos de\u00a0<strong>LigaPro<\/strong>\u00a0durante esta temporada.<\/p>\n<p>\u00bfLa raz\u00f3n? Los toreros se sienten\u00a0<strong>perjudicados<\/strong>\u00a0por sus decisiones en el partido contra Independiente del Valle, el pasado fin de semana.<\/p>\n<p>Adem\u00e1s, solicitaron que se liberen los audios del\u00a0<strong>VAR<\/strong>\u00a0sobre dos jugadas en particular. La primera es en la apertura del marcador, cuando supuestamente\u00a0<strong>Anthony Land\u00e1zuri<\/strong>\u00a0se llev\u00f3 el bal\u00f3n con la mano.<\/p>\n<p><img decoding=\"async\" src=\"https:\/\/www.eltelegrafo.com.ec\/images\/Fotos_ElTelegrafo\/landazuri.jpg?ver=1710335571213\" alt=\"landazuri\" \/><\/p>\n<p>La segunda es una falta de Cristian Zabala sobre<strong>\u00a0An\u00edbal Chal\u00e1<\/strong>. Para ellos, debieron expulsar al integrante rayado.\u00a0 <strong>Fuente: El Tel\u00e9grafo.<\/strong><\/p>\n","protected":false},"excerpt":{"rendered":"<p>La directiva de\u00a0Barcelona\u00a0Sporting Club pidi\u00f3 a la Comisi\u00f3n Nacional de\u00a0Arbitraje\u00a0que el central Augusto Arag\u00f3n no vuelva a dirigir uno de sus partidos de\u00a0LigaPro\u00a0durante esta temporada. \u00bfLa raz\u00f3n? Los toreros se sienten\u00a0perjudicados\u00a0por sus decisiones en el partido contra Independiente del Valle, el pasado fin de semana. Adem\u00e1s, solicitaron que se liberen los audios del\u00a0VAR\u00a0sobre dos jugadas en particular. La primera es en la apertura del marcador, cuando supuestamente\u00a0Anthony Land\u00e1zuri\u00a0se llev\u00f3 el bal\u00f3n con la mano. La segunda es una falta de Cristian Zabala sobre\u00a0An\u00edbal Chal\u00e1. Para ellos, debieron expulsar al integrante rayado.\u00a0 Fuente: El Tel\u00e9grafo.<\/p>\n","protected":false},"author":1,"featured_media":14007,"comment_status":"open","ping_status":"open","sticky":false,"template":"","format":"standard","meta":{"footnotes":""},"categories":[6],"tags":[],"class_list":["post-14008","post","type-post","status-publish","format-standard","has-post-thumbnail","hentry","category-deportes"],"_links":{"self":[{"href":"https:\/\/www.elamazonico.com\/portal\/wp-json\/wp\/v2\/posts\/14008","targetHints":{"allow":["GET"]}}],"collection":[{"href":"https:\/\/www.elamazonico.com\/portal\/wp-json\/wp\/v2\/posts"}],"about":[{"href":"https:\/\/www.elamazonico.com\/portal\/wp-json\/wp\/v2\/types\/post"}],"author":[{"embeddable":true,"href":"https:\/\/www.elamazonico.com\/portal\/wp-json\/wp\/v2\/users\/1"}],"replies":[{"embeddable":true,"href":"https:\/\/www.elamazonico.com\/portal\/wp-json\/wp\/v2\/comments?post=14008"}],"version-history":[{"count":1,"href":"https:\/\/www.elamazonico.com\/portal\/wp-json\/wp\/v2\/posts\/14008\/revisions"}],"predecessor-version":[{"id":14009,"href":"https:\/\/www.elamazonico.com\/portal\/wp-json\/wp\/v2\/posts\/14008\/revisions\/14009"}],"wp:featuredmedia":[{"embeddable":true,"href":"https:\/\/www.elamazonico.com\/portal\/wp-json\/wp\/v2\/media\/14007"}],"wp:attachment":[{"href":"https:\/\/www.elamazonico.com\/portal\/wp-json\/wp\/v2\/media?parent=14008"}],"wp:term":[{"taxonomy":"category","embeddable":true,"href":"https:\/\/www.elamazonico.com\/portal\/wp-json\/wp\/v2\/categories?post=14008"},{"taxonomy":"post_tag","embeddable":true,"href":"https:\/\/www.elamazonico.com\/portal\/wp-json\/wp\/v2\/tags?post=14008"}],"curies":[{"name":"wp","href":"https:\/\/api.w.org\/{rel}","templated":true}]}}