{"id":14003,"date":"2024-03-13T09:53:30","date_gmt":"2024-03-13T14:53:30","guid":{"rendered":"https:\/\/www.elamazonico.com\/portal\/?p=14003"},"modified":"2024-03-13T09:53:30","modified_gmt":"2024-03-13T14:53:30","slug":"la-ley-de-turismo-del-gobierno-enfrentara-al-pleno-de-la-asamblea-en-su-primer-debate","status":"publish","type":"post","link":"https:\/\/www.elamazonico.com\/portal\/la-ley-de-turismo-del-gobierno-enfrentara-al-pleno-de-la-asamblea-en-su-primer-debate\/","title":{"rendered":"La Ley de Turismo del Gobierno enfrentar\u00e1 al Pleno de la Asamblea en su primer debate"},"content":{"rendered":"<p>El primer debate del quinto proyecto econ\u00f3mico-urgente de Gobierno sobre Turismo ya tiene fecha. Este jueves 14 de marzo de 2024, el orden del d\u00eda de la sesi\u00f3n incluye el tema para tratarse desde las 12:00.<\/p>\n<p>La convocatoria ocurri\u00f3 al d\u00eda siguiente de que la Comisi\u00f3n de Desarrollo Econ\u00f3mico aprob\u00f3 el informe con ocho de nueve votos posibles. Estuvieron de acuerdo con lo incluido en el proyecto, incluso los corre\u00edstas que ten\u00edan objeciones a la propuesta original del presidente Daniel Noboa.<\/p>\n<p>Las observaciones que se hagan en la primera discusi\u00f3n podr\u00e1n ser acogidas por la Comisi\u00f3n para el informe del segundo y definitivo debate.<\/p>\n<p>Al ser un proyecto econ\u00f3mico-urgente, la Asamblea tiene 30 d\u00edas para pronunciarse porque la Constituci\u00f3n establece que, en caso de no hacerlo, la Ley pasar\u00e1 directamente al Registro Oficial.<\/p>\n<blockquote class=\"twitter-tweet\" data-width=\"550\" data-dnt=\"true\">\n<p lang=\"es\" dir=\"ltr\"><a href=\"https:\/\/twitter.com\/hashtag\/LaNuevaAsmablea?src=hash&amp;ref_src=twsrc%5Etfw\">#LaNuevaAsmablea<\/a> | <a href=\"https:\/\/twitter.com\/DesarrolloEcAN?ref_src=twsrc%5Etfw\">@DesarrolloEcAN<\/a> instala la sesi\u00f3n N\u00b0 023 a fin de conocer, debatir y aprobar el informe para primer debate del proyecto de Ley Org\u00e1nica para el Fortalecimiento de las Actividades Tur\u00edsticas y Fomento del Empleo, urgente en materia\u00a0econ\u00f3mica. <a href=\"https:\/\/t.co\/KyFBBeuTql\">pic.twitter.com\/KyFBBeuTql<\/a><\/p>\n<p>&mdash; Asamblea Nacional (@AsambleaEcuador) <a href=\"https:\/\/twitter.com\/AsambleaEcuador\/status\/1767292043129164279?ref_src=twsrc%5Etfw\">March 11, 2024<\/a><\/p><\/blockquote>\n<p><script async src=\"https:\/\/platform.twitter.com\/widgets.js\" charset=\"utf-8\"><\/script><\/p>\n<p><strong>Los cambios en el proyecto:<\/strong><\/p>\n<p>Reducci\u00f3n del IVA: En el informe se incluyeron cambios importantes. Uno de ellos tiene que ver con otorgar la facultad al Presidente de la Rep\u00fablica para bajar hasta cuatro puntos al Impuesto al Valor Agregado (IVA) durante los feriados.<\/p>\n<p>Fondo de Desarrollo Tur\u00edstico: Los recursos se prev\u00e9n para invertirse en la promoci\u00f3n del turismo as\u00ed como tambi\u00e9n para el desarrollo de infraestructura.<\/p>\n<p>Incentivos tributarios. Se plantean beneficios para la organizaci\u00f3n de eventos culturales y art\u00edsticos. Por ejemplo, una exoneraci\u00f3n del Impuesto a la Renta\u00a0 para los pagos al exterior que realicen\u00a0 prestadores de servicios tur\u00edsticos.\u00a0 \u00a0<strong> Fuente: El Tel\u00e9grafo<\/strong><\/p>\n","protected":false},"excerpt":{"rendered":"<p>El primer debate del quinto proyecto econ\u00f3mico-urgente de Gobierno sobre Turismo ya tiene fecha. Este jueves 14 de marzo de 2024, el orden del d\u00eda de la sesi\u00f3n incluye el tema para tratarse desde las 12:00. La convocatoria ocurri\u00f3 al d\u00eda siguiente de que la Comisi\u00f3n de Desarrollo Econ\u00f3mico aprob\u00f3 el informe con ocho de nueve votos posibles. Estuvieron de acuerdo con lo incluido en el proyecto, incluso los corre\u00edstas que ten\u00edan objeciones a la propuesta original del presidente Daniel Noboa. Las observaciones que se hagan en la primera discusi\u00f3n podr\u00e1n ser acogidas por la Comisi\u00f3n para el informe del segundo y definitivo debate. Al ser un proyecto econ\u00f3mico-urgente, la Asamblea tiene 30 d\u00edas para pronunciarse porque la Constituci\u00f3n establece que, en caso de no hacerlo, la Ley pasar\u00e1 directamente al Registro Oficial. #LaNuevaAsmablea | @DesarrolloEcAN instala la sesi\u00f3n N\u00b0 023 a fin de conocer, debatir y aprobar el informe para primer debate del proyecto de Ley Org\u00e1nica para el Fortalecimiento de las Actividades Tur\u00edsticas y Fomento del Empleo, urgente en materia\u00a0econ\u00f3mica. pic.twitter.com\/KyFBBeuTql &mdash; Asamblea Nacional (@AsambleaEcuador) March 11, 2024 Los cambios en el proyecto: Reducci\u00f3n del IVA: En el informe se incluyeron cambios importantes. Uno de ellos tiene que ver con otorgar la facultad al Presidente de la Rep\u00fablica para bajar hasta cuatro puntos al Impuesto al Valor Agregado (IVA) durante los feriados. Fondo de Desarrollo Tur\u00edstico: Los recursos se prev\u00e9n para invertirse en la promoci\u00f3n del turismo as\u00ed como tambi\u00e9n para el desarrollo de infraestructura. Incentivos tributarios. Se plantean beneficios para la organizaci\u00f3n de eventos culturales y art\u00edsticos. Por ejemplo, una exoneraci\u00f3n del Impuesto a la Renta\u00a0 para los pagos al exterior que realicen\u00a0 prestadores de servicios tur\u00edsticos.\u00a0 \u00a0 Fuente: El Tel\u00e9grafo<\/p>\n","protected":false},"author":1,"featured_media":14004,"comment_status":"open","ping_status":"open","sticky":false,"template":"","format":"standard","meta":{"footnotes":""},"categories":[268],"tags":[],"class_list":["post-14003","post","type-post","status-publish","format-standard","has-post-thumbnail","hentry","category-nacionales"],"_links":{"self":[{"href":"https:\/\/www.elamazonico.com\/portal\/wp-json\/wp\/v2\/posts\/14003","targetHints":{"allow":["GET"]}}],"collection":[{"href":"https:\/\/www.elamazonico.com\/portal\/wp-json\/wp\/v2\/posts"}],"about":[{"href":"https:\/\/www.elamazonico.com\/portal\/wp-json\/wp\/v2\/types\/post"}],"author":[{"embeddable":true,"href":"https:\/\/www.elamazonico.com\/portal\/wp-json\/wp\/v2\/users\/1"}],"replies":[{"embeddable":true,"href":"https:\/\/www.elamazonico.com\/portal\/wp-json\/wp\/v2\/comments?post=14003"}],"version-history":[{"count":2,"href":"https:\/\/www.elamazonico.com\/portal\/wp-json\/wp\/v2\/posts\/14003\/revisions"}],"predecessor-version":[{"id":14006,"href":"https:\/\/www.elamazonico.com\/portal\/wp-json\/wp\/v2\/posts\/14003\/revisions\/14006"}],"wp:featuredmedia":[{"embeddable":true,"href":"https:\/\/www.elamazonico.com\/portal\/wp-json\/wp\/v2\/media\/14004"}],"wp:attachment":[{"href":"https:\/\/www.elamazonico.com\/portal\/wp-json\/wp\/v2\/media?parent=14003"}],"wp:term":[{"taxonomy":"category","embeddable":true,"href":"https:\/\/www.elamazonico.com\/portal\/wp-json\/wp\/v2\/categories?post=14003"},{"taxonomy":"post_tag","embeddable":true,"href":"https:\/\/www.elamazonico.com\/portal\/wp-json\/wp\/v2\/tags?post=14003"}],"curies":[{"name":"wp","href":"https:\/\/api.w.org\/{rel}","templated":true}]}}