{"id":13987,"date":"2024-03-13T04:52:57","date_gmt":"2024-03-13T09:52:57","guid":{"rendered":"https:\/\/www.elamazonico.comportal\/?p=13987"},"modified":"2024-03-13T04:52:57","modified_gmt":"2024-03-13T09:52:57","slug":"ministerio-de-educacion-presento-denuncia-por-presunta-red-de-difusion-de-pornografia-infantil","status":"publish","type":"post","link":"https:\/\/www.elamazonico.com\/portal\/ministerio-de-educacion-presento-denuncia-por-presunta-red-de-difusion-de-pornografia-infantil\/","title":{"rendered":"Ministerio de Educaci\u00f3n present\u00f3 denuncia por presunta red de difusi\u00f3n de pornograf\u00eda infantil"},"content":{"rendered":"<p>El\u00a0<strong>Ministerio de Educaci\u00f3n<\/strong>\u00a0present\u00f3 la denuncia ante Fiscal\u00eda por el\u00a0<strong>presunto delito de pornogaf\u00eda<\/strong>\u00a0con utilizaci\u00f3n de ni\u00f1as, ni\u00f1os y adolescentes. El tr\u00e1mite se present\u00f3 este martes, 12 de marzo de 2024.<\/p>\n<p>Esto se dio tras las declaraciones emitidas por el abogado Fernando Rosero sobre la presunta existencia de una red social en la que se compartir\u00edan y comercializar\u00edan videos de<strong>\u00a0abusos sexuales<\/strong>\u00a0de estudiantes de instituciones educativas del pa\u00eds.<\/p>\n<p>La cartera de Estado coloc\u00f3 la denuncia a trav\u00e9s de la Subsecretar\u00eda de Educaci\u00f3n del Distrito Guayaquil &#8211; Zona 8. En ese marco, se indic\u00f3 que la Autoridad de Educaci\u00f3n busca precautelar la integridad y los\u00a0<strong>derechos<\/strong>\u00a0de los miembros de la comunidad educativa. Adem\u00e1s se realiza el seguimiento y acompa\u00f1amiento legal a las personas que vivieron estos hechos.<\/p>\n<p>A esto se suma que se rechaza todo acto de violencia dentro y fuera del sistema educativo.<\/p>\n<blockquote class=\"twitter-tweet\" data-width=\"550\" data-dnt=\"true\">\n<p lang=\"es\" dir=\"ltr\">[COMUNICADO] El Ministerio de Educaci\u00f3n informa que present\u00f3 denuncia ante Fiscal\u00eda por el presunto delito de pornograf\u00eda con utilizaci\u00f3n de ni\u00f1as, ni\u00f1os o adolescentes, ante las declaraciones del abogado Fernando Rosero. <a href=\"https:\/\/t.co\/v0qDb07EyJ\">pic.twitter.com\/v0qDb07EyJ<\/a><\/p>\n<p>&mdash; Ministerio de Educaci\u00f3n del Ecuador (@Educacion_Ec) <a href=\"https:\/\/twitter.com\/Educacion_Ec\/status\/1767729115728138650?ref_src=twsrc%5Etfw\">March 13, 2024<\/a><\/p><\/blockquote>\n<p><script async src=\"https:\/\/platform.twitter.com\/widgets.js\" charset=\"utf-8\"><\/script><\/p>\n<p><strong>En contexto\u00a0<\/strong><\/p>\n<p>El Ministerio de Educaci\u00f3n inform\u00f3 el martes, 5 de marzo de 2024, que se activaron los protocolos y ruta de actuaci\u00f3n ante hechos de presunta violencia reportados en establecimientos de Quito y Guayaquil.<\/p>\n<p>El caso de\u00a0<strong>Quito<\/strong>\u00a0est\u00e1 relacionado con presunta violencia f\u00edsica y psicol\u00f3gica dentro del plantel por un docente. El hecho fue reportado por la madre de la menor afectada y se coloc\u00f3 la denuncia a Fiscal\u00eda.<\/p>\n<p>Mientras que el caso de\u00a0<strong>Guayaquil<\/strong>\u00a0se trata de una presunta violaci\u00f3n sexual de compa\u00f1eros a una chica. El hecho se habr\u00eda dado en un viaje al exterior.<\/p>\n<p><strong>A continuaci\u00f3n, estos son los protocolos:\u00a0<\/strong><\/p>\n<p>-Toda persona de la comunidad educativa que tenga conocimiento de un presunto caso de violencia, cometido dentro o fuera de la instituci\u00f3n, tiene la obligaci\u00f3n de reportarlo a la autoridad institucional y poner la denuncia inmediatamente en Fiscal\u00eda.<\/p>\n<p>&#8211;<strong>Separaci\u00f3n inmediata<\/strong>\u00a0del espacio educativo del presunto agresor durante el tiempo de investigaci\u00f3n y resoluci\u00f3n del proceso administrativo.<\/p>\n<p>&#8211;<strong>Acompa\u00f1amiento psicol\u00f3gico<\/strong>\u00a0a la presunta v\u00edctima y su familia a trav\u00e9s de la derivaci\u00f3n a instancias de salud.<\/p>\n<p>&#8211;<strong>Acompa\u00f1amiento pedag\u00f3gico<\/strong>\u00a0por parte del docente-tutor, profesores de las diferentes materias y del vicerrector para garantizar la continuidad y el derecho a la educaci\u00f3n (siempre y cuando no sean los docentes involucrados en la denuncia).<\/p>\n<p>&#8211;<strong>Asesoramiento<\/strong> y derivaci\u00f3n legal que brindan los abogados de las direcciones distritales; hay una coordinaci\u00f3n con la Defensor\u00eda P\u00fablica y consultorios jur\u00eddicos aliados.<strong> Fuente: El Tel\u00e9grafo<\/strong><\/p>\n","protected":false},"excerpt":{"rendered":"<p>El\u00a0Ministerio de Educaci\u00f3n\u00a0present\u00f3 la denuncia ante Fiscal\u00eda por el\u00a0presunto delito de pornogaf\u00eda\u00a0con utilizaci\u00f3n de ni\u00f1as, ni\u00f1os y adolescentes. El tr\u00e1mite se present\u00f3 este martes, 12 de marzo de 2024. Esto se dio tras las declaraciones emitidas por el abogado Fernando Rosero sobre la presunta existencia de una red social en la que se compartir\u00edan y comercializar\u00edan videos de\u00a0abusos sexuales\u00a0de estudiantes de instituciones educativas del pa\u00eds. La cartera de Estado coloc\u00f3 la denuncia a trav\u00e9s de la Subsecretar\u00eda de Educaci\u00f3n del Distrito Guayaquil &#8211; Zona 8. En ese marco, se indic\u00f3 que la Autoridad de Educaci\u00f3n busca precautelar la integridad y los\u00a0derechos\u00a0de los miembros de la comunidad educativa. Adem\u00e1s se realiza el seguimiento y acompa\u00f1amiento legal a las personas que vivieron estos hechos. A esto se suma que se rechaza todo acto de violencia dentro y fuera del sistema educativo. [COMUNICADO] El Ministerio de Educaci\u00f3n informa que present\u00f3 denuncia ante Fiscal\u00eda por el presunto delito de pornograf\u00eda con utilizaci\u00f3n de ni\u00f1as, ni\u00f1os o adolescentes, ante las declaraciones del abogado Fernando Rosero. pic.twitter.com\/v0qDb07EyJ &mdash; Ministerio de Educaci\u00f3n del Ecuador (@Educacion_Ec) March 13, 2024 En contexto\u00a0 El Ministerio de Educaci\u00f3n inform\u00f3 el martes, 5 de marzo de 2024, que se activaron los protocolos y ruta de actuaci\u00f3n ante hechos de presunta violencia reportados en establecimientos de Quito y Guayaquil. El caso de\u00a0Quito\u00a0est\u00e1 relacionado con presunta violencia f\u00edsica y psicol\u00f3gica dentro del plantel por un docente. El hecho fue reportado por la madre de la menor afectada y se coloc\u00f3 la denuncia a Fiscal\u00eda. Mientras que el caso de\u00a0Guayaquil\u00a0se trata de una presunta violaci\u00f3n sexual de compa\u00f1eros a una chica. El hecho se habr\u00eda dado en un viaje al exterior. A continuaci\u00f3n, estos son los protocolos:\u00a0 -Toda persona de la comunidad educativa que tenga conocimiento de un presunto caso de violencia, cometido dentro o fuera de la instituci\u00f3n, tiene la obligaci\u00f3n de reportarlo a la autoridad institucional y poner la denuncia inmediatamente en Fiscal\u00eda. &#8211;Separaci\u00f3n inmediata\u00a0del espacio educativo del presunto agresor durante el tiempo de investigaci\u00f3n y resoluci\u00f3n del proceso administrativo. &#8211;Acompa\u00f1amiento psicol\u00f3gico\u00a0a la presunta v\u00edctima y su familia a trav\u00e9s de la derivaci\u00f3n a instancias de salud. &#8211;Acompa\u00f1amiento pedag\u00f3gico\u00a0por parte del docente-tutor, profesores de las diferentes materias y del vicerrector para garantizar la continuidad y el derecho a la educaci\u00f3n (siempre y cuando no sean los docentes involucrados en la denuncia). &#8211;Asesoramiento y derivaci\u00f3n legal que brindan los abogados de las direcciones distritales; hay una coordinaci\u00f3n con la Defensor\u00eda P\u00fablica y consultorios jur\u00eddicos aliados. Fuente: El Tel\u00e9grafo<\/p>\n","protected":false},"author":1,"featured_media":13988,"comment_status":"open","ping_status":"open","sticky":false,"template":"","format":"standard","meta":{"footnotes":""},"categories":[268],"tags":[],"class_list":["post-13987","post","type-post","status-publish","format-standard","has-post-thumbnail","hentry","category-nacionales"],"_links":{"self":[{"href":"https:\/\/www.elamazonico.com\/portal\/wp-json\/wp\/v2\/posts\/13987","targetHints":{"allow":["GET"]}}],"collection":[{"href":"https:\/\/www.elamazonico.com\/portal\/wp-json\/wp\/v2\/posts"}],"about":[{"href":"https:\/\/www.elamazonico.com\/portal\/wp-json\/wp\/v2\/types\/post"}],"author":[{"embeddable":true,"href":"https:\/\/www.elamazonico.com\/portal\/wp-json\/wp\/v2\/users\/1"}],"replies":[{"embeddable":true,"href":"https:\/\/www.elamazonico.com\/portal\/wp-json\/wp\/v2\/comments?post=13987"}],"version-history":[{"count":1,"href":"https:\/\/www.elamazonico.com\/portal\/wp-json\/wp\/v2\/posts\/13987\/revisions"}],"predecessor-version":[{"id":13989,"href":"https:\/\/www.elamazonico.com\/portal\/wp-json\/wp\/v2\/posts\/13987\/revisions\/13989"}],"wp:featuredmedia":[{"embeddable":true,"href":"https:\/\/www.elamazonico.com\/portal\/wp-json\/wp\/v2\/media\/13988"}],"wp:attachment":[{"href":"https:\/\/www.elamazonico.com\/portal\/wp-json\/wp\/v2\/media?parent=13987"}],"wp:term":[{"taxonomy":"category","embeddable":true,"href":"https:\/\/www.elamazonico.com\/portal\/wp-json\/wp\/v2\/categories?post=13987"},{"taxonomy":"post_tag","embeddable":true,"href":"https:\/\/www.elamazonico.com\/portal\/wp-json\/wp\/v2\/tags?post=13987"}],"curies":[{"name":"wp","href":"https:\/\/api.w.org\/{rel}","templated":true}]}}