{"id":13984,"date":"2024-03-13T04:49:21","date_gmt":"2024-03-13T09:49:21","guid":{"rendered":"https:\/\/www.elamazonico.comportal\/?p=13984"},"modified":"2024-03-13T04:49:21","modified_gmt":"2024-03-13T09:49:21","slug":"el-correismo-investigara-a-funcionarios-relacionados-con-el-casos-metastasis-incluido-su-coideario-ronny-aleaga","status":"publish","type":"post","link":"https:\/\/www.elamazonico.com\/portal\/el-correismo-investigara-a-funcionarios-relacionados-con-el-casos-metastasis-incluido-su-coideario-ronny-aleaga\/","title":{"rendered":"El corre\u00edsmo investigar\u00e1 a funcionarios relacionados con el casos Met\u00e1stasis, incluido su coideario Ronny Aleaga"},"content":{"rendered":"<p>El corre\u00edsmo suelta a<a href=\"https:\/\/www.ecuavisa.com\/noticias\/seguridad\/ronny-aleaga-y-claudia-garzon-seran-vinculados-al-caso-metastasis-GH6977899\" target=\"_blank\" rel=\"noopener noreferrer\">\u00a0Ronny Aleaga<\/a>. La bancada de la Revoluci\u00f3n Ciudadana anunci\u00f3 que desde la\u00a0<b>Comisi\u00f3n de Fiscalizaci\u00f3n<\/b>\u00a0su compa\u00f1ero ser\u00e1 investigado para determinar posibles responsabilidades pol\u00edticas por las tramas de corrupci\u00f3n judicial y narcotr\u00e1fico de los<b>\u00a0casos Purga y Met\u00e1stasis.<\/b><\/p>\n<p>Lo dijo el asamble\u00edsta Leonardo Berrezueta:<\/p>\n<div class=\"paragraph\">\n<p>\u00abLa misma vara tiene que ser utilizada para todos. Si tiene el\u00a0<b>exasamble\u00edsta Ronny Aleaga<\/b>\u00a0comparecer a la Comisi\u00f3n, ser investigado, pues ser\u00e1 investigado. No tenemos por qu\u00e9 no hacerlo. Podr\u00e1 comparecer v\u00eda telem\u00e1tica&#8230;\u00bb.<\/p>\n<p><b>LEA:\u00a0<\/b><a href=\"https:\/\/www.ecuavisa.com\/noticias\/seguridad\/ronny-aleaga-y-claudia-garzon-seran-vinculados-al-caso-metastasis-GH6977899\" target=\"_blank\" rel=\"noopener noreferrer\">Ronny Aleaga y Claudia Garz\u00f3n ser\u00e1n vinculados al caso Met\u00e1stasis<\/a><\/p>\n<\/div>\n<h2 class=\"h2-componente\">Aleaga ser\u00e1 procesado<\/h2>\n<div class=\"paragraph\">\n<p>Ocurre a tres d\u00edas de la audiencia en la que la fiscal general Diana Salazar procesar\u00e1 por delincuencia organizada a Ronny Aleaga y a 12 personas m\u00e1s en el caso Met\u00e1stasis.<\/p>\n<p><b>Aleaga no estar\u00e1 en la diligencia.<\/b>\u00a0El 26 de diciembre sali\u00f3 del pa\u00eds por tierra rumbo a Colombia. En su versi\u00f3n rendida el viernes 8 de marzo se neg\u00f3 a revelar el lugar donde se encuentra.<\/p>\n<p>Luego el\u00a0<b>fiscal delegado Jefferson Aquieta<\/b>\u00a0le pidi\u00f3 que explique por qu\u00e9 en enero de 2023 us\u00f3 su condici\u00f3n de asamble\u00edsta para pedir a la Fiscal\u00eda informaci\u00f3n de\u00a0<b>Xavier Jord\u00e1n y Leonardo Cortazar<\/b>, en relaci\u00f3n con el proceso por lavado de activos que involucra a los hermanos del narcotraficante asesinado Leandro Norero.<\/p>\n<p>Aleaga respondi\u00f3:<\/p>\n<p>\u00abYo puedo hacer los requerimientos de informaci\u00f3n a las instituciones tal como tambi\u00e9n lo puede hacer un ciudadano\u00bb.<\/p>\n<h2 class=\"h2-componente\">Explic\u00f3 la foto de la piscina<\/h2>\n<div class=\"paragraph\">\n<p>Luego habl\u00f3 de la\u00a0<b>foto de la piscina\u00a0<\/b>donde aparece con Jord\u00e1n y Cortazar y dijo que por esos d\u00edas recib\u00eda ataques de Fernando Villavicencio.<\/p>\n<p>\u00abEn mi situaci\u00f3n que atravesaba en ese momento, siendo acusado por otro legislador de estar vinculado a actividades delictivas, como el narcotr\u00e1fico, yo para\u00a0<b>cuidar y salvaguardar la majestad que requiere la investidura de legislador<\/b>, transcendi\u00f3 a trav\u00e9s de una foto que yo estaba con estas personas y yo hice el requerimiento de informaci\u00f3n para saber si estaban vinculados en los presuntos delitos\u00bb.<\/p>\n<p>El oficio y los chats en los que se menciona a<b>\u00a0Ronny Aleaga<\/b>\u00a0con el alias Ruso, ser\u00e1n parte de los elementos que presentar\u00e1 la fiscal Diana Salazar para formularle cargos el pr\u00f3ximo 15 de marzo en la Corte Nacional.<\/p>\n<p>&nbsp;<\/p>\n<\/div>\n<\/div>\n","protected":false},"excerpt":{"rendered":"<p>El corre\u00edsmo suelta a\u00a0Ronny Aleaga. La bancada de la Revoluci\u00f3n Ciudadana anunci\u00f3 que desde la\u00a0Comisi\u00f3n de Fiscalizaci\u00f3n\u00a0su compa\u00f1ero ser\u00e1 investigado para determinar posibles responsabilidades pol\u00edticas por las tramas de corrupci\u00f3n judicial y narcotr\u00e1fico de los\u00a0casos Purga y Met\u00e1stasis. Lo dijo el asamble\u00edsta Leonardo Berrezueta: \u00abLa misma vara tiene que ser utilizada para todos. Si tiene el\u00a0exasamble\u00edsta Ronny Aleaga\u00a0comparecer a la Comisi\u00f3n, ser investigado, pues ser\u00e1 investigado. No tenemos por qu\u00e9 no hacerlo. Podr\u00e1 comparecer v\u00eda telem\u00e1tica&#8230;\u00bb. LEA:\u00a0Ronny Aleaga y Claudia Garz\u00f3n ser\u00e1n vinculados al caso Met\u00e1stasis Aleaga ser\u00e1 procesado Ocurre a tres d\u00edas de la audiencia en la que la fiscal general Diana Salazar procesar\u00e1 por delincuencia organizada a Ronny Aleaga y a 12 personas m\u00e1s en el caso Met\u00e1stasis. Aleaga no estar\u00e1 en la diligencia.\u00a0El 26 de diciembre sali\u00f3 del pa\u00eds por tierra rumbo a Colombia. En su versi\u00f3n rendida el viernes 8 de marzo se neg\u00f3 a revelar el lugar donde se encuentra. Luego el\u00a0fiscal delegado Jefferson Aquieta\u00a0le pidi\u00f3 que explique por qu\u00e9 en enero de 2023 us\u00f3 su condici\u00f3n de asamble\u00edsta para pedir a la Fiscal\u00eda informaci\u00f3n de\u00a0Xavier Jord\u00e1n y Leonardo Cortazar, en relaci\u00f3n con el proceso por lavado de activos que involucra a los hermanos del narcotraficante asesinado Leandro Norero. Aleaga respondi\u00f3: \u00abYo puedo hacer los requerimientos de informaci\u00f3n a las instituciones tal como tambi\u00e9n lo puede hacer un ciudadano\u00bb. Explic\u00f3 la foto de la piscina Luego habl\u00f3 de la\u00a0foto de la piscina\u00a0donde aparece con Jord\u00e1n y Cortazar y dijo que por esos d\u00edas recib\u00eda ataques de Fernando Villavicencio. \u00abEn mi situaci\u00f3n que atravesaba en ese momento, siendo acusado por otro legislador de estar vinculado a actividades delictivas, como el narcotr\u00e1fico, yo para\u00a0cuidar y salvaguardar la majestad que requiere la investidura de legislador, transcendi\u00f3 a trav\u00e9s de una foto que yo estaba con estas personas y yo hice el requerimiento de informaci\u00f3n para saber si estaban vinculados en los presuntos delitos\u00bb. El oficio y los chats en los que se menciona a\u00a0Ronny Aleaga\u00a0con el alias Ruso, ser\u00e1n parte de los elementos que presentar\u00e1 la fiscal Diana Salazar para formularle cargos el pr\u00f3ximo 15 de marzo en la Corte Nacional. &nbsp;<\/p>\n","protected":false},"author":1,"featured_media":13985,"comment_status":"open","ping_status":"open","sticky":false,"template":"","format":"standard","meta":{"footnotes":""},"categories":[268],"tags":[],"class_list":["post-13984","post","type-post","status-publish","format-standard","has-post-thumbnail","hentry","category-nacionales"],"_links":{"self":[{"href":"https:\/\/www.elamazonico.com\/portal\/wp-json\/wp\/v2\/posts\/13984","targetHints":{"allow":["GET"]}}],"collection":[{"href":"https:\/\/www.elamazonico.com\/portal\/wp-json\/wp\/v2\/posts"}],"about":[{"href":"https:\/\/www.elamazonico.com\/portal\/wp-json\/wp\/v2\/types\/post"}],"author":[{"embeddable":true,"href":"https:\/\/www.elamazonico.com\/portal\/wp-json\/wp\/v2\/users\/1"}],"replies":[{"embeddable":true,"href":"https:\/\/www.elamazonico.com\/portal\/wp-json\/wp\/v2\/comments?post=13984"}],"version-history":[{"count":1,"href":"https:\/\/www.elamazonico.com\/portal\/wp-json\/wp\/v2\/posts\/13984\/revisions"}],"predecessor-version":[{"id":13986,"href":"https:\/\/www.elamazonico.com\/portal\/wp-json\/wp\/v2\/posts\/13984\/revisions\/13986"}],"wp:featuredmedia":[{"embeddable":true,"href":"https:\/\/www.elamazonico.com\/portal\/wp-json\/wp\/v2\/media\/13985"}],"wp:attachment":[{"href":"https:\/\/www.elamazonico.com\/portal\/wp-json\/wp\/v2\/media?parent=13984"}],"wp:term":[{"taxonomy":"category","embeddable":true,"href":"https:\/\/www.elamazonico.com\/portal\/wp-json\/wp\/v2\/categories?post=13984"},{"taxonomy":"post_tag","embeddable":true,"href":"https:\/\/www.elamazonico.com\/portal\/wp-json\/wp\/v2\/tags?post=13984"}],"curies":[{"name":"wp","href":"https:\/\/api.w.org\/{rel}","templated":true}]}}