{"id":13981,"date":"2024-03-13T04:43:57","date_gmt":"2024-03-13T09:43:57","guid":{"rendered":"https:\/\/www.elamazonico.comportal\/?p=13981"},"modified":"2024-03-13T04:43:57","modified_gmt":"2024-03-13T09:43:57","slug":"cual-es-la-situacion-legal-de-jorge-glas-y-por-que-se-hablo-de-una-supuesta-fuga-de-la-embajada-de-mexico","status":"publish","type":"post","link":"https:\/\/www.elamazonico.com\/portal\/cual-es-la-situacion-legal-de-jorge-glas-y-por-que-se-hablo-de-una-supuesta-fuga-de-la-embajada-de-mexico\/","title":{"rendered":"\u00bfCu\u00e1l es la situaci\u00f3n legal de Jorge Glas y por qu\u00e9 se habl\u00f3 de una supuesta fuga de la Embajada de M\u00e9xico?"},"content":{"rendered":"<p><strong>Rumores\u00a0<\/strong>de una supuesta fuga del exvicepresidente\u00a0<strong>Jorge Glas\u00a0<\/strong>circularon en redes sociales este martes 12 de marzo de 2024. Esto ocurre un d\u00eda despu\u00e9s de que el Tribunal de la Corte de Pichincha desechara la\u00a0<strong>apelaci\u00f3n\u00a0<\/strong>que present\u00f3 y dejara\u00a0<strong>en firme la sentencia<\/strong>\u00a0que neg\u00f3 el pedido de\u00a0<strong>prelibertad<\/strong>.<\/p>\n<p>Las autoridades dispusieron su\u00a0<strong>localizaci\u00f3n\u00a0<\/strong>mientras Glas cumple medidas cautelares que lo mantienen\u00a0<strong>fuera de la prisi\u00f3n<\/strong>. El 8 de marzo la sala de\u00a0<strong>Apelaci\u00f3n\u00a0<\/strong>integrada por los jueces Carlos Figueroa, Fabi\u00e1n Fabara y Miguel N\u00e1rvaez dijo que\u00a0<strong>no es procedente<\/strong>\u00a0otorgar la prelibertad al ex vicepresidente.<\/p>\n<p>De acuerdo con la respuesta de\u00a0<strong>Canciller\u00eda\u00a0<\/strong>a los medios de comunicaci\u00f3n ante el rumor de la posible fuga, \u201cen conversaciones mantenidas con autoridades de la\u00a0<strong>Embajada de M\u00e9xico\u00a0<\/strong>en el Ecuador, se confirma que el ciudadano Jorge Glas\u00a0<strong>permanece en esas instalaciones<\/strong>. Informamos, adem\u00e1s, que se mantiene un canal de\u00a0<strong>di\u00e1logo\u00a0<\/strong>diplom\u00e1tico\u00a0<strong>directo\u00a0<\/strong>y fluido\u201d.<\/p>\n<p>Esto ocurri\u00f3 luego de que en redes sociales se difundiera el\u00a0<strong>fragmento de un texto<\/strong>\u00a0en el que presuntamente se advert\u00eda de la\u00a0<strong>fuga\u00a0<\/strong>de Glas. En el texto se dispon\u00eda a los uniformados reforzar los\u00a0<strong>controles fronterizos<\/strong>\u00a0en el norte del pa\u00eds.<\/p>\n<p>El ex vicepresidente\u00a0<strong>ingres\u00f3\u00a0<\/strong>a la embajada mexicana en Quito el 17 de diciembre de 2023 para evadir la orden de captura con fines\u00a0<strong>investigativos<\/strong>\u00a0por el presunto delito de peculado en el caso Reconstrucci\u00f3n.<\/p>\n<div class=\"code-block code-block-10\"><\/div>\n<p>Glas apel\u00f3 la orden de\u00a0<strong>prisi\u00f3n preventiva<\/strong>\u00a0en su contra por ese caso. Los magistrados Felipe C\u00f3rdova, Iv\u00e1n Saquicela y Daniella Camacho\u00a0<strong>declararon improcedente\u00a0<\/strong>el pedido el 21 de febrero de 2024.<\/p>\n<p>&nbsp;<\/p>\n<p>El ex vicepresidente de los gobiernos de<strong>\u00a0Rafael Correa<\/strong>\u00a0y\u00a0<strong>Len\u00edn Moreno<\/strong>\u00a0fue condenado por los delitos de\u00a0<strong>cohecho\u00a0<\/strong>y\u00a0<strong>asociaci\u00f3n il\u00edcita\u00a0<\/strong>a ocho y seis a\u00f1os de c\u00e1rcel, respectivamente. Finalmente cumpli\u00f3 cinco a\u00f1os en prisi\u00f3n y<strong>\u00a0sali\u00f3 libre\u00a0<\/strong>a finales de 2022.<\/p>\n<p>&nbsp;<\/p>\n<p>El juez\u00a0<strong>Emerson Curipallo<\/strong>, imputado por el\u00a0<strong>caso Met\u00e1stasis<\/strong>\u00a0que investiga la red m\u00e1s grande de corrupci\u00f3n estatal, orden\u00f3 su libertad. Mientras tanto, Glas deb\u00eda cumplir con\u00a0<strong>presentaci\u00f3n<br \/>\nsemanal\u00a0<\/strong>y prohibici\u00f3n de salida del pa\u00eds.<\/p>\n<p>Adem\u00e1s de este caso, hay una\u00a0<strong>investigaci\u00f3n\u00a0<\/strong>contra el ex vicepresidente por el presunto delito de\u00a0<strong>intimidaci\u00f3n\u00a0<\/strong>denunciado por su exasistente\u00a0<strong>Soledad Padilla<\/strong>.<\/p>\n<p>&nbsp;<\/p>\n","protected":false},"excerpt":{"rendered":"<p>Rumores\u00a0de una supuesta fuga del exvicepresidente\u00a0Jorge Glas\u00a0circularon en redes sociales este martes 12 de marzo de 2024. Esto ocurre un d\u00eda despu\u00e9s de que el Tribunal de la Corte de Pichincha desechara la\u00a0apelaci\u00f3n\u00a0que present\u00f3 y dejara\u00a0en firme la sentencia\u00a0que neg\u00f3 el pedido de\u00a0prelibertad. Las autoridades dispusieron su\u00a0localizaci\u00f3n\u00a0mientras Glas cumple medidas cautelares que lo mantienen\u00a0fuera de la prisi\u00f3n. El 8 de marzo la sala de\u00a0Apelaci\u00f3n\u00a0integrada por los jueces Carlos Figueroa, Fabi\u00e1n Fabara y Miguel N\u00e1rvaez dijo que\u00a0no es procedente\u00a0otorgar la prelibertad al ex vicepresidente. De acuerdo con la respuesta de\u00a0Canciller\u00eda\u00a0a los medios de comunicaci\u00f3n ante el rumor de la posible fuga, \u201cen conversaciones mantenidas con autoridades de la\u00a0Embajada de M\u00e9xico\u00a0en el Ecuador, se confirma que el ciudadano Jorge Glas\u00a0permanece en esas instalaciones. Informamos, adem\u00e1s, que se mantiene un canal de\u00a0di\u00e1logo\u00a0diplom\u00e1tico\u00a0directo\u00a0y fluido\u201d. Esto ocurri\u00f3 luego de que en redes sociales se difundiera el\u00a0fragmento de un texto\u00a0en el que presuntamente se advert\u00eda de la\u00a0fuga\u00a0de Glas. En el texto se dispon\u00eda a los uniformados reforzar los\u00a0controles fronterizos\u00a0en el norte del pa\u00eds. El ex vicepresidente\u00a0ingres\u00f3\u00a0a la embajada mexicana en Quito el 17 de diciembre de 2023 para evadir la orden de captura con fines\u00a0investigativos\u00a0por el presunto delito de peculado en el caso Reconstrucci\u00f3n. Glas apel\u00f3 la orden de\u00a0prisi\u00f3n preventiva\u00a0en su contra por ese caso. Los magistrados Felipe C\u00f3rdova, Iv\u00e1n Saquicela y Daniella Camacho\u00a0declararon improcedente\u00a0el pedido el 21 de febrero de 2024. &nbsp; El ex vicepresidente de los gobiernos de\u00a0Rafael Correa\u00a0y\u00a0Len\u00edn Moreno\u00a0fue condenado por los delitos de\u00a0cohecho\u00a0y\u00a0asociaci\u00f3n il\u00edcita\u00a0a ocho y seis a\u00f1os de c\u00e1rcel, respectivamente. Finalmente cumpli\u00f3 cinco a\u00f1os en prisi\u00f3n y\u00a0sali\u00f3 libre\u00a0a finales de 2022. &nbsp; El juez\u00a0Emerson Curipallo, imputado por el\u00a0caso Met\u00e1stasis\u00a0que investiga la red m\u00e1s grande de corrupci\u00f3n estatal, orden\u00f3 su libertad. Mientras tanto, Glas deb\u00eda cumplir con\u00a0presentaci\u00f3n semanal\u00a0y prohibici\u00f3n de salida del pa\u00eds. Adem\u00e1s de este caso, hay una\u00a0investigaci\u00f3n\u00a0contra el ex vicepresidente por el presunto delito de\u00a0intimidaci\u00f3n\u00a0denunciado por su exasistente\u00a0Soledad Padilla. &nbsp;<\/p>\n","protected":false},"author":1,"featured_media":13982,"comment_status":"open","ping_status":"open","sticky":false,"template":"","format":"standard","meta":{"footnotes":""},"categories":[268],"tags":[],"class_list":["post-13981","post","type-post","status-publish","format-standard","has-post-thumbnail","hentry","category-nacionales"],"_links":{"self":[{"href":"https:\/\/www.elamazonico.com\/portal\/wp-json\/wp\/v2\/posts\/13981","targetHints":{"allow":["GET"]}}],"collection":[{"href":"https:\/\/www.elamazonico.com\/portal\/wp-json\/wp\/v2\/posts"}],"about":[{"href":"https:\/\/www.elamazonico.com\/portal\/wp-json\/wp\/v2\/types\/post"}],"author":[{"embeddable":true,"href":"https:\/\/www.elamazonico.com\/portal\/wp-json\/wp\/v2\/users\/1"}],"replies":[{"embeddable":true,"href":"https:\/\/www.elamazonico.com\/portal\/wp-json\/wp\/v2\/comments?post=13981"}],"version-history":[{"count":1,"href":"https:\/\/www.elamazonico.com\/portal\/wp-json\/wp\/v2\/posts\/13981\/revisions"}],"predecessor-version":[{"id":13983,"href":"https:\/\/www.elamazonico.com\/portal\/wp-json\/wp\/v2\/posts\/13981\/revisions\/13983"}],"wp:featuredmedia":[{"embeddable":true,"href":"https:\/\/www.elamazonico.com\/portal\/wp-json\/wp\/v2\/media\/13982"}],"wp:attachment":[{"href":"https:\/\/www.elamazonico.com\/portal\/wp-json\/wp\/v2\/media?parent=13981"}],"wp:term":[{"taxonomy":"category","embeddable":true,"href":"https:\/\/www.elamazonico.com\/portal\/wp-json\/wp\/v2\/categories?post=13981"},{"taxonomy":"post_tag","embeddable":true,"href":"https:\/\/www.elamazonico.com\/portal\/wp-json\/wp\/v2\/tags?post=13981"}],"curies":[{"name":"wp","href":"https:\/\/api.w.org\/{rel}","templated":true}]}}