{"id":13978,"date":"2024-03-13T04:41:12","date_gmt":"2024-03-13T09:41:12","guid":{"rendered":"https:\/\/www.elamazonico.comportal\/?p=13978"},"modified":"2024-03-13T04:41:12","modified_gmt":"2024-03-13T09:41:12","slug":"alerta-de-fuga-se-toman-acciones-preventivas-ante-posible-escape-de-jorge-glas","status":"publish","type":"post","link":"https:\/\/www.elamazonico.com\/portal\/alerta-de-fuga-se-toman-acciones-preventivas-ante-posible-escape-de-jorge-glas\/","title":{"rendered":"Alerta de fuga: se toman acciones preventivas ante posible escape de Jorge Glas"},"content":{"rendered":"<p>En respuesta a un reciente reporte de inteligencia que ha destacado la necesidad de acciones preventivas, se ha puesto en marcha un plan de vigilancia intensificado en torno al exvicepresidente Jorge Glas, quien actualmente se encuentra refugiado en la embajada de M\u00e9xico en Quito.<\/p>\n<p>El exvicepresidente, liberado a finales de 2022 tras cumplir cinco a\u00f1os de c\u00e1rcel por dos condenas por cohecho y asociaci\u00f3n il\u00edcita, enfrenta ahora un proceso por presunto peculado en el caso \u2018Reconstrucci\u00f3n\u2019 de Manab\u00ed, relacionado con el terremoto de 2016.<\/p>\n<p>Desde su llegada a la sede diplom\u00e1tica mexicana en diciembre de 2023, Glas ha permanecido en calidad de refugiado, mientras espera la decisi\u00f3n sobre su solicitud de asilo. Sin embargo, a principios de enero de 2024, un juez orden\u00f3 su ingreso en prisi\u00f3n provisional por el caso de peculado.<\/p>\n<p>En este contexto, se ha emitido un oficio detallando las actividades diarias relacionadas con la vigilancia del exvicepresidente. Se solicita encarecidamente el cumplimiento de recomendaciones espec\u00edficas, en concordancia con la normativa legal vigente y las competencias institucionales pertinentes, particularmente en lo que respecta a los controles fronterizos.<\/p>\n<p>El informe subraya la importancia de ejecutar controles fronterizos adecuados en los pasos autorizados y no autorizados, con el fin de prevenir cualquier intento de fuga por parte de los requeridos, en este caso, el exvicepresidente Jorge Glas, sujeto a una orden de localizaci\u00f3n y captura dentro de la causa penal por el delito de peculado. <strong>Fuente: Ecuadorenvivo<\/strong><\/p>\n","protected":false},"excerpt":{"rendered":"<p>En respuesta a un reciente reporte de inteligencia que ha destacado la necesidad de acciones preventivas, se ha puesto en marcha un plan de vigilancia intensificado en torno al exvicepresidente Jorge Glas, quien actualmente se encuentra refugiado en la embajada de M\u00e9xico en Quito. El exvicepresidente, liberado a finales de 2022 tras cumplir cinco a\u00f1os de c\u00e1rcel por dos condenas por cohecho y asociaci\u00f3n il\u00edcita, enfrenta ahora un proceso por presunto peculado en el caso \u2018Reconstrucci\u00f3n\u2019 de Manab\u00ed, relacionado con el terremoto de 2016. Desde su llegada a la sede diplom\u00e1tica mexicana en diciembre de 2023, Glas ha permanecido en calidad de refugiado, mientras espera la decisi\u00f3n sobre su solicitud de asilo. Sin embargo, a principios de enero de 2024, un juez orden\u00f3 su ingreso en prisi\u00f3n provisional por el caso de peculado. En este contexto, se ha emitido un oficio detallando las actividades diarias relacionadas con la vigilancia del exvicepresidente. Se solicita encarecidamente el cumplimiento de recomendaciones espec\u00edficas, en concordancia con la normativa legal vigente y las competencias institucionales pertinentes, particularmente en lo que respecta a los controles fronterizos. El informe subraya la importancia de ejecutar controles fronterizos adecuados en los pasos autorizados y no autorizados, con el fin de prevenir cualquier intento de fuga por parte de los requeridos, en este caso, el exvicepresidente Jorge Glas, sujeto a una orden de localizaci\u00f3n y captura dentro de la causa penal por el delito de peculado. Fuente: Ecuadorenvivo<\/p>\n","protected":false},"author":1,"featured_media":13979,"comment_status":"open","ping_status":"open","sticky":false,"template":"","format":"standard","meta":{"footnotes":""},"categories":[268],"tags":[],"class_list":["post-13978","post","type-post","status-publish","format-standard","has-post-thumbnail","hentry","category-nacionales"],"_links":{"self":[{"href":"https:\/\/www.elamazonico.com\/portal\/wp-json\/wp\/v2\/posts\/13978","targetHints":{"allow":["GET"]}}],"collection":[{"href":"https:\/\/www.elamazonico.com\/portal\/wp-json\/wp\/v2\/posts"}],"about":[{"href":"https:\/\/www.elamazonico.com\/portal\/wp-json\/wp\/v2\/types\/post"}],"author":[{"embeddable":true,"href":"https:\/\/www.elamazonico.com\/portal\/wp-json\/wp\/v2\/users\/1"}],"replies":[{"embeddable":true,"href":"https:\/\/www.elamazonico.com\/portal\/wp-json\/wp\/v2\/comments?post=13978"}],"version-history":[{"count":1,"href":"https:\/\/www.elamazonico.com\/portal\/wp-json\/wp\/v2\/posts\/13978\/revisions"}],"predecessor-version":[{"id":13980,"href":"https:\/\/www.elamazonico.com\/portal\/wp-json\/wp\/v2\/posts\/13978\/revisions\/13980"}],"wp:featuredmedia":[{"embeddable":true,"href":"https:\/\/www.elamazonico.com\/portal\/wp-json\/wp\/v2\/media\/13979"}],"wp:attachment":[{"href":"https:\/\/www.elamazonico.com\/portal\/wp-json\/wp\/v2\/media?parent=13978"}],"wp:term":[{"taxonomy":"category","embeddable":true,"href":"https:\/\/www.elamazonico.com\/portal\/wp-json\/wp\/v2\/categories?post=13978"},{"taxonomy":"post_tag","embeddable":true,"href":"https:\/\/www.elamazonico.com\/portal\/wp-json\/wp\/v2\/tags?post=13978"}],"curies":[{"name":"wp","href":"https:\/\/api.w.org\/{rel}","templated":true}]}}