{"id":13975,"date":"2024-03-13T04:39:29","date_gmt":"2024-03-13T09:39:29","guid":{"rendered":"https:\/\/www.elamazonico.comportal\/?p=13975"},"modified":"2024-03-13T04:39:29","modified_gmt":"2024-03-13T09:39:29","slug":"el-incremento-del-iva-ya-consta-en-el-registro-oficial","status":"publish","type":"post","link":"https:\/\/www.elamazonico.com\/portal\/el-incremento-del-iva-ya-consta-en-el-registro-oficial\/","title":{"rendered":"El incremento del IVA ya consta en el Registro Oficial"},"content":{"rendered":"<p>La Ley para Enfrentar el Conflicto Armado Interno, tercer proyecto econ\u00f3mico-urgente del Gobierno, ya est\u00e1 en el registro oficial. La normativa, en la que se incluye el incremento del Impuesto al Valor Agregado (IVA), \u00a0consta ah\u00ed desde este 12 de marzo de 2024.<\/p>\n<p>El oficio con el que el presidente Daniel Noboa envi\u00f3 la normativa al Registro Oficial tiene fecha 11 de marzo de 2024. En ese documento se menciona que el Pleno de la Asamblea no resolvi\u00f3 sobre la objeci\u00f3n parcial que envi\u00f3 el Presidente a la Asamblea en el plazo de 30 d\u00edas.<\/p>\n<p>Hay que recordar que el Parlamento aprob\u00f3 el proyecto del Ejecutivo sin incluir el incremento al IVA. Despu\u00e9s, en su objeci\u00f3n parcial, Noboa plante\u00f3 nuevamente ese punto y fij\u00f3 el aumento del 12% al 13% de forma permanente.<\/p>\n<p>En la misma objeci\u00f3n, el Ejecutivo plante\u00f3 la posibilidad de aumentar dos puntos m\u00e1s (hasta el 15%), previo un informe del Ministerio de Finanzas. \u00a0\u00a0Pero, el Pleno de la Asamblea necesitaba 92 votos para ratificarse en lo que aprob\u00f3 inicialmente. Como eso no ocurri\u00f3, la Ley pas\u00f3 con el \u00faltimo veto del presidente Daniel Noboa.<\/p>\n<p>Un punto importante es que el incremento del IVA regir\u00e1 desde el pr\u00f3ximo 1 de abril. Pero, el Gobierno ya anticip\u00f3 que plantear\u00e1 el incremento al 15%, inmediatamente de que est\u00e9 vigente el alza al 13%.\u00a0<strong> Fuente: Ecuadorenvivo<\/strong><\/p>\n","protected":false},"excerpt":{"rendered":"<p>La Ley para Enfrentar el Conflicto Armado Interno, tercer proyecto econ\u00f3mico-urgente del Gobierno, ya est\u00e1 en el registro oficial. La normativa, en la que se incluye el incremento del Impuesto al Valor Agregado (IVA), \u00a0consta ah\u00ed desde este 12 de marzo de 2024. El oficio con el que el presidente Daniel Noboa envi\u00f3 la normativa al Registro Oficial tiene fecha 11 de marzo de 2024. En ese documento se menciona que el Pleno de la Asamblea no resolvi\u00f3 sobre la objeci\u00f3n parcial que envi\u00f3 el Presidente a la Asamblea en el plazo de 30 d\u00edas. Hay que recordar que el Parlamento aprob\u00f3 el proyecto del Ejecutivo sin incluir el incremento al IVA. Despu\u00e9s, en su objeci\u00f3n parcial, Noboa plante\u00f3 nuevamente ese punto y fij\u00f3 el aumento del 12% al 13% de forma permanente. En la misma objeci\u00f3n, el Ejecutivo plante\u00f3 la posibilidad de aumentar dos puntos m\u00e1s (hasta el 15%), previo un informe del Ministerio de Finanzas. \u00a0\u00a0Pero, el Pleno de la Asamblea necesitaba 92 votos para ratificarse en lo que aprob\u00f3 inicialmente. Como eso no ocurri\u00f3, la Ley pas\u00f3 con el \u00faltimo veto del presidente Daniel Noboa. Un punto importante es que el incremento del IVA regir\u00e1 desde el pr\u00f3ximo 1 de abril. Pero, el Gobierno ya anticip\u00f3 que plantear\u00e1 el incremento al 15%, inmediatamente de que est\u00e9 vigente el alza al 13%.\u00a0 Fuente: Ecuadorenvivo<\/p>\n","protected":false},"author":1,"featured_media":13976,"comment_status":"open","ping_status":"open","sticky":false,"template":"","format":"standard","meta":{"footnotes":""},"categories":[268],"tags":[],"class_list":["post-13975","post","type-post","status-publish","format-standard","has-post-thumbnail","hentry","category-nacionales"],"_links":{"self":[{"href":"https:\/\/www.elamazonico.com\/portal\/wp-json\/wp\/v2\/posts\/13975","targetHints":{"allow":["GET"]}}],"collection":[{"href":"https:\/\/www.elamazonico.com\/portal\/wp-json\/wp\/v2\/posts"}],"about":[{"href":"https:\/\/www.elamazonico.com\/portal\/wp-json\/wp\/v2\/types\/post"}],"author":[{"embeddable":true,"href":"https:\/\/www.elamazonico.com\/portal\/wp-json\/wp\/v2\/users\/1"}],"replies":[{"embeddable":true,"href":"https:\/\/www.elamazonico.com\/portal\/wp-json\/wp\/v2\/comments?post=13975"}],"version-history":[{"count":1,"href":"https:\/\/www.elamazonico.com\/portal\/wp-json\/wp\/v2\/posts\/13975\/revisions"}],"predecessor-version":[{"id":13977,"href":"https:\/\/www.elamazonico.com\/portal\/wp-json\/wp\/v2\/posts\/13975\/revisions\/13977"}],"wp:featuredmedia":[{"embeddable":true,"href":"https:\/\/www.elamazonico.com\/portal\/wp-json\/wp\/v2\/media\/13976"}],"wp:attachment":[{"href":"https:\/\/www.elamazonico.com\/portal\/wp-json\/wp\/v2\/media?parent=13975"}],"wp:term":[{"taxonomy":"category","embeddable":true,"href":"https:\/\/www.elamazonico.com\/portal\/wp-json\/wp\/v2\/categories?post=13975"},{"taxonomy":"post_tag","embeddable":true,"href":"https:\/\/www.elamazonico.com\/portal\/wp-json\/wp\/v2\/tags?post=13975"}],"curies":[{"name":"wp","href":"https:\/\/api.w.org\/{rel}","templated":true}]}}