{"id":13969,"date":"2024-03-13T04:31:43","date_gmt":"2024-03-13T09:31:43","guid":{"rendered":"https:\/\/www.elamazonico.comportal\/?p=13969"},"modified":"2024-03-13T04:31:43","modified_gmt":"2024-03-13T09:31:43","slug":"ninos-ecuatorianos-se-hallaban-entre-los-221-migrantes-rescatados-en-el-estado-mexicano-de-puebla","status":"publish","type":"post","link":"https:\/\/www.elamazonico.com\/portal\/ninos-ecuatorianos-se-hallaban-entre-los-221-migrantes-rescatados-en-el-estado-mexicano-de-puebla\/","title":{"rendered":"Ni\u00f1os ecuatorianos se hallaban entre los 221 migrantes rescatados en el estado mexicano de Puebla"},"content":{"rendered":"<p class=\"p_0\"><b>17 ecuatorianos, incluidos una ni\u00f1a y dos ni\u00f1os, que permanec\u00edan de manera irregular en M\u00e9xico, fueron rescatados por las autoridades de dicho pa\u00eds tras ser localizados dentro de una casa del municipio de San Andr\u00e9s Chalchicomula de Sesma, del estado de Puebla.<\/b><\/p>\n<p class=\"p_1\">De acuerdo con un comunicado del Instituto Nacional de Migraci\u00f3n (INM),\u00a0<b>agentes hallaron en el inmueble a 221 migrantes<\/b>, 46 de ellos menores de edad, a quienes procedieron a<b>\u00a0trasladar a un sitio seguro<\/b>. Ninguno de ellos hab\u00eda legalizado su estancia en el pa\u00eds.<\/p>\n<div class=\"paragraph texto\">\n<p class=\"p_2\">Aparte de los ecuatorianos, hab\u00eda personas oriundas de\u00a0<b>Guatemala, Nicaragua, Honduras, Cuba y El Salvador<\/b>, que se presume habr\u00edan llegado hasta M\u00e9xico para\u00a0<b>atravesar la frontera hacia Estados Unidos<\/b> de manera irregular.<\/p>\n<div class=\"multimediaMacroWrapper img lateral\">\n<figure class=\"contentMedia art-img\">\n<div><img fetchpriority=\"high\" decoding=\"async\" class=\" lazyloaded\" title=\"Mapa de los estados de M\u00e9xico. Puebla se encuentra en su zona c\u00e9ntrica.\" src=\"https:\/\/www.vistazo.com\/placeholder\/svg\/viewbox\/768x480\" sizes=\"100vw\" srcset=\"\/\/www.vistazo.com\/binrepository\/768x480\/0c0\/0d0\/none\/12727\/UIOO\/heriberto-1200-1000-px-1600-x-10_1421531_20240312220717.png 768w,\/\/www.vistazo.com\/binrepository\/640x400\/0c0\/0d0\/none\/12727\/UIOP\/heriberto-1200-1000-px-1600-x-10_1421531_20240312220717.png 640w,\/\/www.vistazo.com\/binrepository\/512x320\/0c0\/0d0\/none\/12727\/UIOQ\/heriberto-1200-1000-px-1600-x-10_1421531_20240312220717.png 512w,\/\/www.vistazo.com\/binrepository\/384x240\/0c0\/0d0\/none\/12727\/UIOK\/heriberto-1200-1000-px-1600-x-10_1421531_20240312220717.png 384w,\/\/www.vistazo.com\/binrepository\/300x188\/0c0\/0d0\/none\/12727\/UIOT\/heriberto-1200-1000-px-1600-x-10_1421531_20240312220717.png 300w\" alt=\"$!Mapa de los estados de M\u00e9xico. Puebla se encuentra en su zona c\u00e9ntrica.\" width=\"768\" height=\"480\" data-srcset=\"\/\/www.vistazo.com\/binrepository\/768x480\/0c0\/0d0\/none\/12727\/UIOO\/heriberto-1200-1000-px-1600-x-10_1421531_20240312220717.png 768w,\/\/www.vistazo.com\/binrepository\/640x400\/0c0\/0d0\/none\/12727\/UIOP\/heriberto-1200-1000-px-1600-x-10_1421531_20240312220717.png 640w,\/\/www.vistazo.com\/binrepository\/512x320\/0c0\/0d0\/none\/12727\/UIOQ\/heriberto-1200-1000-px-1600-x-10_1421531_20240312220717.png 512w,\/\/www.vistazo.com\/binrepository\/384x240\/0c0\/0d0\/none\/12727\/UIOK\/heriberto-1200-1000-px-1600-x-10_1421531_20240312220717.png 384w,\/\/www.vistazo.com\/binrepository\/300x188\/0c0\/0d0\/none\/12727\/UIOT\/heriberto-1200-1000-px-1600-x-10_1421531_20240312220717.png 300w\" \/><\/div>\n<div class=\"cutline-byline\"><span class=\"cutline-text\">Mapa de los estados de M\u00e9xico. Puebla se encuentra en su zona c\u00e9ntrica.<\/span><\/div>\n<\/figure>\n<\/div>\n<div class=\"paragraph texto\">\n<p class=\"p_3\"><b>Guatemala\u00a0<\/b>es el pa\u00eds de donde proven\u00eda la mayor cantidad de migrantes rescatados, con un total de\u00a0<b>179<\/b>, de los cuales 38 eran menores de edad. Por otro lado, nueve personas de Honduras y otras nueve de El Salvador tambi\u00e9n fueron encontradas.<\/p>\n<p class=\"p_4\"><b>Lea tambi\u00e9n |\u00a0<a href=\"https:\/\/www.vistazo.com\/actualidad\/internacional\/2023-fue-el-ano-mas-mortifero-para-los-migrantes-en-una-decada-segun-la-onu-DF6968342\">2023 fue el a\u00f1o m\u00e1s mort\u00edfero para los migrantes en una d\u00e9cada, seg\u00fan la ONU<\/a><\/b><\/p>\n<p class=\"p_5\">Se precis\u00f3 que fueron identificadas 17 familias (12 de Guatemala, dos de Ecuador, dos de El Salvador y uno de Cuba) que fueron trasladadas al\u00a0<b>Sistema Nacional para el Desarrollo Integral de la Familia (DIF). Fuente: Vistazo<\/b><\/p>\n<\/div>\n<\/div>\n","protected":false},"excerpt":{"rendered":"<p>17 ecuatorianos, incluidos una ni\u00f1a y dos ni\u00f1os, que permanec\u00edan de manera irregular en M\u00e9xico, fueron rescatados por las autoridades de dicho pa\u00eds tras ser localizados dentro de una casa del municipio de San Andr\u00e9s Chalchicomula de Sesma, del estado de Puebla. De acuerdo con un comunicado del Instituto Nacional de Migraci\u00f3n (INM),\u00a0agentes hallaron en el inmueble a 221 migrantes, 46 de ellos menores de edad, a quienes procedieron a\u00a0trasladar a un sitio seguro. Ninguno de ellos hab\u00eda legalizado su estancia en el pa\u00eds. Aparte de los ecuatorianos, hab\u00eda personas oriundas de\u00a0Guatemala, Nicaragua, Honduras, Cuba y El Salvador, que se presume habr\u00edan llegado hasta M\u00e9xico para\u00a0atravesar la frontera hacia Estados Unidos de manera irregular. Mapa de los estados de M\u00e9xico. Puebla se encuentra en su zona c\u00e9ntrica. Guatemala\u00a0es el pa\u00eds de donde proven\u00eda la mayor cantidad de migrantes rescatados, con un total de\u00a0179, de los cuales 38 eran menores de edad. Por otro lado, nueve personas de Honduras y otras nueve de El Salvador tambi\u00e9n fueron encontradas. Lea tambi\u00e9n |\u00a02023 fue el a\u00f1o m\u00e1s mort\u00edfero para los migrantes en una d\u00e9cada, seg\u00fan la ONU Se precis\u00f3 que fueron identificadas 17 familias (12 de Guatemala, dos de Ecuador, dos de El Salvador y uno de Cuba) que fueron trasladadas al\u00a0Sistema Nacional para el Desarrollo Integral de la Familia (DIF). Fuente: Vistazo<\/p>\n","protected":false},"author":1,"featured_media":13970,"comment_status":"open","ping_status":"open","sticky":false,"template":"","format":"standard","meta":{"footnotes":""},"categories":[268],"tags":[],"class_list":["post-13969","post","type-post","status-publish","format-standard","has-post-thumbnail","hentry","category-nacionales"],"_links":{"self":[{"href":"https:\/\/www.elamazonico.com\/portal\/wp-json\/wp\/v2\/posts\/13969","targetHints":{"allow":["GET"]}}],"collection":[{"href":"https:\/\/www.elamazonico.com\/portal\/wp-json\/wp\/v2\/posts"}],"about":[{"href":"https:\/\/www.elamazonico.com\/portal\/wp-json\/wp\/v2\/types\/post"}],"author":[{"embeddable":true,"href":"https:\/\/www.elamazonico.com\/portal\/wp-json\/wp\/v2\/users\/1"}],"replies":[{"embeddable":true,"href":"https:\/\/www.elamazonico.com\/portal\/wp-json\/wp\/v2\/comments?post=13969"}],"version-history":[{"count":1,"href":"https:\/\/www.elamazonico.com\/portal\/wp-json\/wp\/v2\/posts\/13969\/revisions"}],"predecessor-version":[{"id":13971,"href":"https:\/\/www.elamazonico.com\/portal\/wp-json\/wp\/v2\/posts\/13969\/revisions\/13971"}],"wp:featuredmedia":[{"embeddable":true,"href":"https:\/\/www.elamazonico.com\/portal\/wp-json\/wp\/v2\/media\/13970"}],"wp:attachment":[{"href":"https:\/\/www.elamazonico.com\/portal\/wp-json\/wp\/v2\/media?parent=13969"}],"wp:term":[{"taxonomy":"category","embeddable":true,"href":"https:\/\/www.elamazonico.com\/portal\/wp-json\/wp\/v2\/categories?post=13969"},{"taxonomy":"post_tag","embeddable":true,"href":"https:\/\/www.elamazonico.com\/portal\/wp-json\/wp\/v2\/tags?post=13969"}],"curies":[{"name":"wp","href":"https:\/\/api.w.org\/{rel}","templated":true}]}}