{"id":13956,"date":"2024-03-12T04:54:23","date_gmt":"2024-03-12T09:54:23","guid":{"rendered":"https:\/\/www.elamazonico.comportal\/?p=13956"},"modified":"2024-03-12T05:00:20","modified_gmt":"2024-03-12T10:00:20","slug":"richard-carapaz-a-chito-vera-el-cinturon-pronto-sera-tuyo","status":"publish","type":"post","link":"https:\/\/www.elamazonico.com\/portal\/richard-carapaz-a-chito-vera-el-cinturon-pronto-sera-tuyo\/","title":{"rendered":"Richard Carapaz a Chito Vera: \u2018el cintur\u00f3n pronto ser\u00e1 tuyo\u2019"},"content":{"rendered":"<p>Este 10 de marzo de 2024 no fue un d\u00eda especialmente bueno para dos deportistas que han representado al Ecuador en las m\u00e1s altas competencias. Marlon \u2018Chito\u2019 Vera perdi\u00f3 la pelea por el t\u00edtulo en la UFC y Richard Carapaz sufri\u00f3 una ca\u00edda y dej\u00f3 la competencia del Tirreno-Adri\u00e1tico.<\/p>\n<p>Sin embargo, ninguno ha dejado de pensar en los t\u00edtulos que pueden lograr. \u2018Chito\u2019, en sus primeras declaraciones tras el anuncio del ganador, dijo que volver\u00e1 m\u00e1s fuerte. Y, Carapaz le envi\u00f3 un mensaje de aliento.<\/p>\n<p>En su cuenta de la red social X, la \u2018Locomotora del Carchi\u2019 escribi\u00f3: \u201cOrgullo ecuatoriano mij\u00edn. Ese cintur\u00f3n ser\u00e1 tuyo pronto. Grande\u201d.<\/p>\n<p>Carapaz no ha dicho nada a\u00fan sobre su estado tras la ca\u00edda. Sin embargo, el mensaje para Marlon Vera deja tranquilos a muchos despu\u00e9s de lo acontecido esta ma\u00f1ana en la Tirreno-Adri\u00e1tico.<\/p>\n<p>La madrugada del domingo 10 de marzo, \u2018Chito\u2019 Vera perdi\u00f3 la pelea por el t\u00edtulo de los pesos gallo de la UFC frente al campe\u00f3n vigente, Sean O\u2019 Malley. Todav\u00eda se desconoce cu\u00e1l podr\u00eda ser el siguiente oponente que enfrentar\u00e1 al manabita. <strong>Fuente: Ecuadorenvivo<\/strong><\/p>\n<p>https:\/\/twitter.com\/RichardCarapazM\/status\/1766918691046715791<\/p>\n","protected":false},"excerpt":{"rendered":"<p>Este 10 de marzo de 2024 no fue un d\u00eda especialmente bueno para dos deportistas que han representado al Ecuador en las m\u00e1s altas competencias. Marlon \u2018Chito\u2019 Vera perdi\u00f3 la pelea por el t\u00edtulo en la UFC y Richard Carapaz sufri\u00f3 una ca\u00edda y dej\u00f3 la competencia del Tirreno-Adri\u00e1tico. Sin embargo, ninguno ha dejado de pensar en los t\u00edtulos que pueden lograr. \u2018Chito\u2019, en sus primeras declaraciones tras el anuncio del ganador, dijo que volver\u00e1 m\u00e1s fuerte. Y, Carapaz le envi\u00f3 un mensaje de aliento. En su cuenta de la red social X, la \u2018Locomotora del Carchi\u2019 escribi\u00f3: \u201cOrgullo ecuatoriano mij\u00edn. Ese cintur\u00f3n ser\u00e1 tuyo pronto. Grande\u201d. Carapaz no ha dicho nada a\u00fan sobre su estado tras la ca\u00edda. Sin embargo, el mensaje para Marlon Vera deja tranquilos a muchos despu\u00e9s de lo acontecido esta ma\u00f1ana en la Tirreno-Adri\u00e1tico. La madrugada del domingo 10 de marzo, \u2018Chito\u2019 Vera perdi\u00f3 la pelea por el t\u00edtulo de los pesos gallo de la UFC frente al campe\u00f3n vigente, Sean O\u2019 Malley. Todav\u00eda se desconoce cu\u00e1l podr\u00eda ser el siguiente oponente que enfrentar\u00e1 al manabita. Fuente: Ecuadorenvivo https:\/\/twitter.com\/RichardCarapazM\/status\/1766918691046715791<\/p>\n","protected":false},"author":1,"featured_media":13957,"comment_status":"open","ping_status":"open","sticky":false,"template":"","format":"standard","meta":{"footnotes":""},"categories":[6],"tags":[],"class_list":["post-13956","post","type-post","status-publish","format-standard","has-post-thumbnail","hentry","category-deportes"],"_links":{"self":[{"href":"https:\/\/www.elamazonico.com\/portal\/wp-json\/wp\/v2\/posts\/13956","targetHints":{"allow":["GET"]}}],"collection":[{"href":"https:\/\/www.elamazonico.com\/portal\/wp-json\/wp\/v2\/posts"}],"about":[{"href":"https:\/\/www.elamazonico.com\/portal\/wp-json\/wp\/v2\/types\/post"}],"author":[{"embeddable":true,"href":"https:\/\/www.elamazonico.com\/portal\/wp-json\/wp\/v2\/users\/1"}],"replies":[{"embeddable":true,"href":"https:\/\/www.elamazonico.com\/portal\/wp-json\/wp\/v2\/comments?post=13956"}],"version-history":[{"count":3,"href":"https:\/\/www.elamazonico.com\/portal\/wp-json\/wp\/v2\/posts\/13956\/revisions"}],"predecessor-version":[{"id":13960,"href":"https:\/\/www.elamazonico.com\/portal\/wp-json\/wp\/v2\/posts\/13956\/revisions\/13960"}],"wp:featuredmedia":[{"embeddable":true,"href":"https:\/\/www.elamazonico.com\/portal\/wp-json\/wp\/v2\/media\/13957"}],"wp:attachment":[{"href":"https:\/\/www.elamazonico.com\/portal\/wp-json\/wp\/v2\/media?parent=13956"}],"wp:term":[{"taxonomy":"category","embeddable":true,"href":"https:\/\/www.elamazonico.com\/portal\/wp-json\/wp\/v2\/categories?post=13956"},{"taxonomy":"post_tag","embeddable":true,"href":"https:\/\/www.elamazonico.com\/portal\/wp-json\/wp\/v2\/tags?post=13956"}],"curies":[{"name":"wp","href":"https:\/\/api.w.org\/{rel}","templated":true}]}}