{"id":13947,"date":"2024-03-12T04:23:33","date_gmt":"2024-03-12T09:23:33","guid":{"rendered":"https:\/\/www.elamazonico.comportal\/?p=13947"},"modified":"2024-03-12T04:23:33","modified_gmt":"2024-03-12T09:23:33","slug":"jose-suing-la-ley-manda-a-hacer-evaluaciones-periodicas-a-los-jueces-pero-no-se-ha-hecho","status":"publish","type":"post","link":"https:\/\/www.elamazonico.com\/portal\/jose-suing-la-ley-manda-a-hacer-evaluaciones-periodicas-a-los-jueces-pero-no-se-ha-hecho\/","title":{"rendered":"Jose Suing: La Ley manda a hacer evaluaciones peri\u00f3dicas a los jueces, pero no se ha hecho"},"content":{"rendered":"<div class=\"lead destacado\">El presidente de la Corte Nacional de Justicia, Jos\u00e9 Suing, habl\u00f3 con Vistazo d\u00edas antes de que estallara el Caso Purga que tiene como supuestos cabecillas al exlegislador socialcristiano Pablo M., y a la expresidenta de la Corte Provincial del Guayas Fabiola G. Otros seis jueces tambi\u00e9n est\u00e1n implicados en esta red que deja en evidencia lo torcida que est\u00e1 la justicia. Aqu\u00ed la entrevista que fue publicada en Vistazo el pasado 22 de febrero, en la que alertaba de las falencias de la Justicia.<\/p>\n<\/div>\n<div class=\"paragraph texto\">\n<p class=\"p_0\">Jos\u00e9 Suing Nagua preside la Corte Nacional de Justicia. Diez a\u00f1os atr\u00e1s fue acusado de \u201cerror inexcusable\u201d en un caso tributario que interesaba al gobierno de entonces. En 2020 fue restituido y desagraviado. Cree que el problema de la justicia es estructural, que es fundamental contar con jueces especializados.<\/p>\n<p class=\"p_1\">Su apellido es poco com\u00fan en el Ecuador, solo 720 personas lo llevan y la mayor\u00eda es lojano. Pues en esa provincia, al sur del pa\u00eds, en la muy religiosa parroquia El Cisne, naci\u00f3 hace 60 a\u00f1os, quien ahora preside la Corte Nacional de Justicia. La\u00a0<a href=\"https:\/\/www.vistazo.com\/politica\/nacional\/designan-a-jose-suing-como-presidente-encargado-de-la-corte-nacional-de-justicia-esta-es-su-trayectoria-EC6774996\">elecci\u00f3n de Jos\u00e9 Suing Nagua se dio tras varios intentos<\/a>, luego de que el anterior presidente, Iv\u00e1n Saquicela buscara infructuosamente prorrogarse en el cargo.<\/p>\n<div class=\"multimediaMacroWrapper img lateral\">\n<figure class=\"contentMedia art-img\">\n<div><img fetchpriority=\"high\" decoding=\"async\" class=\" lazyloaded\" title=\"Jose Suing naci\u00f3 en la provincia de Loja.\" src=\"https:\/\/www.vistazo.com\/placeholder\/svg\/viewbox\/768x513\" sizes=\"100vw\" srcset=\"\/\/www.vistazo.com\/binrepository\/768x513\/0c0\/0d0\/none\/12727\/OTKD\/presidente_1418390_20240311133508.jpg 768w,\/\/www.vistazo.com\/binrepository\/640x428\/0c0\/0d0\/none\/12727\/OTKF\/presidente_1418390_20240311133508.jpg 640w,\/\/www.vistazo.com\/binrepository\/512x342\/0c0\/0d0\/none\/12727\/OTKG\/presidente_1418390_20240311133508.jpg 512w,\/\/www.vistazo.com\/binrepository\/384x257\/0c0\/0d0\/none\/12727\/OTKC\/presidente_1418390_20240311133508.jpg 384w,\/\/www.vistazo.com\/binrepository\/300x200\/0c0\/0d0\/none\/12727\/OTKI\/presidente_1418390_20240311133508.jpg 300w\" alt=\"$!Jose Suing naci\u00f3 en la provincia de Loja.\" width=\"768\" height=\"513\" data-srcset=\"\/\/www.vistazo.com\/binrepository\/768x513\/0c0\/0d0\/none\/12727\/OTKD\/presidente_1418390_20240311133508.jpg 768w,\/\/www.vistazo.com\/binrepository\/640x428\/0c0\/0d0\/none\/12727\/OTKF\/presidente_1418390_20240311133508.jpg 640w,\/\/www.vistazo.com\/binrepository\/512x342\/0c0\/0d0\/none\/12727\/OTKG\/presidente_1418390_20240311133508.jpg 512w,\/\/www.vistazo.com\/binrepository\/384x257\/0c0\/0d0\/none\/12727\/OTKC\/presidente_1418390_20240311133508.jpg 384w,\/\/www.vistazo.com\/binrepository\/300x200\/0c0\/0d0\/none\/12727\/OTKI\/presidente_1418390_20240311133508.jpg 300w\" \/><\/div>\n<div class=\"cutline-byline\"><span class=\"cutline-text\">Jose Suing naci\u00f3 en la provincia de Loja.\u00a0<\/span><span class=\"byline-image\">(Foto: Corte Nacional de Justicia )<\/span><\/div>\n<\/figure>\n<\/div>\n<div class=\"paragraph texto\">\n<p class=\"p_3\"><b>La pregunta del mill\u00f3n: \u00bfD\u00f3nde est\u00e1n las debilidades de la justicia?<\/b><\/p>\n<p class=\"p_4\">Hay muchas, lamentablemente. Creo que es un tema estructural. Para m\u00ed, se ha tomado muy a la ligera el concepto de la especializaci\u00f3n. Es fundamental contar con jueces especializados en cada una de las materias (tributaria, administrativa, civil, penal, familia, etc.) y eso es lo que menos se ha hecho en el \u00faltimo tiempo.<\/p>\n<p class=\"p_5\"><b>O sea, \u00bfpuede haber un juez de lo Penal que no sea experto en Derecho Penal?<\/b><\/p>\n<p class=\"p_6\">En efecto. Hay jueces que estando en el banco de elegibles en materia penal, est\u00e1n ejerciendo funciones de jueces contenciosos administrativos o contenciosos tributarios. Y eso para m\u00ed es una debilidad may\u00fascula. Otro tema estructural es que la carrera judicial no ha sido tratada con el debido cuidado. La Ley manda a hacer evaluaciones peri\u00f3dicas, eso no se ha hecho.<\/p>\n<p class=\"p_7\"><b>Entonces, \u00bfse deben revisar los requisitos para ser juez?<\/b><\/p>\n<p class=\"p_8\">Los requisitos son importantes, pero creo que los procesos de selecci\u00f3n tienen que ser tambi\u00e9n revisados. Tienen que ser unos verdaderos concursos p\u00fablicos de m\u00e9ritos y oposici\u00f3n. Es decir, que me garantice que quien llega a la condici\u00f3n de juez, sea el que est\u00e1 id\u00f3neamente capacitado para hacerlo.<\/p>\n<p class=\"p_9\"><b>Si quien eval\u00faa y designa a los jueces es el Consejo de la Judicatura, \u00bfqu\u00e9 puede hacer la Corte Nacional?<\/b><\/p>\n<p class=\"p_10\">En lo personal, soy partidario del di\u00e1logo. Somos dos \u00f3rganos de la misma Funci\u00f3n. Entonces, no pueden estar ajenas de la problem\u00e1tica que tiene cada una de sus dependencias. Ah\u00ed es donde se necesita que las dos cabezas nos pongamos de acuerdo, nos sentemos a discutir cu\u00e1les son los problemas y cu\u00e1les son las posibles soluciones. Me parece que es importante generar un di\u00e1logo horizontal de manera que se pueda llegar a acuerdos m\u00ednimos que no sean imposiciones; que no se vea que el uno est\u00e1 entrometido en lo otro.<\/p>\n<p class=\"p_11\"><b>Recordamos que usted fue acusado de error inexcusable y que el tiempo le dio la raz\u00f3n&#8230;<\/b><\/p>\n<p class=\"p_12\">Eran otros tiempos. Creo que hab\u00eda una injerencia directa del Ejecutivo. Recuerde que el presidente del Consejo de la Judicatura en ese entonces hab\u00eda sido secretario privado del Presidente de la Rep\u00fablica. Y claro, todo lo que vino despu\u00e9s fue una verdadera injerencia en la administraci\u00f3n de justicia y ah\u00ed s\u00ed, sin tapujos. \u00bfPor qu\u00e9 me botaron? Me botaron porque no cumpl\u00ed con un pedido de ellos de que falle a favor del Estado cuando no hab\u00eda razones para hacer aquello. Pas\u00e9 casi ocho a\u00f1os de litigio y al final me dieron la raz\u00f3n.<\/p>\n<p class=\"p_13\"><b>\u00bfAcaso fue en una sabatina donde le dijeron lo que ten\u00eda que hacer?<\/b><\/p>\n<p class=\"p_14\">No, pero entre bromas dec\u00edamos que felizmente no nos cogieron en una sabatina porque nos hubieran dejado m\u00e1s desnudos que Ad\u00e1n. Eso no ocurri\u00f3. Pero s\u00ed hubo una intervenci\u00f3n de un intermediario directo del presidente del Consejo de la Judicatura.<\/p>\n<p class=\"p_15\"><b>\u00bfCu\u00e1ndo cree que tendremos una Corte Nacional con todos los jueces titulares?<\/b><\/p>\n<p class=\"p_16\">Yo aspiro que el Consejo de la Judicatura d\u00e9 los pasos que sean necesarios para que el proceso de selecci\u00f3n de jueces y juezas que se necesitan en n\u00famero de 10 sea lo m\u00e1s pronto posible. Yo estoy claro que este es un encargo temporal, que me quedar\u00e9 el tiempo que dure el proceso de selecci\u00f3n. De las experiencias que tenemos de los otros concursos, en promedio han durado ocho meses. Pero es referencial.<\/p>\n<p class=\"p_17\"><b>\u00bfCree usted que el problema de la mala calidad de los jueces, nace desde las universidades?<\/b><\/p>\n<p class=\"p_18\">Hay que manejar con cuidado las respuestas. Yo soy docente universitario mucho tiempo, soy docente de pregrado, de posgrado, he sido formador de juventudes y creo que s\u00ed hay problemas en los procesos de formaci\u00f3n. Creo que hay que hacer algunos ajustes importantes, pero tambi\u00e9n es un tema de formaci\u00f3n \u00e9tica. De formaci\u00f3n de las personas, que no lo da ni el colegio, ni la escuela, ni la universidad. Eso lo da el hogar y eso forma parte de la sociedad.<\/p>\n<p class=\"p_19\"><b>Al paso que vamos, nunca vamos a tener buenos jueces&#8230;<\/b><\/p>\n<p class=\"p_20\">Confiemos, confiemos. No todo es malo. Yo creo que hay buenos jueces. Yo creo que hay buenas decisiones que no se conocen. A veces se orienta exclusivamente a pensar que las decisiones penales son las \u00fanicas que existen en la justicia. Y usted puede advertir que hay otras materias que no dan qu\u00e9 hablar. En una revisi\u00f3n integral vamos a encontrar jueces buenos, de muy buena calidad, de buena formaci\u00f3n, de buenos principios y claro, tambi\u00e9n de los otros, que es lo que habr\u00eda que depurar. <strong>Fuente: Vistazo<\/strong><\/p>\n<\/div>\n<\/div>\n","protected":false},"excerpt":{"rendered":"<p>El presidente de la Corte Nacional de Justicia, Jos\u00e9 Suing, habl\u00f3 con Vistazo d\u00edas antes de que estallara el Caso Purga que tiene como supuestos cabecillas al exlegislador socialcristiano Pablo M., y a la expresidenta de la Corte Provincial del Guayas Fabiola G. Otros seis jueces tambi\u00e9n est\u00e1n implicados en esta red que deja en evidencia lo torcida que est\u00e1 la justicia. Aqu\u00ed la entrevista que fue publicada en Vistazo el pasado 22 de febrero, en la que alertaba de las falencias de la Justicia. Jos\u00e9 Suing Nagua preside la Corte Nacional de Justicia. Diez a\u00f1os atr\u00e1s fue acusado de \u201cerror inexcusable\u201d en un caso tributario que interesaba al gobierno de entonces. En 2020 fue restituido y desagraviado. Cree que el problema de la justicia es estructural, que es fundamental contar con jueces especializados. Su apellido es poco com\u00fan en el Ecuador, solo 720 personas lo llevan y la mayor\u00eda es lojano. Pues en esa provincia, al sur del pa\u00eds, en la muy religiosa parroquia El Cisne, naci\u00f3 hace 60 a\u00f1os, quien ahora preside la Corte Nacional de Justicia. La\u00a0elecci\u00f3n de Jos\u00e9 Suing Nagua se dio tras varios intentos, luego de que el anterior presidente, Iv\u00e1n Saquicela buscara infructuosamente prorrogarse en el cargo. Jose Suing naci\u00f3 en la provincia de Loja.\u00a0(Foto: Corte Nacional de Justicia ) La pregunta del mill\u00f3n: \u00bfD\u00f3nde est\u00e1n las debilidades de la justicia? Hay muchas, lamentablemente. Creo que es un tema estructural. Para m\u00ed, se ha tomado muy a la ligera el concepto de la especializaci\u00f3n. Es fundamental contar con jueces especializados en cada una de las materias (tributaria, administrativa, civil, penal, familia, etc.) y eso es lo que menos se ha hecho en el \u00faltimo tiempo. O sea, \u00bfpuede haber un juez de lo Penal que no sea experto en Derecho Penal? En efecto. Hay jueces que estando en el banco de elegibles en materia penal, est\u00e1n ejerciendo funciones de jueces contenciosos administrativos o contenciosos tributarios. Y eso para m\u00ed es una debilidad may\u00fascula. Otro tema estructural es que la carrera judicial no ha sido tratada con el debido cuidado. La Ley manda a hacer evaluaciones peri\u00f3dicas, eso no se ha hecho. Entonces, \u00bfse deben revisar los requisitos para ser juez? Los requisitos son importantes, pero creo que los procesos de selecci\u00f3n tienen que ser tambi\u00e9n revisados. Tienen que ser unos verdaderos concursos p\u00fablicos de m\u00e9ritos y oposici\u00f3n. Es decir, que me garantice que quien llega a la condici\u00f3n de juez, sea el que est\u00e1 id\u00f3neamente capacitado para hacerlo. Si quien eval\u00faa y designa a los jueces es el Consejo de la Judicatura, \u00bfqu\u00e9 puede hacer la Corte Nacional? En lo personal, soy partidario del di\u00e1logo. Somos dos \u00f3rganos de la misma Funci\u00f3n. Entonces, no pueden estar ajenas de la problem\u00e1tica que tiene cada una de sus dependencias. Ah\u00ed es donde se necesita que las dos cabezas nos pongamos de acuerdo, nos sentemos a discutir cu\u00e1les son los problemas y cu\u00e1les son las posibles soluciones. Me parece que es importante generar un di\u00e1logo horizontal de manera que se pueda llegar a acuerdos m\u00ednimos que no sean imposiciones; que no se vea que el uno est\u00e1 entrometido en lo otro. Recordamos que usted fue acusado de error inexcusable y que el tiempo le dio la raz\u00f3n&#8230; Eran otros tiempos. Creo que hab\u00eda una injerencia directa del Ejecutivo. Recuerde que el presidente del Consejo de la Judicatura en ese entonces hab\u00eda sido secretario privado del Presidente de la Rep\u00fablica. Y claro, todo lo que vino despu\u00e9s fue una verdadera injerencia en la administraci\u00f3n de justicia y ah\u00ed s\u00ed, sin tapujos. \u00bfPor qu\u00e9 me botaron? Me botaron porque no cumpl\u00ed con un pedido de ellos de que falle a favor del Estado cuando no hab\u00eda razones para hacer aquello. Pas\u00e9 casi ocho a\u00f1os de litigio y al final me dieron la raz\u00f3n. \u00bfAcaso fue en una sabatina donde le dijeron lo que ten\u00eda que hacer? No, pero entre bromas dec\u00edamos que felizmente no nos cogieron en una sabatina porque nos hubieran dejado m\u00e1s desnudos que Ad\u00e1n. Eso no ocurri\u00f3. Pero s\u00ed hubo una intervenci\u00f3n de un intermediario directo del presidente del Consejo de la Judicatura. \u00bfCu\u00e1ndo cree que tendremos una Corte Nacional con todos los jueces titulares? Yo aspiro que el Consejo de la Judicatura d\u00e9 los pasos que sean necesarios para que el proceso de selecci\u00f3n de jueces y juezas que se necesitan en n\u00famero de 10 sea lo m\u00e1s pronto posible. Yo estoy claro que este es un encargo temporal, que me quedar\u00e9 el tiempo que dure el proceso de selecci\u00f3n. De las experiencias que tenemos de los otros concursos, en promedio han durado ocho meses. Pero es referencial. \u00bfCree usted que el problema de la mala calidad de los jueces, nace desde las universidades? Hay que manejar con cuidado las respuestas. Yo soy docente universitario mucho tiempo, soy docente de pregrado, de posgrado, he sido formador de juventudes y creo que s\u00ed hay problemas en los procesos de formaci\u00f3n. Creo que hay que hacer algunos ajustes importantes, pero tambi\u00e9n es un tema de formaci\u00f3n \u00e9tica. De formaci\u00f3n de las personas, que no lo da ni el colegio, ni la escuela, ni la universidad. Eso lo da el hogar y eso forma parte de la sociedad. Al paso que vamos, nunca vamos a tener buenos jueces&#8230; Confiemos, confiemos. No todo es malo. Yo creo que hay buenos jueces. Yo creo que hay buenas decisiones que no se conocen. A veces se orienta exclusivamente a pensar que las decisiones penales son las \u00fanicas que existen en la justicia. Y usted puede advertir que hay otras materias que no dan qu\u00e9 hablar. En una revisi\u00f3n integral vamos a encontrar jueces buenos, de muy buena calidad, de buena formaci\u00f3n, de buenos principios y claro, tambi\u00e9n de los otros, que es lo que habr\u00eda que depurar. Fuente: Vistazo<\/p>\n","protected":false},"author":1,"featured_media":13948,"comment_status":"open","ping_status":"open","sticky":false,"template":"","format":"standard","meta":{"footnotes":""},"categories":[268],"tags":[],"class_list":["post-13947","post","type-post","status-publish","format-standard","has-post-thumbnail","hentry","category-nacionales"],"_links":{"self":[{"href":"https:\/\/www.elamazonico.com\/portal\/wp-json\/wp\/v2\/posts\/13947","targetHints":{"allow":["GET"]}}],"collection":[{"href":"https:\/\/www.elamazonico.com\/portal\/wp-json\/wp\/v2\/posts"}],"about":[{"href":"https:\/\/www.elamazonico.com\/portal\/wp-json\/wp\/v2\/types\/post"}],"author":[{"embeddable":true,"href":"https:\/\/www.elamazonico.com\/portal\/wp-json\/wp\/v2\/users\/1"}],"replies":[{"embeddable":true,"href":"https:\/\/www.elamazonico.com\/portal\/wp-json\/wp\/v2\/comments?post=13947"}],"version-history":[{"count":1,"href":"https:\/\/www.elamazonico.com\/portal\/wp-json\/wp\/v2\/posts\/13947\/revisions"}],"predecessor-version":[{"id":13949,"href":"https:\/\/www.elamazonico.com\/portal\/wp-json\/wp\/v2\/posts\/13947\/revisions\/13949"}],"wp:featuredmedia":[{"embeddable":true,"href":"https:\/\/www.elamazonico.com\/portal\/wp-json\/wp\/v2\/media\/13948"}],"wp:attachment":[{"href":"https:\/\/www.elamazonico.com\/portal\/wp-json\/wp\/v2\/media?parent=13947"}],"wp:term":[{"taxonomy":"category","embeddable":true,"href":"https:\/\/www.elamazonico.com\/portal\/wp-json\/wp\/v2\/categories?post=13947"},{"taxonomy":"post_tag","embeddable":true,"href":"https:\/\/www.elamazonico.com\/portal\/wp-json\/wp\/v2\/tags?post=13947"}],"curies":[{"name":"wp","href":"https:\/\/api.w.org\/{rel}","templated":true}]}}