{"id":13944,"date":"2024-03-12T04:20:53","date_gmt":"2024-03-12T09:20:53","guid":{"rendered":"https:\/\/www.elamazonico.comportal\/?p=13944"},"modified":"2024-03-12T04:20:53","modified_gmt":"2024-03-12T09:20:53","slug":"las-ultimas-palabras-de-paola-roldan-la-mujer-simbolo-de-la-despenalizacion-de-la-eutanasia-en-ecuador","status":"publish","type":"post","link":"https:\/\/www.elamazonico.com\/portal\/las-ultimas-palabras-de-paola-roldan-la-mujer-simbolo-de-la-despenalizacion-de-la-eutanasia-en-ecuador\/","title":{"rendered":"Las \u00faltimas palabras de Paola Rold\u00e1n, la mujer s\u00edmbolo de la despenalizaci\u00f3n de la eutanasia en Ecuador"},"content":{"rendered":"<div class=\"lead destacado\">Paola Rold\u00e1n, quien logr\u00f3 despenalizar la eutanasia en Ecuador, falleci\u00f3 este lunes en Quito. Un d\u00eda antes, la activista public\u00f3 un contundente mensaje en la red social X a prop\u00f3sito de los homenajes que hab\u00eda recibido por el D\u00eda de la Mujer.<\/div>\n<div class=\"paragraph texto\">\n<p class=\"p_0\">La tambi\u00e9n madre de 42 a\u00f1os padec\u00eda esclerosis lateral amiotr\u00f3fica (<b>ELA<\/b>), una enfermedad que la manten\u00eda postrada en una cama y conectada a un respirador.<\/p>\n<p class=\"p_1\">Por lo cual, en agosto del 2023, interpuso una demanda en la Corte Constitucional\u00a0<b>contra el art\u00edculo 144 del C\u00f3digo Integral Penal (COIP)<\/b>\u00a0que tipifica el homicidio, para que se lo declare inconstitucional.<\/p>\n<p>Se ped\u00eda que se haga una excepci\u00f3n a la muerte asistida en casos extraordinarios como enfermedades terminales, para que\u00a0<b>un m\u00e9dico no sea procesado por homicidio<\/b>.<\/p>\n<p>Desde entonces, Rold\u00e1n inici\u00f3 una lucha por tener una muerte digna. Su clamor difundido en su cuenta de la red social X fue escuchado y el pasado 7 de febrero del 2024,\u00a0<b>la Corte Constitucional emiti\u00f3 una sentencia favorable para la paciente<\/b>. Con ello, Ecuador se convirti\u00f3 en el noveno pa\u00eds del mundo en legalizar la eutanasia.<\/p>\n<div class=\"multimediaMacroWrapper img lateral\">\n<figure class=\"contentMedia art-img\">\n<div><img fetchpriority=\"high\" decoding=\"async\" class=\" lazyloaded\" title=\"Las \u00faltimas palabras de Paola Rold\u00e1n, la mujer s\u00edmbolo de la despenalizaci\u00f3n de la eutanasia en Ecuador\" src=\"https:\/\/www.vistazo.com\/placeholder\/svg\/viewbox\/768x432\" sizes=\"100vw\" srcset=\"\/\/www.vistazo.com\/binrepository\/768x432\/0c0\/0d0\/none\/12727\/YEWN\/heriberto-1200-1000-px-1600-x-10-1418_1419141_20240311181107.png 768w,\/\/www.vistazo.com\/binrepository\/640x360\/0c0\/0d0\/none\/12727\/YEWG\/heriberto-1200-1000-px-1600-x-10-1418_1419141_20240311181107.png 640w,\/\/www.vistazo.com\/binrepository\/512x288\/0c0\/0d0\/none\/12727\/YEWF\/heriberto-1200-1000-px-1600-x-10-1418_1419141_20240311181107.png 512w,\/\/www.vistazo.com\/binrepository\/384x216\/0c0\/0d0\/none\/12727\/YEWL\/heriberto-1200-1000-px-1600-x-10-1418_1419141_20240311181107.png 384w,\/\/www.vistazo.com\/binrepository\/300x169\/0c0\/0d0\/none\/12727\/YEWM\/heriberto-1200-1000-px-1600-x-10-1418_1419141_20240311181107.png 300w\" alt=\"$!Las \u00faltimas palabras de Paola Rold\u00e1n, la mujer s\u00edmbolo de la despenalizaci\u00f3n de la eutanasia en Ecuador\" width=\"768\" height=\"432\" data-srcset=\"\/\/www.vistazo.com\/binrepository\/768x432\/0c0\/0d0\/none\/12727\/YEWN\/heriberto-1200-1000-px-1600-x-10-1418_1419141_20240311181107.png 768w,\/\/www.vistazo.com\/binrepository\/640x360\/0c0\/0d0\/none\/12727\/YEWG\/heriberto-1200-1000-px-1600-x-10-1418_1419141_20240311181107.png 640w,\/\/www.vistazo.com\/binrepository\/512x288\/0c0\/0d0\/none\/12727\/YEWF\/heriberto-1200-1000-px-1600-x-10-1418_1419141_20240311181107.png 512w,\/\/www.vistazo.com\/binrepository\/384x216\/0c0\/0d0\/none\/12727\/YEWL\/heriberto-1200-1000-px-1600-x-10-1418_1419141_20240311181107.png 384w,\/\/www.vistazo.com\/binrepository\/300x169\/0c0\/0d0\/none\/12727\/YEWM\/heriberto-1200-1000-px-1600-x-10-1418_1419141_20240311181107.png 300w\" \/><\/div>\n<\/figure>\n<\/div>\n<div class=\"html_text\">\n<h2>\u00daLTIMAS PALABRAS<\/h2>\n<h2><\/h2>\n<\/div>\n<div class=\"paragraph texto\">\n<p class=\"p_5\">Este lunes 11 de marzo, la familia de Paola Rold\u00e1n confirm\u00f3 el deceso de la activista. \u201cSu valent\u00eda y determinaci\u00f3n han allanado el camino para un cambio significativo en la legislaci\u00f3n ecuatoriana, permitiendo que aquellos que enfrentan condiciones m\u00e9dicas terminales tengan la opci\u00f3n de despedirse con dignidad y sin sufrimiento innecesario\u201d, dice una carta emitida a medios de comunicaci\u00f3n.<\/p>\n<p class=\"p_6\">En el documento se menciona que la mujer parti\u00f3 de este mundo en paz y rodeada de sus parientes.\u00a0<b>\u201cLes amo\u201d (dedicado a quienes la acompa\u00f1aron),\u00a0<\/b>fueron las \u00faltimas palabras de Rold\u00e1n.<\/p>\n<p class=\"p_7\">La familia tambi\u00e9n agradeci\u00f3 a todo el pa\u00eds por el \u201capoyo abrumador\u201d y las muestras de solidaridad, compasi\u00f3n y comprensi\u00f3n.<\/p>\n<p class=\"p_8\"><b>\u201cSu legado vivir\u00e1 en cada persona que ha sido tocada por su valent\u00eda y dedicaci\u00f3n a una causa justa\u201d<\/b>, finaliza la nota de las familias Su\u00e1rez Rold\u00e1n y Rold\u00e1n Espinosa.<\/p>\n<p class=\"p_9\"><b>Lea tambi\u00e9n:\u00a0<a href=\"https:\/\/www.vistazo.com\/actualidad\/nacional\/fallece-paola-roldan-la-mujer-que-logro-la-despenalizacion-de-la-eutanasia-en-ecuador-NF6986384\">Fallece Paola Rold\u00e1n, la mujer que logr\u00f3 la despenalizaci\u00f3n de la eutanasia en Ecuador<\/a><\/b><\/p>\n<\/div>\n<div class=\"multimediaMacroWrapper img lateral\">\n<figure class=\"contentMedia art-img\">\n<div><img decoding=\"async\" class=\" lazyloaded\" title=\"Las \u00faltimas palabras de Paola Rold\u00e1n, la mujer s\u00edmbolo de la despenalizaci\u00f3n de la eutanasia en Ecuador\" src=\"https:\/\/www.vistazo.com\/placeholder\/svg\/viewbox\/768x474\" sizes=\"100vw\" srcset=\"\/\/www.vistazo.com\/binrepository\/768x474\/0c0\/0d0\/none\/12727\/TXYO\/boda-1217795-20231031201231_1419144_20240311181108.jpg 768w,\/\/www.vistazo.com\/binrepository\/640x395\/0c0\/0d0\/none\/12727\/TXYN\/boda-1217795-20231031201231_1419144_20240311181108.jpg 640w,\/\/www.vistazo.com\/binrepository\/512x316\/0c0\/0d0\/none\/12727\/TXYC\/boda-1217795-20231031201231_1419144_20240311181108.jpg 512w,\/\/www.vistazo.com\/binrepository\/384x237\/0c0\/0d0\/none\/12727\/TXYJ\/boda-1217795-20231031201231_1419144_20240311181108.jpg 384w,\/\/www.vistazo.com\/binrepository\/300x185\/0c0\/0d0\/none\/12727\/TXYP\/boda-1217795-20231031201231_1419144_20240311181108.jpg 300w\" alt=\"$!Las \u00faltimas palabras de Paola Rold\u00e1n, la mujer s\u00edmbolo de la despenalizaci\u00f3n de la eutanasia en Ecuador\" width=\"768\" height=\"474\" data-srcset=\"\/\/www.vistazo.com\/binrepository\/768x474\/0c0\/0d0\/none\/12727\/TXYO\/boda-1217795-20231031201231_1419144_20240311181108.jpg 768w,\/\/www.vistazo.com\/binrepository\/640x395\/0c0\/0d0\/none\/12727\/TXYN\/boda-1217795-20231031201231_1419144_20240311181108.jpg 640w,\/\/www.vistazo.com\/binrepository\/512x316\/0c0\/0d0\/none\/12727\/TXYC\/boda-1217795-20231031201231_1419144_20240311181108.jpg 512w,\/\/www.vistazo.com\/binrepository\/384x237\/0c0\/0d0\/none\/12727\/TXYJ\/boda-1217795-20231031201231_1419144_20240311181108.jpg 384w,\/\/www.vistazo.com\/binrepository\/300x185\/0c0\/0d0\/none\/12727\/TXYP\/boda-1217795-20231031201231_1419144_20240311181108.jpg 300w\" \/><\/div>\n<\/figure>\n<\/div>\n<div class=\"html_text\">\n<h2>\u00daLTIMO MENSAJE EN REDES SOCIALES<\/h2>\n<\/div>\n<div class=\"paragraph texto\">\n<p class=\"p_10\">Paola era bastante activa en la red social X, donde siempre escrib\u00eda sus pensamientos y emociones. Justamente, el pasado domingo 10 de marzo del 2024, public\u00f3 un mensaje por los homenajes que hab\u00eda recibido a prop\u00f3sito del\u00a0<b>D\u00eda de la Mujer.<\/b><\/p>\n<p class=\"p_11\">La ahora occisa resalt\u00f3 el apoyo de su madre durante \u201cesta tumultuosa traves\u00eda\u201d y mencion\u00f3 que cuando quiso ser reconocida por sus m\u00e9ritos laborales, \u201clleg\u00f3 en peque\u00f1as gotas\u201d.<\/p>\n<p class=\"p_12\">\u201cY ahora que ya no me interesa, romper mi burbuja de anonimato ha sido dif\u00edcil.\u00a0<b>Le agradezco a la vida por ense\u00f1arme lecciones de humildad, y que solo fui reconocida cuando quise construir para otros, y no solo para m\u00ed misma<\/b>\u201d, escribi\u00f3.<\/p>\n<p class=\"p_13\">Al finalizar el mensaje pidi\u00f3 a la ciudadan\u00eda \u201cm\u00e1s humildad y menos juzgar\u201d.<\/p>\n<p class=\"p_14\">\u201c<b>Mi mayor anhelo es dejarle a mi hijo un mundo m\u00e1s solidario, compasivo, amoroso y colaborativo<\/b>. Siento que esta es la mejor manera de protegerlo, y lo seguir\u00e9 intentando hasta mi \u00faltimo aliento\u201d, public\u00f3 Paola. <strong>Fuente: Vistazo<\/strong><\/p>\n<\/div>\n<\/div>\n","protected":false},"excerpt":{"rendered":"<p>Paola Rold\u00e1n, quien logr\u00f3 despenalizar la eutanasia en Ecuador, falleci\u00f3 este lunes en Quito. Un d\u00eda antes, la activista public\u00f3 un contundente mensaje en la red social X a prop\u00f3sito de los homenajes que hab\u00eda recibido por el D\u00eda de la Mujer. La tambi\u00e9n madre de 42 a\u00f1os padec\u00eda esclerosis lateral amiotr\u00f3fica (ELA), una enfermedad que la manten\u00eda postrada en una cama y conectada a un respirador. Por lo cual, en agosto del 2023, interpuso una demanda en la Corte Constitucional\u00a0contra el art\u00edculo 144 del C\u00f3digo Integral Penal (COIP)\u00a0que tipifica el homicidio, para que se lo declare inconstitucional. Se ped\u00eda que se haga una excepci\u00f3n a la muerte asistida en casos extraordinarios como enfermedades terminales, para que\u00a0un m\u00e9dico no sea procesado por homicidio. Desde entonces, Rold\u00e1n inici\u00f3 una lucha por tener una muerte digna. Su clamor difundido en su cuenta de la red social X fue escuchado y el pasado 7 de febrero del 2024,\u00a0la Corte Constitucional emiti\u00f3 una sentencia favorable para la paciente. Con ello, Ecuador se convirti\u00f3 en el noveno pa\u00eds del mundo en legalizar la eutanasia. \u00daLTIMAS PALABRAS Este lunes 11 de marzo, la familia de Paola Rold\u00e1n confirm\u00f3 el deceso de la activista. \u201cSu valent\u00eda y determinaci\u00f3n han allanado el camino para un cambio significativo en la legislaci\u00f3n ecuatoriana, permitiendo que aquellos que enfrentan condiciones m\u00e9dicas terminales tengan la opci\u00f3n de despedirse con dignidad y sin sufrimiento innecesario\u201d, dice una carta emitida a medios de comunicaci\u00f3n. En el documento se menciona que la mujer parti\u00f3 de este mundo en paz y rodeada de sus parientes.\u00a0\u201cLes amo\u201d (dedicado a quienes la acompa\u00f1aron),\u00a0fueron las \u00faltimas palabras de Rold\u00e1n. La familia tambi\u00e9n agradeci\u00f3 a todo el pa\u00eds por el \u201capoyo abrumador\u201d y las muestras de solidaridad, compasi\u00f3n y comprensi\u00f3n. \u201cSu legado vivir\u00e1 en cada persona que ha sido tocada por su valent\u00eda y dedicaci\u00f3n a una causa justa\u201d, finaliza la nota de las familias Su\u00e1rez Rold\u00e1n y Rold\u00e1n Espinosa. Lea tambi\u00e9n:\u00a0Fallece Paola Rold\u00e1n, la mujer que logr\u00f3 la despenalizaci\u00f3n de la eutanasia en Ecuador \u00daLTIMO MENSAJE EN REDES SOCIALES Paola era bastante activa en la red social X, donde siempre escrib\u00eda sus pensamientos y emociones. Justamente, el pasado domingo 10 de marzo del 2024, public\u00f3 un mensaje por los homenajes que hab\u00eda recibido a prop\u00f3sito del\u00a0D\u00eda de la Mujer. La ahora occisa resalt\u00f3 el apoyo de su madre durante \u201cesta tumultuosa traves\u00eda\u201d y mencion\u00f3 que cuando quiso ser reconocida por sus m\u00e9ritos laborales, \u201clleg\u00f3 en peque\u00f1as gotas\u201d. \u201cY ahora que ya no me interesa, romper mi burbuja de anonimato ha sido dif\u00edcil.\u00a0Le agradezco a la vida por ense\u00f1arme lecciones de humildad, y que solo fui reconocida cuando quise construir para otros, y no solo para m\u00ed misma\u201d, escribi\u00f3. Al finalizar el mensaje pidi\u00f3 a la ciudadan\u00eda \u201cm\u00e1s humildad y menos juzgar\u201d. \u201cMi mayor anhelo es dejarle a mi hijo un mundo m\u00e1s solidario, compasivo, amoroso y colaborativo. Siento que esta es la mejor manera de protegerlo, y lo seguir\u00e9 intentando hasta mi \u00faltimo aliento\u201d, public\u00f3 Paola. Fuente: Vistazo<\/p>\n","protected":false},"author":1,"featured_media":13945,"comment_status":"open","ping_status":"open","sticky":false,"template":"","format":"standard","meta":{"footnotes":""},"categories":[268],"tags":[],"class_list":["post-13944","post","type-post","status-publish","format-standard","has-post-thumbnail","hentry","category-nacionales"],"_links":{"self":[{"href":"https:\/\/www.elamazonico.com\/portal\/wp-json\/wp\/v2\/posts\/13944","targetHints":{"allow":["GET"]}}],"collection":[{"href":"https:\/\/www.elamazonico.com\/portal\/wp-json\/wp\/v2\/posts"}],"about":[{"href":"https:\/\/www.elamazonico.com\/portal\/wp-json\/wp\/v2\/types\/post"}],"author":[{"embeddable":true,"href":"https:\/\/www.elamazonico.com\/portal\/wp-json\/wp\/v2\/users\/1"}],"replies":[{"embeddable":true,"href":"https:\/\/www.elamazonico.com\/portal\/wp-json\/wp\/v2\/comments?post=13944"}],"version-history":[{"count":1,"href":"https:\/\/www.elamazonico.com\/portal\/wp-json\/wp\/v2\/posts\/13944\/revisions"}],"predecessor-version":[{"id":13946,"href":"https:\/\/www.elamazonico.com\/portal\/wp-json\/wp\/v2\/posts\/13944\/revisions\/13946"}],"wp:featuredmedia":[{"embeddable":true,"href":"https:\/\/www.elamazonico.com\/portal\/wp-json\/wp\/v2\/media\/13945"}],"wp:attachment":[{"href":"https:\/\/www.elamazonico.com\/portal\/wp-json\/wp\/v2\/media?parent=13944"}],"wp:term":[{"taxonomy":"category","embeddable":true,"href":"https:\/\/www.elamazonico.com\/portal\/wp-json\/wp\/v2\/categories?post=13944"},{"taxonomy":"post_tag","embeddable":true,"href":"https:\/\/www.elamazonico.com\/portal\/wp-json\/wp\/v2\/tags?post=13944"}],"curies":[{"name":"wp","href":"https:\/\/api.w.org\/{rel}","templated":true}]}}