{"id":13938,"date":"2024-03-12T04:13:17","date_gmt":"2024-03-12T09:13:17","guid":{"rendered":"https:\/\/www.elamazonico.comportal\/?p=13938"},"modified":"2024-03-12T04:13:17","modified_gmt":"2024-03-12T09:13:17","slug":"las-exportaciones-mineras-de-ecuador-marcaron-record-en-2023-con-3-324-millones-de-dolares","status":"publish","type":"post","link":"https:\/\/www.elamazonico.com\/portal\/las-exportaciones-mineras-de-ecuador-marcaron-record-en-2023-con-3-324-millones-de-dolares\/","title":{"rendered":"Las exportaciones mineras de Ecuador marcaron r\u00e9cord en 2023 con 3.324 millones de d\u00f3lares"},"content":{"rendered":"<p class=\"p_0\"><b>Las exportaciones mineras de Ecuador marcaron un nuevo r\u00e9cord de facturaci\u00f3n anual con 3.324 millones de d\u00f3lares en 2023, lo que supuso un incremento del 19 % respecto a 2022, seg\u00fan inform\u00f3 este lunes en un comunicado la C\u00e1mara de Miner\u00eda de Ecuador (CME).<\/b><\/p>\n<p class=\"p_1\">El gremio empresarial minero asegur\u00f3 que\u00a0<b>las exportaciones mineras se han posicionado como el cuarto rubro de mayores ingresos<\/b>\u00a0en la cesta de exportaciones del pa\u00eds, s\u00f3lo despu\u00e9s del petr\u00f3leo, banano y camar\u00f3n (gamba).<\/p>\n<div class=\"multimediaMacroWrapper img lateral\">\n<figure class=\"contentMedia art-img\">\n<div><img fetchpriority=\"high\" decoding=\"async\" class=\" lazyloaded\" title=\"Las ventas de minerales se ubicaron como el primer rubro de las exportaciones no tradicionales de Ecuador, al alcanzar el 63,44 % del total de ingresos generado en dicho apartado.\" src=\"https:\/\/www.vistazo.com\/placeholder\/svg\/viewbox\/768x1152\" sizes=\"100vw\" srcset=\"\/\/www.vistazo.com\/binrepository\/768x1152\/0c0\/0d0\/none\/12727\/BUCR\/pexels-eva-bronzini-6474410_1419514_20240311232129.jpg 768w,\/\/www.vistazo.com\/binrepository\/640x960\/0c0\/0d0\/none\/12727\/BUCN\/pexels-eva-bronzini-6474410_1419514_20240311232129.jpg 640w,\/\/www.vistazo.com\/binrepository\/512x768\/0c0\/0d0\/none\/12727\/BUCP\/pexels-eva-bronzini-6474410_1419514_20240311232129.jpg 512w,\/\/www.vistazo.com\/binrepository\/384x576\/0c0\/0d0\/none\/12727\/BUCL\/pexels-eva-bronzini-6474410_1419514_20240311232129.jpg 384w,\/\/www.vistazo.com\/binrepository\/300x450\/0c0\/0d0\/none\/12727\/BUCC\/pexels-eva-bronzini-6474410_1419514_20240311232129.jpg 300w\" alt=\"$!Las ventas de minerales se ubicaron como el primer rubro de las exportaciones no tradicionales de Ecuador, al alcanzar el 63,44 % del total de ingresos generado en dicho apartado.\" width=\"768\" height=\"1152\" data-srcset=\"\/\/www.vistazo.com\/binrepository\/768x1152\/0c0\/0d0\/none\/12727\/BUCR\/pexels-eva-bronzini-6474410_1419514_20240311232129.jpg 768w,\/\/www.vistazo.com\/binrepository\/640x960\/0c0\/0d0\/none\/12727\/BUCN\/pexels-eva-bronzini-6474410_1419514_20240311232129.jpg 640w,\/\/www.vistazo.com\/binrepository\/512x768\/0c0\/0d0\/none\/12727\/BUCP\/pexels-eva-bronzini-6474410_1419514_20240311232129.jpg 512w,\/\/www.vistazo.com\/binrepository\/384x576\/0c0\/0d0\/none\/12727\/BUCL\/pexels-eva-bronzini-6474410_1419514_20240311232129.jpg 384w,\/\/www.vistazo.com\/binrepository\/300x450\/0c0\/0d0\/none\/12727\/BUCC\/pexels-eva-bronzini-6474410_1419514_20240311232129.jpg 300w\" \/><\/div>\n<div class=\"cutline-byline\"><span class=\"cutline-text\">Las ventas de minerales se ubicaron como el primer rubro de las exportaciones no tradicionales de Ecuador, al alcanzar el 63,44 % del total de ingresos generado en dicho apartado.<\/span>\u00a0<span class=\"byline-image\">(Pexels)<\/span><\/div>\n<\/figure>\n<\/div>\n<div class=\"paragraph texto\">\n<p class=\"p_2\">\u00abEste desempe\u00f1o excepcional se traduce en un\u00a0<b>cumplimiento del 115% de la meta establecida\u00a0<\/b>para el a\u00f1o\u00bb pasado, asegur\u00f3 la C\u00e1mara de Miner\u00eda que calific\u00f3 como un\u00a0<b>\u00abhito significativo\u00bb<\/b>\u00a0el auge del sector, pese a un entorno econ\u00f3mico de muchas fluctuaciones.<\/p>\n<p class=\"p_3\">\u00abEn el tercer trimestre de 2023 se registraron un total de<b>\u00a096.823 empleos<\/b>, de los cuales\u00a0<b>24.206 son empleos directos y 72.617 son empleos indirectos<\/b>\u00ab, precis\u00f3 la fuente al se\u00f1alar que la recaudaci\u00f3n tributaria que gener\u00f3 para el Estado la industria minera ascendi\u00f3 a 762,7 millones de d\u00f3lares.<\/p>\n<\/div>\n<div class=\"paragraph texto\">\n<p class=\"p_4\">La C\u00e1mara de Miner\u00eda puso como ejemplo de sus beneficios a la provincia amaz\u00f3nica de Morona Santiago, donde se encuentran la\u00a0<b>mina aur\u00edfera Fruta del Norte<\/b>\u00a0y la<b>\u00a0cupr\u00edfera Mirador<\/b>, los dos yacimientos a gran escala actualmente en explotaci\u00f3n desde 2019 en el pa\u00eds.<\/p>\n<p class=\"p_5\">Esa condici\u00f3n permiti\u00f3 a esa jurisdicci\u00f3n<b>\u00a0registrar un aumento del 4% en su facturaci\u00f3n durante 2023<\/b>, cuando sus ingresos sumaron 2.500 millones de d\u00f3lares, agreg\u00f3.<\/p>\n<\/div>\n<div class=\"paragraph texto\">\n<p class=\"p_6\">La C\u00e1mara destac\u00f3 el\u00a0<b>inter\u00e9s internacional por la actividad minera<\/b>\u00a0en Ecuador y afirm\u00f3 que el pa\u00eds se ubica en el cuarto lugar en el mundo por el\u00a0<b>\u00ab\u00edndice potencial minero\u00bb<\/b>, seg\u00fan el llamado \u00edndice Fraser del a\u00f1o 2022.<\/p>\n<p class=\"p_7\">\u00abEsto se pude corroborar con los recientes contratos de inversi\u00f3n firmados en Canad\u00e1, que han abierto\u00a0<b>oportunidades de inversi\u00f3n extranjera en el sector minero<\/b>\u00bb nacional, a\u00f1adi\u00f3 la C\u00e1mara de Miner\u00eda del Ecuador.<\/p>\n<p>El gremio hizo referencia as\u00ed a la participaci\u00f3n del presidente de Ecuador, Daniel Noboa, en Toronto en la mayor feria del sector en el mundo (PDAC), donde busc\u00f3\u00a0<b>mayores inversiones mineras<\/b>, lo que gener\u00f3 rechazo en\u00a0<b>organizaciones ambientalista e ind\u00edgenas del pa\u00eds. Fuente: Vistazo<\/b><\/p>\n<\/div>\n","protected":false},"excerpt":{"rendered":"<p>Las exportaciones mineras de Ecuador marcaron un nuevo r\u00e9cord de facturaci\u00f3n anual con 3.324 millones de d\u00f3lares en 2023, lo que supuso un incremento del 19 % respecto a 2022, seg\u00fan inform\u00f3 este lunes en un comunicado la C\u00e1mara de Miner\u00eda de Ecuador (CME). El gremio empresarial minero asegur\u00f3 que\u00a0las exportaciones mineras se han posicionado como el cuarto rubro de mayores ingresos\u00a0en la cesta de exportaciones del pa\u00eds, s\u00f3lo despu\u00e9s del petr\u00f3leo, banano y camar\u00f3n (gamba). Las ventas de minerales se ubicaron como el primer rubro de las exportaciones no tradicionales de Ecuador, al alcanzar el 63,44 % del total de ingresos generado en dicho apartado.\u00a0(Pexels) \u00abEste desempe\u00f1o excepcional se traduce en un\u00a0cumplimiento del 115% de la meta establecida\u00a0para el a\u00f1o\u00bb pasado, asegur\u00f3 la C\u00e1mara de Miner\u00eda que calific\u00f3 como un\u00a0\u00abhito significativo\u00bb\u00a0el auge del sector, pese a un entorno econ\u00f3mico de muchas fluctuaciones. \u00abEn el tercer trimestre de 2023 se registraron un total de\u00a096.823 empleos, de los cuales\u00a024.206 son empleos directos y 72.617 son empleos indirectos\u00ab, precis\u00f3 la fuente al se\u00f1alar que la recaudaci\u00f3n tributaria que gener\u00f3 para el Estado la industria minera ascendi\u00f3 a 762,7 millones de d\u00f3lares. La C\u00e1mara de Miner\u00eda puso como ejemplo de sus beneficios a la provincia amaz\u00f3nica de Morona Santiago, donde se encuentran la\u00a0mina aur\u00edfera Fruta del Norte\u00a0y la\u00a0cupr\u00edfera Mirador, los dos yacimientos a gran escala actualmente en explotaci\u00f3n desde 2019 en el pa\u00eds. Esa condici\u00f3n permiti\u00f3 a esa jurisdicci\u00f3n\u00a0registrar un aumento del 4% en su facturaci\u00f3n durante 2023, cuando sus ingresos sumaron 2.500 millones de d\u00f3lares, agreg\u00f3. La C\u00e1mara destac\u00f3 el\u00a0inter\u00e9s internacional por la actividad minera\u00a0en Ecuador y afirm\u00f3 que el pa\u00eds se ubica en el cuarto lugar en el mundo por el\u00a0\u00ab\u00edndice potencial minero\u00bb, seg\u00fan el llamado \u00edndice Fraser del a\u00f1o 2022. \u00abEsto se pude corroborar con los recientes contratos de inversi\u00f3n firmados en Canad\u00e1, que han abierto\u00a0oportunidades de inversi\u00f3n extranjera en el sector minero\u00bb nacional, a\u00f1adi\u00f3 la C\u00e1mara de Miner\u00eda del Ecuador. El gremio hizo referencia as\u00ed a la participaci\u00f3n del presidente de Ecuador, Daniel Noboa, en Toronto en la mayor feria del sector en el mundo (PDAC), donde busc\u00f3\u00a0mayores inversiones mineras, lo que gener\u00f3 rechazo en\u00a0organizaciones ambientalista e ind\u00edgenas del pa\u00eds. Fuente: Vistazo<\/p>\n","protected":false},"author":1,"featured_media":13939,"comment_status":"open","ping_status":"open","sticky":false,"template":"","format":"standard","meta":{"footnotes":""},"categories":[268],"tags":[],"class_list":["post-13938","post","type-post","status-publish","format-standard","has-post-thumbnail","hentry","category-nacionales"],"_links":{"self":[{"href":"https:\/\/www.elamazonico.com\/portal\/wp-json\/wp\/v2\/posts\/13938","targetHints":{"allow":["GET"]}}],"collection":[{"href":"https:\/\/www.elamazonico.com\/portal\/wp-json\/wp\/v2\/posts"}],"about":[{"href":"https:\/\/www.elamazonico.com\/portal\/wp-json\/wp\/v2\/types\/post"}],"author":[{"embeddable":true,"href":"https:\/\/www.elamazonico.com\/portal\/wp-json\/wp\/v2\/users\/1"}],"replies":[{"embeddable":true,"href":"https:\/\/www.elamazonico.com\/portal\/wp-json\/wp\/v2\/comments?post=13938"}],"version-history":[{"count":1,"href":"https:\/\/www.elamazonico.com\/portal\/wp-json\/wp\/v2\/posts\/13938\/revisions"}],"predecessor-version":[{"id":13940,"href":"https:\/\/www.elamazonico.com\/portal\/wp-json\/wp\/v2\/posts\/13938\/revisions\/13940"}],"wp:featuredmedia":[{"embeddable":true,"href":"https:\/\/www.elamazonico.com\/portal\/wp-json\/wp\/v2\/media\/13939"}],"wp:attachment":[{"href":"https:\/\/www.elamazonico.com\/portal\/wp-json\/wp\/v2\/media?parent=13938"}],"wp:term":[{"taxonomy":"category","embeddable":true,"href":"https:\/\/www.elamazonico.com\/portal\/wp-json\/wp\/v2\/categories?post=13938"},{"taxonomy":"post_tag","embeddable":true,"href":"https:\/\/www.elamazonico.com\/portal\/wp-json\/wp\/v2\/tags?post=13938"}],"curies":[{"name":"wp","href":"https:\/\/api.w.org\/{rel}","templated":true}]}}