{"id":1393,"date":"2021-10-18T05:10:04","date_gmt":"2021-10-18T10:10:04","guid":{"rendered":"https:\/\/www.elamazonico.com\/portal\/?p=1393"},"modified":"2021-10-18T05:20:40","modified_gmt":"2021-10-18T10:20:40","slug":"en-yantzaza-se-inaugura-la-renovada-escuela-especializada-matilde-guzman","status":"publish","type":"post","link":"https:\/\/www.elamazonico.com\/portal\/en-yantzaza-se-inaugura-la-renovada-escuela-especializada-matilde-guzman\/","title":{"rendered":"En Yantzaza se inaugur\u00f3 la renovada Escuela Especializada Matilde Guzm\u00e1n"},"content":{"rendered":"\n<p>Con la presencia de las principales autoridades del cant\u00f3n, el alcalde Mart\u00edn Jim\u00e9nez y de la ministra de Educaci\u00f3n Mar\u00eda Brown, se realiz\u00f3 la inauguraci\u00f3n de la reconstrucci\u00f3n de la Escuela de Educaci\u00f3n B\u00e1sica Especializada Matilde Guzm\u00e1n, ubicada al norte de la ciudad de Yantzaza.<\/p>\n\n\n\n<p>Esta obra hab\u00eda sido en el transcurso de los \u00faltimos a\u00f1os, una necesidad muy solicitada por parte de la comunidad educativa del plantel: padres de familia, 7 docentes, y los 46 alumnos, entre ni\u00f1os y ni\u00f1as con diversos tipos de discapacidad, que se educan en el establecimiento.<\/p>\n\n\n\n<p>Mart\u00edn Jim\u00e9nez, alcalde del cant\u00f3n, durante sus palabras de inauguraci\u00f3n, sostuvo: \u201cEsta administraci\u00f3n municipal, ha cristalizado un enorme precedente y un gran legado, ya que estamos instaurando una pol\u00edtica cantonal que fortalece el sistema educativo en todos sus \u00e1mbitos. Una pandemia separ\u00f3 a profesores, estudiantes y padres de familia por mucho tiempo, sin embargo, con trabajo hemos conectado sus ilusiones y superamos esas barreras. Hoy entregamos un renovado plantel para la ense\u00f1anza de un sector prioritario del Valle de las Luci\u00e9rnagas\u201d, finaliz\u00f3.<\/p>\n\n\n\n<p>Por su parte, Mar\u00eda Brown, ministra de Educaci\u00f3n, manifest\u00f3 que \u201cla historia de esta escuela refleja en gran medida el esp\u00edritu que tiene el Gobierno. Se trata de un sistema de trabajo colaborativo y responsable, que pretende garantizar una educaci\u00f3n de calidad, inclusiva, sin dejar de lado a nadie, celebrando la gran diversidad del pa\u00eds. Creo que todos tenemos un prop\u00f3sito en com\u00fan: se trata del deseo de una mejor educaci\u00f3n, en todo momento\u201d, agreg\u00f3.<\/p>\n\n\n\n<p>La inversi\u00f3n realizada en esta obra es de 160 mil 795 d\u00f3lares, destinados a tareas impostergables de adecuaci\u00f3n, como: construcci\u00f3n de un ascensor, ampliaci\u00f3n de aulas, construcci\u00f3n de la segunda planta, cubiertas y espacios ornamentales. Cabe destacar que, en la unidad educativa no se ha remodelado ni recibido apoyo por parte de ninguna autoridad local en aproximadamente dos d\u00e9cadas.<\/p>\n","protected":false},"excerpt":{"rendered":"<p>Con la presencia de las principales autoridades del cant\u00f3n, el alcalde Mart\u00edn Jim\u00e9nez y de la ministra de Educaci\u00f3n Mar\u00eda Brown, se realiz\u00f3 la inauguraci\u00f3n de la reconstrucci\u00f3n de la Escuela de Educaci\u00f3n B\u00e1sica Especializada Matilde Guzm\u00e1n, ubicada al norte de la ciudad de Yantzaza. Esta obra hab\u00eda sido en el transcurso de los \u00faltimos a\u00f1os, una necesidad muy solicitada por parte de la comunidad educativa del plantel: padres de familia, 7 docentes, y los 46 alumnos, entre ni\u00f1os y ni\u00f1as con diversos tipos de discapacidad, que se educan en el establecimiento. Mart\u00edn Jim\u00e9nez, alcalde del cant\u00f3n, durante sus palabras de inauguraci\u00f3n, sostuvo: \u201cEsta administraci\u00f3n municipal, ha cristalizado un enorme precedente y un gran legado, ya que estamos instaurando una pol\u00edtica cantonal que fortalece el sistema educativo en todos sus \u00e1mbitos. Una pandemia separ\u00f3 a profesores, estudiantes y padres de familia por mucho tiempo, sin embargo, con trabajo hemos conectado sus ilusiones y superamos esas barreras. Hoy entregamos un renovado plantel para la ense\u00f1anza de un sector prioritario del Valle de las Luci\u00e9rnagas\u201d, finaliz\u00f3. Por su parte, Mar\u00eda Brown, ministra de Educaci\u00f3n, manifest\u00f3 que \u201cla historia de esta escuela refleja en gran medida el esp\u00edritu que tiene el Gobierno. Se trata de un sistema de trabajo colaborativo y responsable, que pretende garantizar una educaci\u00f3n de calidad, inclusiva, sin dejar de lado a nadie, celebrando la gran diversidad del pa\u00eds. Creo que todos tenemos un prop\u00f3sito en com\u00fan: se trata del deseo de una mejor educaci\u00f3n, en todo momento\u201d, agreg\u00f3. La inversi\u00f3n realizada en esta obra es de 160 mil 795 d\u00f3lares, destinados a tareas impostergables de adecuaci\u00f3n, como: construcci\u00f3n de un ascensor, ampliaci\u00f3n de aulas, construcci\u00f3n de la segunda planta, cubiertas y espacios ornamentales. Cabe destacar que, en la unidad educativa no se ha remodelado ni recibido apoyo por parte de ninguna autoridad local en aproximadamente dos d\u00e9cadas.<\/p>\n","protected":false},"author":1,"featured_media":1394,"comment_status":"open","ping_status":"open","sticky":false,"template":"","format":"standard","meta":{"footnotes":""},"categories":[243],"tags":[],"class_list":["post-1393","post","type-post","status-publish","format-standard","has-post-thumbnail","hentry","category-noticias-zamora"],"_links":{"self":[{"href":"https:\/\/www.elamazonico.com\/portal\/wp-json\/wp\/v2\/posts\/1393","targetHints":{"allow":["GET"]}}],"collection":[{"href":"https:\/\/www.elamazonico.com\/portal\/wp-json\/wp\/v2\/posts"}],"about":[{"href":"https:\/\/www.elamazonico.com\/portal\/wp-json\/wp\/v2\/types\/post"}],"author":[{"embeddable":true,"href":"https:\/\/www.elamazonico.com\/portal\/wp-json\/wp\/v2\/users\/1"}],"replies":[{"embeddable":true,"href":"https:\/\/www.elamazonico.com\/portal\/wp-json\/wp\/v2\/comments?post=1393"}],"version-history":[{"count":2,"href":"https:\/\/www.elamazonico.com\/portal\/wp-json\/wp\/v2\/posts\/1393\/revisions"}],"predecessor-version":[{"id":1403,"href":"https:\/\/www.elamazonico.com\/portal\/wp-json\/wp\/v2\/posts\/1393\/revisions\/1403"}],"wp:featuredmedia":[{"embeddable":true,"href":"https:\/\/www.elamazonico.com\/portal\/wp-json\/wp\/v2\/media\/1394"}],"wp:attachment":[{"href":"https:\/\/www.elamazonico.com\/portal\/wp-json\/wp\/v2\/media?parent=1393"}],"wp:term":[{"taxonomy":"category","embeddable":true,"href":"https:\/\/www.elamazonico.com\/portal\/wp-json\/wp\/v2\/categories?post=1393"},{"taxonomy":"post_tag","embeddable":true,"href":"https:\/\/www.elamazonico.com\/portal\/wp-json\/wp\/v2\/tags?post=1393"}],"curies":[{"name":"wp","href":"https:\/\/api.w.org\/{rel}","templated":true}]}}