{"id":13922,"date":"2024-03-11T11:46:50","date_gmt":"2024-03-11T16:46:50","guid":{"rendered":"https:\/\/www.elamazonico.comportal\/?p=13922"},"modified":"2024-03-11T11:46:50","modified_gmt":"2024-03-11T16:46:50","slug":"comunidad-educativa-destaca-el-rol-de-la-mujer-en-la-educacion","status":"publish","type":"post","link":"https:\/\/www.elamazonico.com\/portal\/comunidad-educativa-destaca-el-rol-de-la-mujer-en-la-educacion\/","title":{"rendered":"Comunidad educativa destaca el rol de la mujer en la educaci\u00f3n"},"content":{"rendered":"<p><em>En la Zona 7 se efect\u00faan diversas actividades en conmemoraci\u00f3n del D\u00eda Internacional de la Mujer, con el objetivo de abordar temas como prevenci\u00f3n de la violencia, de riesgos psicosociales y la lucha hist\u00f3rica de las mujeres por sus derechos<\/em><\/p>\n<p>Este 08 de marzo de 2024, la comunidad educativa mediante un acto acad\u00e9mico denominado \u201cEl rol de la mujer en la educaci\u00f3n\u201d evidenci\u00f3 la importancia de efectuar actividades de sensibilizaci\u00f3n, conmemoraci\u00f3n y reflexi\u00f3n en torno al D\u00eda Internacional de la Mujer.<\/p>\n<p>El evento, organizado por la Coordinaci\u00f3n Zonal 7 de Educaci\u00f3n, reuni\u00f3 a destacados l\u00edderes educativos, acad\u00e9micos, estudiantes y representantes gubernamentales para reflexionar sobre el papel crucial de las mujeres en el \u00e1mbito educativo y social.<\/p>\n<p>El evento se desarroll\u00f3 en la casona universitaria del Teatro Bol\u00edvar en la ciudad de Loja, durante la jornada, se llevaron a cabo ponencias y presentaciones en las que se abordaron temas relevantes como el empoderamiento de las mujeres en la educaci\u00f3n, la eliminaci\u00f3n de barreras de g\u00e9nero, el acceso equitativo a la educaci\u00f3n y el fomento de un ambiente inclusivo en las instituciones educativas.<\/p>\n<p>Durante el programa la docente universitaria Jennifer Samaniego Franco, la estudiante Arianna Carolina Pe\u00f1a y la directiva Andrea Karina Delgado compartieron sus experiencias, perspectivas y recomendaciones para promover la educaci\u00f3n sin barreras y crear entornos educativos m\u00e1s justos y equitativos para todas las personas.<\/p>\n<p>\u201cHoy quiero rendir homenaje a todas las mujeres, que est\u00e1n haciendo historia, tanto en el \u00e1mbito de las artes como de la ciencia. Quiero mencionar a las poetas y a las investigadoras que est\u00e1n explorando nuevos horizontes y abriendo caminos para las generaciones futuras\u201d, expres\u00f3 la estudiante Arianna Pe\u00f1a.<\/p>\n<p>Por su parte, la directiva de la escuela Ciudad de Loja, dijo: \u201cLa celebraci\u00f3n de este d\u00eda, es una oportunidad para reconocer la enorme val\u00eda de las mujeres educadoras, no solo por los retos profesionales que exigen formaci\u00f3n permanente y concentraci\u00f3n en lo acad\u00e9mico, lo administrativo y lo formativo, sino que ejercen su rol, con esa calidad que solo una mujer puede lograr, pues equilibra la vocaci\u00f3n con comprensi\u00f3n, con temple y con ternura, de modo que anima y motiva al tiempo que confronta y desaf\u00eda\u201d.<\/p>\n<p>El Ministerio de Educaci\u00f3n reafirma su compromiso con la promoci\u00f3n de la igualdad de g\u00e9nero en la educaci\u00f3n y reconoce la importancia de continuar trabajando en colaboraci\u00f3n con todos los sectores de la sociedad.<\/p>\n","protected":false},"excerpt":{"rendered":"<p>En la Zona 7 se efect\u00faan diversas actividades en conmemoraci\u00f3n del D\u00eda Internacional de la Mujer, con el objetivo de abordar temas como prevenci\u00f3n de la violencia, de riesgos psicosociales y la lucha hist\u00f3rica de las mujeres por sus derechos Este 08 de marzo de 2024, la comunidad educativa mediante un acto acad\u00e9mico denominado \u201cEl rol de la mujer en la educaci\u00f3n\u201d evidenci\u00f3 la importancia de efectuar actividades de sensibilizaci\u00f3n, conmemoraci\u00f3n y reflexi\u00f3n en torno al D\u00eda Internacional de la Mujer. El evento, organizado por la Coordinaci\u00f3n Zonal 7 de Educaci\u00f3n, reuni\u00f3 a destacados l\u00edderes educativos, acad\u00e9micos, estudiantes y representantes gubernamentales para reflexionar sobre el papel crucial de las mujeres en el \u00e1mbito educativo y social. El evento se desarroll\u00f3 en la casona universitaria del Teatro Bol\u00edvar en la ciudad de Loja, durante la jornada, se llevaron a cabo ponencias y presentaciones en las que se abordaron temas relevantes como el empoderamiento de las mujeres en la educaci\u00f3n, la eliminaci\u00f3n de barreras de g\u00e9nero, el acceso equitativo a la educaci\u00f3n y el fomento de un ambiente inclusivo en las instituciones educativas. Durante el programa la docente universitaria Jennifer Samaniego Franco, la estudiante Arianna Carolina Pe\u00f1a y la directiva Andrea Karina Delgado compartieron sus experiencias, perspectivas y recomendaciones para promover la educaci\u00f3n sin barreras y crear entornos educativos m\u00e1s justos y equitativos para todas las personas. \u201cHoy quiero rendir homenaje a todas las mujeres, que est\u00e1n haciendo historia, tanto en el \u00e1mbito de las artes como de la ciencia. Quiero mencionar a las poetas y a las investigadoras que est\u00e1n explorando nuevos horizontes y abriendo caminos para las generaciones futuras\u201d, expres\u00f3 la estudiante Arianna Pe\u00f1a. Por su parte, la directiva de la escuela Ciudad de Loja, dijo: \u201cLa celebraci\u00f3n de este d\u00eda, es una oportunidad para reconocer la enorme val\u00eda de las mujeres educadoras, no solo por los retos profesionales que exigen formaci\u00f3n permanente y concentraci\u00f3n en lo acad\u00e9mico, lo administrativo y lo formativo, sino que ejercen su rol, con esa calidad que solo una mujer puede lograr, pues equilibra la vocaci\u00f3n con comprensi\u00f3n, con temple y con ternura, de modo que anima y motiva al tiempo que confronta y desaf\u00eda\u201d. El Ministerio de Educaci\u00f3n reafirma su compromiso con la promoci\u00f3n de la igualdad de g\u00e9nero en la educaci\u00f3n y reconoce la importancia de continuar trabajando en colaboraci\u00f3n con todos los sectores de la sociedad.<\/p>\n","protected":false},"author":1,"featured_media":13923,"comment_status":"open","ping_status":"open","sticky":false,"template":"","format":"standard","meta":{"footnotes":""},"categories":[284],"tags":[],"class_list":["post-13922","post","type-post","status-publish","format-standard","has-post-thumbnail","hentry","category-noticias-loja"],"_links":{"self":[{"href":"https:\/\/www.elamazonico.com\/portal\/wp-json\/wp\/v2\/posts\/13922","targetHints":{"allow":["GET"]}}],"collection":[{"href":"https:\/\/www.elamazonico.com\/portal\/wp-json\/wp\/v2\/posts"}],"about":[{"href":"https:\/\/www.elamazonico.com\/portal\/wp-json\/wp\/v2\/types\/post"}],"author":[{"embeddable":true,"href":"https:\/\/www.elamazonico.com\/portal\/wp-json\/wp\/v2\/users\/1"}],"replies":[{"embeddable":true,"href":"https:\/\/www.elamazonico.com\/portal\/wp-json\/wp\/v2\/comments?post=13922"}],"version-history":[{"count":1,"href":"https:\/\/www.elamazonico.com\/portal\/wp-json\/wp\/v2\/posts\/13922\/revisions"}],"predecessor-version":[{"id":13924,"href":"https:\/\/www.elamazonico.com\/portal\/wp-json\/wp\/v2\/posts\/13922\/revisions\/13924"}],"wp:featuredmedia":[{"embeddable":true,"href":"https:\/\/www.elamazonico.com\/portal\/wp-json\/wp\/v2\/media\/13923"}],"wp:attachment":[{"href":"https:\/\/www.elamazonico.com\/portal\/wp-json\/wp\/v2\/media?parent=13922"}],"wp:term":[{"taxonomy":"category","embeddable":true,"href":"https:\/\/www.elamazonico.com\/portal\/wp-json\/wp\/v2\/categories?post=13922"},{"taxonomy":"post_tag","embeddable":true,"href":"https:\/\/www.elamazonico.com\/portal\/wp-json\/wp\/v2\/tags?post=13922"}],"curies":[{"name":"wp","href":"https:\/\/api.w.org\/{rel}","templated":true}]}}