{"id":13903,"date":"2024-03-11T09:09:35","date_gmt":"2024-03-11T14:09:35","guid":{"rendered":"https:\/\/www.elamazonico.comportal\/?p=13903"},"modified":"2024-03-11T09:09:35","modified_gmt":"2024-03-11T14:09:35","slug":"reaparece-claudia-garzon-para-justificar-video-con-fito-en-una-clase-policial-y-por-vinculacion-en-caso-metastasis","status":"publish","type":"post","link":"https:\/\/www.elamazonico.com\/portal\/reaparece-claudia-garzon-para-justificar-video-con-fito-en-una-clase-policial-y-por-vinculacion-en-caso-metastasis\/","title":{"rendered":"Reaparece Claudia Garz\u00f3n para justificar video con &#8216;Fito&#8217; en una clase policial y por vinculaci\u00f3n en Caso Met\u00e1stasis"},"content":{"rendered":"<p class=\"p_0\">La aparici\u00f3n de Adolfo Mac\u00edas Villamar, conocido como\u00a0<a href=\"https:\/\/www.vistazo.com\/cronologia\/-\/meta\/fito\">alias &#8216;<b>Fito<\/b>&#8216;<\/a>, l\u00edder de la banda terrorista &#8216;<b>Los Choneros<\/b>&#8216;, en una<b>\u00a0clase<\/b>\u00a0dirigida a polic\u00edas colombianos, gener\u00f3 controversia a finales de febrero de este a\u00f1o. Sin embargo,\u00a0<b><a href=\"https:\/\/www.vistazo.com\/cronologia\/-\/meta\/claudia-garzon\">Claudia Garz\u00f3n<\/a>\u00a0Padilla<\/b>, excomisionada de la pacificaci\u00f3n en las c\u00e1rceles de Ecuador, se pronunci\u00f3 recientemente para justificar este hecho.<\/p>\n<p class=\"p_1\">En un<b>\u00a0video\u00a0<\/b>difundido por Noticias Uno, de Colombia, qued\u00f3 en evidencia la cercan\u00eda entre Garz\u00f3n y &#8216;Fito&#8217;. En el audiovisual aparece la excomisionada impartiendo clases a los uniformados en compa\u00f1\u00eda del mencionado narcotraficante, quien ahora es uno de los\u00a0<b>m\u00e1s buscados<\/b>\u00a0en la regi\u00f3n.<\/p>\n<p>No obstante, seg\u00fan Garz\u00f3n este episodio no constituy\u00f3 una clase impartida directamente a los polic\u00edas colombianos, sino que fue grabado con el prop\u00f3sito de servir como material \u00ab<b>pedag\u00f3gico<\/b>\u00ab. Adem\u00e1s, dijo que este recurso ha sido utilizado en diversas ocasiones, incluso con<b>\u00a0uniformados de otros pa\u00edses\u00a0<\/b>y en diferentes contextos de capacitaci\u00f3n en materia de seguridad.<\/p>\n<p class=\"p_4\">En el marco del D\u00eda Internacional de la Mujer, celebrado el viernes 8 de marzo, Claudia Garz\u00f3n aprovech\u00f3 la ocasi\u00f3n para abordar p\u00fablicamente el incidente relacionado con &#8216;Fito&#8217;. Explic\u00f3 que deseaba\u00a0<b>salir del silencio<\/b>\u00a0y compartir su experiencia, ya que ha sido objeto de injusticias.<\/p>\n<p class=\"p_5\">Durante dos a\u00f1os, y especialmente en los \u00faltimos d\u00edas, la colombiana dijo que ha enfrentado \u00ab<b>persecuci\u00f3n<\/b>\u00bb por levantar su voz y buscar la justicia.<\/p>\n<p class=\"p_6\">\u201dSigo siendo perseguida con un video que hice,\u00a0<b>pedag\u00f3gico<\/b>, con alias Fito. Un video que lo he utilizado con otros polic\u00edas hasta de otros pa\u00edses en otros escenarios tambi\u00e9n que capacito de seguridad, para hacer un\u00a0<b>an\u00e1lisis\u00a0<\/b>desde la psicolog\u00eda, criminolog\u00eda, anticipaci\u00f3n y prospectiva\u00a0<b>de lo que piensa alguien con un perfil alto criminal\u00a0<\/b>como \u00e9l, frente a la seguridad y frente al ser polic\u00eda. Aclaro que nunca hubo una clase directa. Fue un video que grab\u00e9 y que luego fue utilizado como un recurso y herramienta acad\u00e9mica\u201d, argument\u00f3 la excomisionada en un video.<\/p>\n<div class=\"html_text\">\n<h2>Vinculaci\u00f3n en Caso Met\u00e1stasis<\/h2>\n<\/div>\n<div class=\"paragraph texto\">\n<p class=\"p_8\">El mismo viernes 8 de marzo, la Fiscal\u00eda General del Estado tambi\u00e9n inform\u00f3 que ha solicitado fecha y hora para\u00a0<b>vincular<\/b>\u00a0a la instrucci\u00f3n fiscal del\u00a0<b><a href=\"https:\/\/www.vistazo.com\/cronologia\/-\/meta\/metastasis\">caso Met\u00e1stasis<\/a><\/b>\u00a0a trece personas, entre ellas Claudia Garz\u00f3n y el ex asamble\u00edsta Ronny Aleaga.<\/p>\n<p class=\"p_9\">La instituci\u00f3n asegur\u00f3 que cuenta con los elementos suficientes que hacen presumir su participaci\u00f3n en el delito de delincuencia organizada, en la causa en la que otras\u00a0<b>39 personas ya son procesadas<\/b>.<\/p>\n<p class=\"p_10\">En diciembre de 2021, el ex presidente de la Rep\u00fablica, Guillermo Lasso, bajo el Decreto Ejecutivo N\u00b0 294, dispuso la conformaci\u00f3n de la \u201cComisi\u00f3n para el Di\u00e1logo Penitenciario y la Pacificaci\u00f3n\u201d. Con ello, se pretend\u00eda contribuir al desarrollo y aplicaci\u00f3n de estrategias -enfocadas en derechos humanos- para erradicar las muertes violentas en los centros de privaci\u00f3n de libertad en todo el pa\u00eds. La comisi\u00f3n estuvo conformada por un\u00a0<b>equipo multidisciplinario\u00a0<\/b>de nueve expertos nacionales e internacionales, entre ellos Garz\u00f3n.<\/p>\n<p class=\"p_11\"><b>Lea tambi\u00e9n:<a href=\"https:\/\/www.vistazo.com\/politica\/nacional\/casos-purga-y-metastasis-abren-nuevas-pistas-para-esclarecer-crimen-de-fernando-villavicencio-CK6972631\">\u00a0Casos Purga y Met\u00e1stasis abren nuevas pistas para esclarecer crimen de Fernando Villavicencio<\/a><\/b><\/p>\n<p class=\"p_12\">Tras asumir funciones en Ecuador, la experta en Criminolog\u00eda estableci\u00f3 una estrecha relaci\u00f3n con los\u00a0<b>l\u00edderes<\/b>\u00a0de bandas que controlaban los pabellones de la Penitenciar\u00eda, en Guayaquil. Incluso, el nombre de Garz\u00f3n fue motivo de controversia tras la difusi\u00f3n de un video en el que aparec\u00eda con el ex jefe narco, Leandro Norero.<\/p>\n<p class=\"p_13\">Frente a la vinculaci\u00f3n, Garz\u00f3n se pronunci\u00f3 nuevamente, este s\u00e1bado 9 de marzo, a trav\u00e9s de\u00a0<b>otro video<\/b>\u00a0\u00abante la noticia llena de misoginia hacia mi\u00bb.<\/p>\n<p class=\"p_14\">\u00abSigo luchando ante una persecuci\u00f3n atroz por liderar un proceso de pacificaci\u00f3n entre l\u00edderes de estructuras criminales en el Ecuador. Mi misi\u00f3n fue mitigar violencias y masacres en las c\u00e1rceles de ese pa\u00eds, y ahora soy perseguida\u00bb, se\u00f1al\u00f3 la excomisionada.<\/p>\n<p class=\"p_15\">A ra\u00edz del asesinato de\u00a0<b>Leandro Norero,\u00a0<\/b>en el Centro de Rehabilitaci\u00f3n Social de Cotopaxi en 2022, la Fiscal\u00eda obtuvo varias evidencias que fueron halladas en los celulares del fallecido, se\u00f1alado como l\u00edder de una organizaci\u00f3n delictiva dedicada al\u00a0<b>narcotr\u00e1fico y al lavado de dinero.<\/b><\/p>\n<p class=\"p_16\">As\u00ed surgi\u00f3 el caso &#8216;<b>Met\u00e1stasis<\/b>&#8216; que destap\u00f3 una presunta gran trama de delincuencia organizada en la funci\u00f3n judicial, policial y carcelaria, por el que fue enviado a prisi\u00f3n el ex presidente del Consejo de la Judicatura,\u00a0<b>Wilman Ter\u00e1n<\/b>, quien a la fecha de los hechos investigados se desempe\u00f1aba como juez nacional, al igual que jueces, fiscales, funcionarios del Consejo de la Judicatura y del SNAI, abogados en libre ejercicio y otros. <strong>Fuente: Vistazo<\/strong><\/p>\n<\/div>\n","protected":false},"excerpt":{"rendered":"<p>La aparici\u00f3n de Adolfo Mac\u00edas Villamar, conocido como\u00a0alias &#8216;Fito&#8216;, l\u00edder de la banda terrorista &#8216;Los Choneros&#8216;, en una\u00a0clase\u00a0dirigida a polic\u00edas colombianos, gener\u00f3 controversia a finales de febrero de este a\u00f1o. Sin embargo,\u00a0Claudia Garz\u00f3n\u00a0Padilla, excomisionada de la pacificaci\u00f3n en las c\u00e1rceles de Ecuador, se pronunci\u00f3 recientemente para justificar este hecho. En un\u00a0video\u00a0difundido por Noticias Uno, de Colombia, qued\u00f3 en evidencia la cercan\u00eda entre Garz\u00f3n y &#8216;Fito&#8217;. En el audiovisual aparece la excomisionada impartiendo clases a los uniformados en compa\u00f1\u00eda del mencionado narcotraficante, quien ahora es uno de los\u00a0m\u00e1s buscados\u00a0en la regi\u00f3n. No obstante, seg\u00fan Garz\u00f3n este episodio no constituy\u00f3 una clase impartida directamente a los polic\u00edas colombianos, sino que fue grabado con el prop\u00f3sito de servir como material \u00abpedag\u00f3gico\u00ab. Adem\u00e1s, dijo que este recurso ha sido utilizado en diversas ocasiones, incluso con\u00a0uniformados de otros pa\u00edses\u00a0y en diferentes contextos de capacitaci\u00f3n en materia de seguridad. En el marco del D\u00eda Internacional de la Mujer, celebrado el viernes 8 de marzo, Claudia Garz\u00f3n aprovech\u00f3 la ocasi\u00f3n para abordar p\u00fablicamente el incidente relacionado con &#8216;Fito&#8217;. Explic\u00f3 que deseaba\u00a0salir del silencio\u00a0y compartir su experiencia, ya que ha sido objeto de injusticias. Durante dos a\u00f1os, y especialmente en los \u00faltimos d\u00edas, la colombiana dijo que ha enfrentado \u00abpersecuci\u00f3n\u00bb por levantar su voz y buscar la justicia. \u201dSigo siendo perseguida con un video que hice,\u00a0pedag\u00f3gico, con alias Fito. Un video que lo he utilizado con otros polic\u00edas hasta de otros pa\u00edses en otros escenarios tambi\u00e9n que capacito de seguridad, para hacer un\u00a0an\u00e1lisis\u00a0desde la psicolog\u00eda, criminolog\u00eda, anticipaci\u00f3n y prospectiva\u00a0de lo que piensa alguien con un perfil alto criminal\u00a0como \u00e9l, frente a la seguridad y frente al ser polic\u00eda. Aclaro que nunca hubo una clase directa. Fue un video que grab\u00e9 y que luego fue utilizado como un recurso y herramienta acad\u00e9mica\u201d, argument\u00f3 la excomisionada en un video. Vinculaci\u00f3n en Caso Met\u00e1stasis El mismo viernes 8 de marzo, la Fiscal\u00eda General del Estado tambi\u00e9n inform\u00f3 que ha solicitado fecha y hora para\u00a0vincular\u00a0a la instrucci\u00f3n fiscal del\u00a0caso Met\u00e1stasis\u00a0a trece personas, entre ellas Claudia Garz\u00f3n y el ex asamble\u00edsta Ronny Aleaga. La instituci\u00f3n asegur\u00f3 que cuenta con los elementos suficientes que hacen presumir su participaci\u00f3n en el delito de delincuencia organizada, en la causa en la que otras\u00a039 personas ya son procesadas. En diciembre de 2021, el ex presidente de la Rep\u00fablica, Guillermo Lasso, bajo el Decreto Ejecutivo N\u00b0 294, dispuso la conformaci\u00f3n de la \u201cComisi\u00f3n para el Di\u00e1logo Penitenciario y la Pacificaci\u00f3n\u201d. Con ello, se pretend\u00eda contribuir al desarrollo y aplicaci\u00f3n de estrategias -enfocadas en derechos humanos- para erradicar las muertes violentas en los centros de privaci\u00f3n de libertad en todo el pa\u00eds. La comisi\u00f3n estuvo conformada por un\u00a0equipo multidisciplinario\u00a0de nueve expertos nacionales e internacionales, entre ellos Garz\u00f3n. Lea tambi\u00e9n:\u00a0Casos Purga y Met\u00e1stasis abren nuevas pistas para esclarecer crimen de Fernando Villavicencio Tras asumir funciones en Ecuador, la experta en Criminolog\u00eda estableci\u00f3 una estrecha relaci\u00f3n con los\u00a0l\u00edderes\u00a0de bandas que controlaban los pabellones de la Penitenciar\u00eda, en Guayaquil. Incluso, el nombre de Garz\u00f3n fue motivo de controversia tras la difusi\u00f3n de un video en el que aparec\u00eda con el ex jefe narco, Leandro Norero. Frente a la vinculaci\u00f3n, Garz\u00f3n se pronunci\u00f3 nuevamente, este s\u00e1bado 9 de marzo, a trav\u00e9s de\u00a0otro video\u00a0\u00abante la noticia llena de misoginia hacia mi\u00bb. \u00abSigo luchando ante una persecuci\u00f3n atroz por liderar un proceso de pacificaci\u00f3n entre l\u00edderes de estructuras criminales en el Ecuador. Mi misi\u00f3n fue mitigar violencias y masacres en las c\u00e1rceles de ese pa\u00eds, y ahora soy perseguida\u00bb, se\u00f1al\u00f3 la excomisionada. A ra\u00edz del asesinato de\u00a0Leandro Norero,\u00a0en el Centro de Rehabilitaci\u00f3n Social de Cotopaxi en 2022, la Fiscal\u00eda obtuvo varias evidencias que fueron halladas en los celulares del fallecido, se\u00f1alado como l\u00edder de una organizaci\u00f3n delictiva dedicada al\u00a0narcotr\u00e1fico y al lavado de dinero. As\u00ed surgi\u00f3 el caso &#8216;Met\u00e1stasis&#8216; que destap\u00f3 una presunta gran trama de delincuencia organizada en la funci\u00f3n judicial, policial y carcelaria, por el que fue enviado a prisi\u00f3n el ex presidente del Consejo de la Judicatura,\u00a0Wilman Ter\u00e1n, quien a la fecha de los hechos investigados se desempe\u00f1aba como juez nacional, al igual que jueces, fiscales, funcionarios del Consejo de la Judicatura y del SNAI, abogados en libre ejercicio y otros. Fuente: Vistazo<\/p>\n","protected":false},"author":1,"featured_media":13904,"comment_status":"open","ping_status":"open","sticky":false,"template":"","format":"standard","meta":{"footnotes":""},"categories":[268],"tags":[],"class_list":["post-13903","post","type-post","status-publish","format-standard","has-post-thumbnail","hentry","category-nacionales"],"_links":{"self":[{"href":"https:\/\/www.elamazonico.com\/portal\/wp-json\/wp\/v2\/posts\/13903","targetHints":{"allow":["GET"]}}],"collection":[{"href":"https:\/\/www.elamazonico.com\/portal\/wp-json\/wp\/v2\/posts"}],"about":[{"href":"https:\/\/www.elamazonico.com\/portal\/wp-json\/wp\/v2\/types\/post"}],"author":[{"embeddable":true,"href":"https:\/\/www.elamazonico.com\/portal\/wp-json\/wp\/v2\/users\/1"}],"replies":[{"embeddable":true,"href":"https:\/\/www.elamazonico.com\/portal\/wp-json\/wp\/v2\/comments?post=13903"}],"version-history":[{"count":1,"href":"https:\/\/www.elamazonico.com\/portal\/wp-json\/wp\/v2\/posts\/13903\/revisions"}],"predecessor-version":[{"id":13905,"href":"https:\/\/www.elamazonico.com\/portal\/wp-json\/wp\/v2\/posts\/13903\/revisions\/13905"}],"wp:featuredmedia":[{"embeddable":true,"href":"https:\/\/www.elamazonico.com\/portal\/wp-json\/wp\/v2\/media\/13904"}],"wp:attachment":[{"href":"https:\/\/www.elamazonico.com\/portal\/wp-json\/wp\/v2\/media?parent=13903"}],"wp:term":[{"taxonomy":"category","embeddable":true,"href":"https:\/\/www.elamazonico.com\/portal\/wp-json\/wp\/v2\/categories?post=13903"},{"taxonomy":"post_tag","embeddable":true,"href":"https:\/\/www.elamazonico.com\/portal\/wp-json\/wp\/v2\/tags?post=13903"}],"curies":[{"name":"wp","href":"https:\/\/api.w.org\/{rel}","templated":true}]}}