{"id":1390,"date":"2021-10-18T05:06:55","date_gmt":"2021-10-18T10:06:55","guid":{"rendered":"https:\/\/www.elamazonico.com\/portal\/?p=1390"},"modified":"2021-10-18T05:06:58","modified_gmt":"2021-10-18T10:06:58","slug":"productores-de-zamora-intercambian-semillas-y-saberes-ancestrales","status":"publish","type":"post","link":"https:\/\/www.elamazonico.com\/portal\/productores-de-zamora-intercambian-semillas-y-saberes-ancestrales\/","title":{"rendered":"Productores de Zamora intercambian semillas y saberes ancestrales"},"content":{"rendered":"\n<p>Productores de siete organizaciones agropecuarias de la provincia de Zamora Chinchipe expusieron e intercambiaron saberes y semillas ancestrales, en la Feria de intercambio de semillas y di\u00e1logo de saberes ancestrales Zamora Chinchipe 2021.<\/p>\n\n\n\n<p>La feria la organiz\u00f3 el Ministerio de Agricultura y Ganader\u00eda (MAG), a trav\u00e9s de la Direcci\u00f3n Distrital de Zamora Chinchipe y la Subsecretar\u00eda de Agricultura Familiar Campesina, para que los productores incrementen su patrimonio gen\u00e9tico y fomenten el consumo de productos nativos.<\/p>\n\n\n\n<p>Adem\u00e1s, estas ferias dan la oportunidad de mostrar, comercializar e intercambiar peque\u00f1as cantidades de semillas nativas y tradicionales, as\u00ed como intercambiar las pr\u00e1cticas, saberes locales y el conocimiento de las variedades espec\u00edficas de semillas.<\/p>\n\n\n\n<p>Hugo Aldaz, presidente de la Asociaci\u00f3n de Producci\u00f3n Agr\u00edcola el Charapano (Asoagricha), indic\u00f3 que estos espacios sirven para conservar la agrobiodiversidad y mantener a la semilla como fuente de futuras plantas y alimentos.<\/p>\n\n\n\n<p>V\u00edctor Manuel Agreda, director Distrital, destac\u00f3 el trabajo que los productores realizan conjuntamente con los t\u00e9cnicos del MAG aplicando un modelo de producci\u00f3n diferenciado, que parte de las caracter\u00edsticas sociales, culturales, ambientales econ\u00f3micas propias de la Amazonia, con la finalidad de convertir estas actividades en agroproductivas sostenibles.<\/p>\n\n\n\n<p>Agreg\u00f3 que el posicionamiento de las ferias permitir\u00e1 recuperar la identidad de los productores con un fuerte potencial en pr\u00e1cticas de manejo y conservaci\u00f3n de semillas nativas y tradicionales. Tambi\u00e9n fue el escenario para la entrega de m\u00e1s de 100 t\u00edtulos de propiedad de tierras y de subvenciones para la producci\u00f3n agr\u00edcola y pecuaria como kits de laboratorio de bioinsumos, agroforestales, viveros y cercas el\u00e9ctricas, beneficiando a 10 asociaciones y 12 comunidades de aprendizaje<\/p>\n","protected":false},"excerpt":{"rendered":"<p>Productores de siete organizaciones agropecuarias de la provincia de Zamora Chinchipe expusieron e intercambiaron saberes y semillas ancestrales, en la Feria de intercambio de semillas y di\u00e1logo de saberes ancestrales Zamora Chinchipe 2021. La feria la organiz\u00f3 el Ministerio de Agricultura y Ganader\u00eda (MAG), a trav\u00e9s de la Direcci\u00f3n Distrital de Zamora Chinchipe y la Subsecretar\u00eda de Agricultura Familiar Campesina, para que los productores incrementen su patrimonio gen\u00e9tico y fomenten el consumo de productos nativos. Adem\u00e1s, estas ferias dan la oportunidad de mostrar, comercializar e intercambiar peque\u00f1as cantidades de semillas nativas y tradicionales, as\u00ed como intercambiar las pr\u00e1cticas, saberes locales y el conocimiento de las variedades espec\u00edficas de semillas. Hugo Aldaz, presidente de la Asociaci\u00f3n de Producci\u00f3n Agr\u00edcola el Charapano (Asoagricha), indic\u00f3 que estos espacios sirven para conservar la agrobiodiversidad y mantener a la semilla como fuente de futuras plantas y alimentos. V\u00edctor Manuel Agreda, director Distrital, destac\u00f3 el trabajo que los productores realizan conjuntamente con los t\u00e9cnicos del MAG aplicando un modelo de producci\u00f3n diferenciado, que parte de las caracter\u00edsticas sociales, culturales, ambientales econ\u00f3micas propias de la Amazonia, con la finalidad de convertir estas actividades en agroproductivas sostenibles. Agreg\u00f3 que el posicionamiento de las ferias permitir\u00e1 recuperar la identidad de los productores con un fuerte potencial en pr\u00e1cticas de manejo y conservaci\u00f3n de semillas nativas y tradicionales. Tambi\u00e9n fue el escenario para la entrega de m\u00e1s de 100 t\u00edtulos de propiedad de tierras y de subvenciones para la producci\u00f3n agr\u00edcola y pecuaria como kits de laboratorio de bioinsumos, agroforestales, viveros y cercas el\u00e9ctricas, beneficiando a 10 asociaciones y 12 comunidades de aprendizaje<\/p>\n","protected":false},"author":1,"featured_media":1391,"comment_status":"open","ping_status":"open","sticky":false,"template":"","format":"standard","meta":{"footnotes":""},"categories":[243],"tags":[],"class_list":["post-1390","post","type-post","status-publish","format-standard","has-post-thumbnail","hentry","category-noticias-zamora"],"_links":{"self":[{"href":"https:\/\/www.elamazonico.com\/portal\/wp-json\/wp\/v2\/posts\/1390","targetHints":{"allow":["GET"]}}],"collection":[{"href":"https:\/\/www.elamazonico.com\/portal\/wp-json\/wp\/v2\/posts"}],"about":[{"href":"https:\/\/www.elamazonico.com\/portal\/wp-json\/wp\/v2\/types\/post"}],"author":[{"embeddable":true,"href":"https:\/\/www.elamazonico.com\/portal\/wp-json\/wp\/v2\/users\/1"}],"replies":[{"embeddable":true,"href":"https:\/\/www.elamazonico.com\/portal\/wp-json\/wp\/v2\/comments?post=1390"}],"version-history":[{"count":1,"href":"https:\/\/www.elamazonico.com\/portal\/wp-json\/wp\/v2\/posts\/1390\/revisions"}],"predecessor-version":[{"id":1392,"href":"https:\/\/www.elamazonico.com\/portal\/wp-json\/wp\/v2\/posts\/1390\/revisions\/1392"}],"wp:featuredmedia":[{"embeddable":true,"href":"https:\/\/www.elamazonico.com\/portal\/wp-json\/wp\/v2\/media\/1391"}],"wp:attachment":[{"href":"https:\/\/www.elamazonico.com\/portal\/wp-json\/wp\/v2\/media?parent=1390"}],"wp:term":[{"taxonomy":"category","embeddable":true,"href":"https:\/\/www.elamazonico.com\/portal\/wp-json\/wp\/v2\/categories?post=1390"},{"taxonomy":"post_tag","embeddable":true,"href":"https:\/\/www.elamazonico.com\/portal\/wp-json\/wp\/v2\/tags?post=1390"}],"curies":[{"name":"wp","href":"https:\/\/api.w.org\/{rel}","templated":true}]}}