{"id":13897,"date":"2024-03-11T06:02:06","date_gmt":"2024-03-11T11:02:06","guid":{"rendered":"https:\/\/www.elamazonico.comportal\/?p=13897"},"modified":"2024-03-11T06:02:06","modified_gmt":"2024-03-11T11:02:06","slug":"15-mil-estudiantes-reciben-su-titulo-de-bachiller-en-la-zona-7","status":"publish","type":"post","link":"https:\/\/www.elamazonico.com\/portal\/15-mil-estudiantes-reciben-su-titulo-de-bachiller-en-la-zona-7\/","title":{"rendered":"15 mil estudiantes reciben su t\u00edtulo de bachiller  en la Zona 7"},"content":{"rendered":"<p><em>En la Zonal 7 se efectuaron ceremonias de graduaci\u00f3n del r\u00e9gimen Costa \u2013 Gal\u00e1pagos para los nuevos bachilleres del periodo lectivo 2023-2024 <\/em><\/p>\n<p>En la Zonal 7 los j\u00f3venes estudiantes est\u00e1n cumpliendo con el logro acad\u00e9mico al recibir sus t\u00edtulos que los acredita como Bachilleres de la Rep\u00fablica. Esto demuestra el resultado del esfuerzo y dedicaci\u00f3n en el actual periodo acad\u00e9mico 2023-2024 del r\u00e9gimen Costa \u2013 Gal\u00e1pagos.<\/p>\n<p>Un total de 15 mil estudiantes de todos los sostenimientos participar\u00e1n de este destacado logro acad\u00e9mico. En la provincia de El Oro, 12 mil estudiantes se incorporan como nuevos bachilleres y en la provincia de Loja un total de 3 mil estudiantes culminan sus estudios.<\/p>\n<p>Franco Gonz\u00e1lez, rector de la Unidad Educativa Eloy Alfaro, felicit\u00f3 a los estudiantes por la meta alcanzada. \u201cVamos a despedirles con mucha nostalgia, este mensaje para ustedes queridos j\u00f3venes que son los homenajeados, agradecerles por el tiempo que han estado con nosotros, por el tiempo que han compartido en estas aulas, en esta instituci\u00f3n\u201d.<\/p>\n<p>Steeven Pardo, mejor egresado de la promoci\u00f3n 2023- 2024 de la Unidad Educativa Eloy Alfaro, expres\u00f3 sus palabras de agradecimiento a los docentes y a sus padres por el apoyo brindado durante su etapa de colegio. \u201cQuiero dejar sentado mi agradecimiento a la instituci\u00f3n y los licenciados por cada clase, cada mensaje, cada ense\u00f1anza, gracias a esos conocimientos que nos impartieron, hoy son testigos del fruto que han sembrado\u201d.<\/p>\n<p>En el Colegio de Bachillerato Dr. Camilo Gallegos Dom\u00ednguez, perteneciente a la provincia de El Oro, se desarroll\u00f3 la ceremonia de graduaci\u00f3n en compa\u00f1\u00eda de autoridades, directivos, padres de familia y comunidad en general, en la cual se entregaron equipos tecnol\u00f3gicos como computadores a los mejores estudiantes por parte del Municipio de Arenillas.<\/p>\n<p>La estudiante Anah\u00ed Viteri, en nombre de los graduados, dijo sentirse muy conmovida en este d\u00eda especial. \u201cParece que fuera ayer cuando entr\u00e1bamos por primera vez por aquel port\u00f3n de nuestro colegio. No podemos olvidar los dos a\u00f1os de pandemia donde tuvimos que encontrarnos con la virtualidad, pero hoy nuestros sue\u00f1os se ven cumplidos\u201d.<\/p>\n<p>Esta cartera de Estado mantiene y ampl\u00eda sus estrategias a favor del acceso y la culminaci\u00f3n de los estudios para todos en cualquier momento y circunstancia.<\/p>\n","protected":false},"excerpt":{"rendered":"<p>En la Zonal 7 se efectuaron ceremonias de graduaci\u00f3n del r\u00e9gimen Costa \u2013 Gal\u00e1pagos para los nuevos bachilleres del periodo lectivo 2023-2024 En la Zonal 7 los j\u00f3venes estudiantes est\u00e1n cumpliendo con el logro acad\u00e9mico al recibir sus t\u00edtulos que los acredita como Bachilleres de la Rep\u00fablica. Esto demuestra el resultado del esfuerzo y dedicaci\u00f3n en el actual periodo acad\u00e9mico 2023-2024 del r\u00e9gimen Costa \u2013 Gal\u00e1pagos. Un total de 15 mil estudiantes de todos los sostenimientos participar\u00e1n de este destacado logro acad\u00e9mico. En la provincia de El Oro, 12 mil estudiantes se incorporan como nuevos bachilleres y en la provincia de Loja un total de 3 mil estudiantes culminan sus estudios. Franco Gonz\u00e1lez, rector de la Unidad Educativa Eloy Alfaro, felicit\u00f3 a los estudiantes por la meta alcanzada. \u201cVamos a despedirles con mucha nostalgia, este mensaje para ustedes queridos j\u00f3venes que son los homenajeados, agradecerles por el tiempo que han estado con nosotros, por el tiempo que han compartido en estas aulas, en esta instituci\u00f3n\u201d. Steeven Pardo, mejor egresado de la promoci\u00f3n 2023- 2024 de la Unidad Educativa Eloy Alfaro, expres\u00f3 sus palabras de agradecimiento a los docentes y a sus padres por el apoyo brindado durante su etapa de colegio. \u201cQuiero dejar sentado mi agradecimiento a la instituci\u00f3n y los licenciados por cada clase, cada mensaje, cada ense\u00f1anza, gracias a esos conocimientos que nos impartieron, hoy son testigos del fruto que han sembrado\u201d. En el Colegio de Bachillerato Dr. Camilo Gallegos Dom\u00ednguez, perteneciente a la provincia de El Oro, se desarroll\u00f3 la ceremonia de graduaci\u00f3n en compa\u00f1\u00eda de autoridades, directivos, padres de familia y comunidad en general, en la cual se entregaron equipos tecnol\u00f3gicos como computadores a los mejores estudiantes por parte del Municipio de Arenillas. La estudiante Anah\u00ed Viteri, en nombre de los graduados, dijo sentirse muy conmovida en este d\u00eda especial. \u201cParece que fuera ayer cuando entr\u00e1bamos por primera vez por aquel port\u00f3n de nuestro colegio. No podemos olvidar los dos a\u00f1os de pandemia donde tuvimos que encontrarnos con la virtualidad, pero hoy nuestros sue\u00f1os se ven cumplidos\u201d. Esta cartera de Estado mantiene y ampl\u00eda sus estrategias a favor del acceso y la culminaci\u00f3n de los estudios para todos en cualquier momento y circunstancia.<\/p>\n","protected":false},"author":1,"featured_media":13898,"comment_status":"open","ping_status":"open","sticky":false,"template":"","format":"standard","meta":{"footnotes":""},"categories":[284],"tags":[],"class_list":["post-13897","post","type-post","status-publish","format-standard","has-post-thumbnail","hentry","category-noticias-loja"],"_links":{"self":[{"href":"https:\/\/www.elamazonico.com\/portal\/wp-json\/wp\/v2\/posts\/13897","targetHints":{"allow":["GET"]}}],"collection":[{"href":"https:\/\/www.elamazonico.com\/portal\/wp-json\/wp\/v2\/posts"}],"about":[{"href":"https:\/\/www.elamazonico.com\/portal\/wp-json\/wp\/v2\/types\/post"}],"author":[{"embeddable":true,"href":"https:\/\/www.elamazonico.com\/portal\/wp-json\/wp\/v2\/users\/1"}],"replies":[{"embeddable":true,"href":"https:\/\/www.elamazonico.com\/portal\/wp-json\/wp\/v2\/comments?post=13897"}],"version-history":[{"count":1,"href":"https:\/\/www.elamazonico.com\/portal\/wp-json\/wp\/v2\/posts\/13897\/revisions"}],"predecessor-version":[{"id":13899,"href":"https:\/\/www.elamazonico.com\/portal\/wp-json\/wp\/v2\/posts\/13897\/revisions\/13899"}],"wp:featuredmedia":[{"embeddable":true,"href":"https:\/\/www.elamazonico.com\/portal\/wp-json\/wp\/v2\/media\/13898"}],"wp:attachment":[{"href":"https:\/\/www.elamazonico.com\/portal\/wp-json\/wp\/v2\/media?parent=13897"}],"wp:term":[{"taxonomy":"category","embeddable":true,"href":"https:\/\/www.elamazonico.com\/portal\/wp-json\/wp\/v2\/categories?post=13897"},{"taxonomy":"post_tag","embeddable":true,"href":"https:\/\/www.elamazonico.com\/portal\/wp-json\/wp\/v2\/tags?post=13897"}],"curies":[{"name":"wp","href":"https:\/\/api.w.org\/{rel}","templated":true}]}}