{"id":13885,"date":"2024-03-10T08:39:59","date_gmt":"2024-03-10T13:39:59","guid":{"rendered":"https:\/\/www.elamazonico.comportal\/?p=13885"},"modified":"2024-03-10T08:39:59","modified_gmt":"2024-03-10T13:39:59","slug":"una-avioneta-cayo-cerca-del-rio-upano-y-deja-cuatro-heridos-en-morona-santiago","status":"publish","type":"post","link":"https:\/\/www.elamazonico.com\/portal\/una-avioneta-cayo-cerca-del-rio-upano-y-deja-cuatro-heridos-en-morona-santiago\/","title":{"rendered":"Una avioneta cay\u00f3 cerca del r\u00edo Upano y deja cuatro heridos en Morona Santiago"},"content":{"rendered":"<p class=\"p_0\">Una avioneta se estrell\u00f3 cerca del\u00a0<b><a href=\"https:\/\/www.vistazo.com\/cronologia\/-\/meta\/rio-upano\" target=\"_blank\" rel=\"noopener noreferrer\">r\u00edo Upano<\/a><\/b>, en la parroquia\u00a0<b>R\u00edo Blanco,<\/b>\u00a0en la ciudad de<b>\u00a0Macas<\/b>, provincia de Morona Santiago la noche del viernes 8 de marzo de 2024. A bordo viajaban\u00a0<b>cuatro personas\u00a0<\/b>que resultaron heridas en el accidente.<\/p>\n<p class=\"p_1\">De acuerdo con informaci\u00f3n recabada por el ECU-911, la aeronave de modelo Cessna C-206 hab\u00eda despegado\u00a0<b>desde la comunidad de Tzapapen y tuvo que realizar un aterrizaje de emergencia<\/b>\u00a0para salvaguardar la vida de los pasajeros. La aeronave deb\u00eda aterrizar en el aeropuerto regional\u00a0<b>\u201cCoronel Edmundo Carvajal\u00bb<\/b>, en Macas.<\/p>\n<div class=\"multimediaMacroWrapper img lateral\">\n<figure class=\"contentMedia art-img\">\n<div><img fetchpriority=\"high\" decoding=\"async\" class=\" lazyloaded\" title=\"Una avioneta cay\u00f3 cerca del r\u00edo Upano y deja cuatro heridos en Morona Santiago\" src=\"https:\/\/www.vistazo.com\/placeholder\/svg\/viewbox\/768x576\" sizes=\"100vw\" srcset=\"\/\/www.vistazo.com\/binrepository\/768x576\/0c0\/0d0\/none\/12727\/RPYP\/avioneta-rio-upano-vistazo_1415890_20240309120708.jpg 768w,\/\/www.vistazo.com\/binrepository\/640x480\/0c0\/0d0\/none\/12727\/RPYO\/avioneta-rio-upano-vistazo_1415890_20240309120708.jpg 640w,\/\/www.vistazo.com\/binrepository\/512x384\/0c0\/0d0\/none\/12727\/RPYT\/avioneta-rio-upano-vistazo_1415890_20240309120708.jpg 512w,\/\/www.vistazo.com\/binrepository\/384x288\/0c0\/0d0\/none\/12727\/RPYP\/avioneta-rio-upano-vistazo_1415890_20240309120708.jpg 384w,\/\/www.vistazo.com\/binrepository\/300x225\/0c0\/0d0\/none\/12727\/RPYG\/avioneta-rio-upano-vistazo_1415890_20240309120708.jpg 300w\" alt=\"$!Una avioneta cay\u00f3 cerca del r\u00edo Upano y deja cuatro heridos en Morona Santiago\" width=\"768\" height=\"576\" data-srcset=\"\/\/www.vistazo.com\/binrepository\/768x576\/0c0\/0d0\/none\/12727\/RPYP\/avioneta-rio-upano-vistazo_1415890_20240309120708.jpg 768w,\/\/www.vistazo.com\/binrepository\/640x480\/0c0\/0d0\/none\/12727\/RPYO\/avioneta-rio-upano-vistazo_1415890_20240309120708.jpg 640w,\/\/www.vistazo.com\/binrepository\/512x384\/0c0\/0d0\/none\/12727\/RPYT\/avioneta-rio-upano-vistazo_1415890_20240309120708.jpg 512w,\/\/www.vistazo.com\/binrepository\/384x288\/0c0\/0d0\/none\/12727\/RPYP\/avioneta-rio-upano-vistazo_1415890_20240309120708.jpg 384w,\/\/www.vistazo.com\/binrepository\/300x225\/0c0\/0d0\/none\/12727\/RPYG\/avioneta-rio-upano-vistazo_1415890_20240309120708.jpg 300w\" \/><\/div>\n<\/figure>\n<\/div>\n<div class=\"paragraph texto\">\n<p class=\"p_2\">Las autoridades aeroportuarias hab\u00edan informado la noche del 8 de marzo de\u00a0<b>la p\u00e9rdida de comunicaci\u00f3n con la avioneta<\/b>\u00a0a la altura de la localidad de\u00a0<b>R\u00edo Blanco<\/b>, en el cant\u00f3n Morona, por lo que el ECU-911 levant\u00f3 la alerta de emergencia y la coordin\u00f3 con personal del Ministerio Salud, el Cuerpo de Bomberos y la Polic\u00eda.<\/p>\n<p class=\"p_3\">Los heridos,\u00a0<b>cuatro hombres de 22, 32, 38 y 73 a\u00f1os<\/b>, fueron trasladados por miembros del Cuerpo de Bomberos al Hospital General Macas, tras ser rescatados de la avioneta. Todos ser\u00e1n sometidos a estudios para determinar su condici\u00f3n m\u00e9dica, agreg\u00f3 la fuente citada por EFE.<\/p>\n<\/div>\n<div class=\"multimediaMacroWrapper img lateral\">\n<figure class=\"contentMedia art-img\">\n<div><img decoding=\"async\" class=\" lazyloaded\" title=\"Los heridos fueron trasladados por miembros del Cuerpo de Bomberos al Hospital General Macas.\" src=\"https:\/\/www.vistazo.com\/placeholder\/svg\/viewbox\/768x1024\" sizes=\"100vw\" srcset=\"\/\/www.vistazo.com\/binrepository\/768x1024\/0c0\/0d0\/none\/12727\/XOWR\/avioneta-rio-upano-vistazo1_1415893_20240309121001.jpg 768w,\/\/www.vistazo.com\/binrepository\/640x853\/0c0\/0d0\/none\/12727\/XOWM\/avioneta-rio-upano-vistazo1_1415893_20240309121001.jpg 640w,\/\/www.vistazo.com\/binrepository\/512x683\/0c0\/0d0\/none\/12727\/XOWL\/avioneta-rio-upano-vistazo1_1415893_20240309121001.jpg 512w,\/\/www.vistazo.com\/binrepository\/384x512\/0c0\/0d0\/none\/12727\/XOWJ\/avioneta-rio-upano-vistazo1_1415893_20240309121001.jpg 384w,\/\/www.vistazo.com\/binrepository\/300x400\/0c0\/0d0\/none\/12727\/XOWH\/avioneta-rio-upano-vistazo1_1415893_20240309121001.jpg 300w\" alt=\"$!Los heridos fueron trasladados por miembros del Cuerpo de Bomberos al Hospital General Macas.\" width=\"768\" height=\"1024\" data-srcset=\"\/\/www.vistazo.com\/binrepository\/768x1024\/0c0\/0d0\/none\/12727\/XOWR\/avioneta-rio-upano-vistazo1_1415893_20240309121001.jpg 768w,\/\/www.vistazo.com\/binrepository\/640x853\/0c0\/0d0\/none\/12727\/XOWM\/avioneta-rio-upano-vistazo1_1415893_20240309121001.jpg 640w,\/\/www.vistazo.com\/binrepository\/512x683\/0c0\/0d0\/none\/12727\/XOWL\/avioneta-rio-upano-vistazo1_1415893_20240309121001.jpg 512w,\/\/www.vistazo.com\/binrepository\/384x512\/0c0\/0d0\/none\/12727\/XOWJ\/avioneta-rio-upano-vistazo1_1415893_20240309121001.jpg 384w,\/\/www.vistazo.com\/binrepository\/300x400\/0c0\/0d0\/none\/12727\/XOWH\/avioneta-rio-upano-vistazo1_1415893_20240309121001.jpg 300w\" \/><\/div>\n<div class=\"cutline-byline\"><span class=\"cutline-text\">Los heridos fueron trasladados por miembros del Cuerpo de Bomberos al Hospital General Macas.<\/span>\u00a0<span class=\"byline-image\">(X @teleramaecuador)<\/span><\/div>\n<\/figure>\n<\/div>\n<div class=\"paragraph texto\">\n<p class=\"p_4\">La avioneta cubr\u00eda la ruta entre la localidad de\u00a0<b>Wasakentsa y Macas<\/b>\u00a0cuando tuvo que efectuar el aterrizaje forzoso por razones que a\u00fan se investigan, a\u00f1adi\u00f3 el ECU-911.<\/p>\n<p class=\"p_5\">Las avionetas tipo Cessna y otras de ese tipo\u00a0<b>suelen cubrir las rutas internas en la Amazon\u00eda ecuatoriana,<\/b> especialmente entre comunidades campesinas e ind\u00edgenas que habitan en zonas de dif\u00edcil acceso en la selva. <strong>Fuente: Vistazo<\/strong><\/p>\n<\/div>\n","protected":false},"excerpt":{"rendered":"<p>Una avioneta se estrell\u00f3 cerca del\u00a0r\u00edo Upano, en la parroquia\u00a0R\u00edo Blanco,\u00a0en la ciudad de\u00a0Macas, provincia de Morona Santiago la noche del viernes 8 de marzo de 2024. A bordo viajaban\u00a0cuatro personas\u00a0que resultaron heridas en el accidente. De acuerdo con informaci\u00f3n recabada por el ECU-911, la aeronave de modelo Cessna C-206 hab\u00eda despegado\u00a0desde la comunidad de Tzapapen y tuvo que realizar un aterrizaje de emergencia\u00a0para salvaguardar la vida de los pasajeros. La aeronave deb\u00eda aterrizar en el aeropuerto regional\u00a0\u201cCoronel Edmundo Carvajal\u00bb, en Macas. Las autoridades aeroportuarias hab\u00edan informado la noche del 8 de marzo de\u00a0la p\u00e9rdida de comunicaci\u00f3n con la avioneta\u00a0a la altura de la localidad de\u00a0R\u00edo Blanco, en el cant\u00f3n Morona, por lo que el ECU-911 levant\u00f3 la alerta de emergencia y la coordin\u00f3 con personal del Ministerio Salud, el Cuerpo de Bomberos y la Polic\u00eda. Los heridos,\u00a0cuatro hombres de 22, 32, 38 y 73 a\u00f1os, fueron trasladados por miembros del Cuerpo de Bomberos al Hospital General Macas, tras ser rescatados de la avioneta. Todos ser\u00e1n sometidos a estudios para determinar su condici\u00f3n m\u00e9dica, agreg\u00f3 la fuente citada por EFE. Los heridos fueron trasladados por miembros del Cuerpo de Bomberos al Hospital General Macas.\u00a0(X @teleramaecuador) La avioneta cubr\u00eda la ruta entre la localidad de\u00a0Wasakentsa y Macas\u00a0cuando tuvo que efectuar el aterrizaje forzoso por razones que a\u00fan se investigan, a\u00f1adi\u00f3 el ECU-911. Las avionetas tipo Cessna y otras de ese tipo\u00a0suelen cubrir las rutas internas en la Amazon\u00eda ecuatoriana, especialmente entre comunidades campesinas e ind\u00edgenas que habitan en zonas de dif\u00edcil acceso en la selva. Fuente: Vistazo<\/p>\n","protected":false},"author":1,"featured_media":13886,"comment_status":"open","ping_status":"open","sticky":false,"template":"","format":"standard","meta":{"footnotes":""},"categories":[268],"tags":[],"class_list":["post-13885","post","type-post","status-publish","format-standard","has-post-thumbnail","hentry","category-nacionales"],"_links":{"self":[{"href":"https:\/\/www.elamazonico.com\/portal\/wp-json\/wp\/v2\/posts\/13885","targetHints":{"allow":["GET"]}}],"collection":[{"href":"https:\/\/www.elamazonico.com\/portal\/wp-json\/wp\/v2\/posts"}],"about":[{"href":"https:\/\/www.elamazonico.com\/portal\/wp-json\/wp\/v2\/types\/post"}],"author":[{"embeddable":true,"href":"https:\/\/www.elamazonico.com\/portal\/wp-json\/wp\/v2\/users\/1"}],"replies":[{"embeddable":true,"href":"https:\/\/www.elamazonico.com\/portal\/wp-json\/wp\/v2\/comments?post=13885"}],"version-history":[{"count":1,"href":"https:\/\/www.elamazonico.com\/portal\/wp-json\/wp\/v2\/posts\/13885\/revisions"}],"predecessor-version":[{"id":13887,"href":"https:\/\/www.elamazonico.com\/portal\/wp-json\/wp\/v2\/posts\/13885\/revisions\/13887"}],"wp:featuredmedia":[{"embeddable":true,"href":"https:\/\/www.elamazonico.com\/portal\/wp-json\/wp\/v2\/media\/13886"}],"wp:attachment":[{"href":"https:\/\/www.elamazonico.com\/portal\/wp-json\/wp\/v2\/media?parent=13885"}],"wp:term":[{"taxonomy":"category","embeddable":true,"href":"https:\/\/www.elamazonico.com\/portal\/wp-json\/wp\/v2\/categories?post=13885"},{"taxonomy":"post_tag","embeddable":true,"href":"https:\/\/www.elamazonico.com\/portal\/wp-json\/wp\/v2\/tags?post=13885"}],"curies":[{"name":"wp","href":"https:\/\/api.w.org\/{rel}","templated":true}]}}