{"id":13854,"date":"2024-03-07T05:02:48","date_gmt":"2024-03-07T10:02:48","guid":{"rendered":"https:\/\/www.elamazonico.com\/portal\/?p=13854"},"modified":"2024-03-07T05:02:48","modified_gmt":"2024-03-07T10:02:48","slug":"fmi-ve-probable-que-ecuador-tenga-dos-programas-de-credito-a-la-par","status":"publish","type":"post","link":"https:\/\/www.elamazonico.com\/portal\/fmi-ve-probable-que-ecuador-tenga-dos-programas-de-credito-a-la-par\/","title":{"rendered":"FMI ve probable que Ecuador tenga dos programas de cr\u00e9dito \u00aba la par\u00bb"},"content":{"rendered":"<p>El director del hemisferio occidental del Fondo Monetario Internacional (FMI), Rodrigo Vald\u00e9s, dijo que en \u00ablas pr\u00f3ximas semanas\u00bb est\u00e1 previsto que comiencen las negociaciones formales con el gobierno de Daniel Noboa para un nuevo programa de cr\u00e9dito.<\/p>\n<p>\u00abNo estamos todav\u00eda negociando formalmente&#8230;Estamos en este momento preparando la negociaci\u00f3n, que suceder\u00e1 en las pr\u00f3ximas semanas \u00ab, dijo durante una charla sobre las perspectivas econ\u00f3micas para Am\u00e9rica, realizada el 6 de marzo de 2024 por la consultora Pr\u00f3fitas.<\/p>\n<p>Seg\u00fan Vald\u00e9s, \u00ablo m\u00e1s probable\u00bb es que la negociaci\u00f3n con Ecuador sea para concretar un acuerdo de Servicio Ampliado del FMI (SAF). El \u00faltimo programa que tuvo Ecuador con el multilateral fue tambi\u00e9n de este tipo, y culmin\u00f3 en diciembre de 2022, en el gobierno de Guillermo Lasso.<\/p>\n<p>El director del FMI a\u00f1adi\u00f3 que el acuerdo ser\u00eda de tipo SAF debido a la situaci\u00f3n econ\u00f3mica de Ecuador. \u00abEsto no es un shock, es una cuesti\u00f3n mucho m\u00e1s estructural\u00bb, dijo.<\/p>\n<p>\u00abEsto no es un shock, es una cuesti\u00f3n mucho m\u00e1s estructural\u00bb Rodrigo Vald\u00e9s<\/p>\n<p>Vald\u00e9s tambi\u00e9n explic\u00f3 que Ecuador podr\u00eda, incluso, tener otro cr\u00e9dito del FMI, a la par del programa SAF, a trav\u00e9s de una nueva l\u00ednea de cr\u00e9dito del multilateral conocida como Servicio de Resiliencia y Sostenibilidad (RSF por sus siglas en ingl\u00e9s).<\/p>\n<p>\u00abEs m\u00e1s acotada en dinero, pero est\u00e1 alineado a proyectos de resiliencia&#8230; el tope m\u00e1ximo es un bill\u00f3n de d\u00f3lares (USD 1.000 millones)\u00bb, dijo.<\/p>\n<p>El FMI aprueba esta nueva l\u00ednea de cr\u00e9dito siempre que el pa\u00eds ya tenga otro programa de financiamiento en marcha.<\/p>\n<p>\u00abSi este primer programa (SAF, ndr) se logra firmar, y funciona bien, podemos considerar un programa RSF adicional m\u00e1s adelante\u00bb, dijo. <strong>Fuente: Primicias<\/strong><\/p>\n","protected":false},"excerpt":{"rendered":"<p>El director del hemisferio occidental del Fondo Monetario Internacional (FMI), Rodrigo Vald\u00e9s, dijo que en \u00ablas pr\u00f3ximas semanas\u00bb est\u00e1 previsto que comiencen las negociaciones formales con el gobierno de Daniel Noboa para un nuevo programa de cr\u00e9dito. \u00abNo estamos todav\u00eda negociando formalmente&#8230;Estamos en este momento preparando la negociaci\u00f3n, que suceder\u00e1 en las pr\u00f3ximas semanas \u00ab, dijo durante una charla sobre las perspectivas econ\u00f3micas para Am\u00e9rica, realizada el 6 de marzo de 2024 por la consultora Pr\u00f3fitas. Seg\u00fan Vald\u00e9s, \u00ablo m\u00e1s probable\u00bb es que la negociaci\u00f3n con Ecuador sea para concretar un acuerdo de Servicio Ampliado del FMI (SAF). El \u00faltimo programa que tuvo Ecuador con el multilateral fue tambi\u00e9n de este tipo, y culmin\u00f3 en diciembre de 2022, en el gobierno de Guillermo Lasso. El director del FMI a\u00f1adi\u00f3 que el acuerdo ser\u00eda de tipo SAF debido a la situaci\u00f3n econ\u00f3mica de Ecuador. \u00abEsto no es un shock, es una cuesti\u00f3n mucho m\u00e1s estructural\u00bb, dijo. \u00abEsto no es un shock, es una cuesti\u00f3n mucho m\u00e1s estructural\u00bb Rodrigo Vald\u00e9s Vald\u00e9s tambi\u00e9n explic\u00f3 que Ecuador podr\u00eda, incluso, tener otro cr\u00e9dito del FMI, a la par del programa SAF, a trav\u00e9s de una nueva l\u00ednea de cr\u00e9dito del multilateral conocida como Servicio de Resiliencia y Sostenibilidad (RSF por sus siglas en ingl\u00e9s). \u00abEs m\u00e1s acotada en dinero, pero est\u00e1 alineado a proyectos de resiliencia&#8230; el tope m\u00e1ximo es un bill\u00f3n de d\u00f3lares (USD 1.000 millones)\u00bb, dijo. El FMI aprueba esta nueva l\u00ednea de cr\u00e9dito siempre que el pa\u00eds ya tenga otro programa de financiamiento en marcha. \u00abSi este primer programa (SAF, ndr) se logra firmar, y funciona bien, podemos considerar un programa RSF adicional m\u00e1s adelante\u00bb, dijo. Fuente: Primicias<\/p>\n","protected":false},"author":1,"featured_media":13855,"comment_status":"open","ping_status":"open","sticky":false,"template":"","format":"standard","meta":{"footnotes":""},"categories":[268],"tags":[],"class_list":["post-13854","post","type-post","status-publish","format-standard","has-post-thumbnail","hentry","category-nacionales"],"_links":{"self":[{"href":"https:\/\/www.elamazonico.com\/portal\/wp-json\/wp\/v2\/posts\/13854","targetHints":{"allow":["GET"]}}],"collection":[{"href":"https:\/\/www.elamazonico.com\/portal\/wp-json\/wp\/v2\/posts"}],"about":[{"href":"https:\/\/www.elamazonico.com\/portal\/wp-json\/wp\/v2\/types\/post"}],"author":[{"embeddable":true,"href":"https:\/\/www.elamazonico.com\/portal\/wp-json\/wp\/v2\/users\/1"}],"replies":[{"embeddable":true,"href":"https:\/\/www.elamazonico.com\/portal\/wp-json\/wp\/v2\/comments?post=13854"}],"version-history":[{"count":2,"href":"https:\/\/www.elamazonico.com\/portal\/wp-json\/wp\/v2\/posts\/13854\/revisions"}],"predecessor-version":[{"id":13857,"href":"https:\/\/www.elamazonico.com\/portal\/wp-json\/wp\/v2\/posts\/13854\/revisions\/13857"}],"wp:featuredmedia":[{"embeddable":true,"href":"https:\/\/www.elamazonico.com\/portal\/wp-json\/wp\/v2\/media\/13855"}],"wp:attachment":[{"href":"https:\/\/www.elamazonico.com\/portal\/wp-json\/wp\/v2\/media?parent=13854"}],"wp:term":[{"taxonomy":"category","embeddable":true,"href":"https:\/\/www.elamazonico.com\/portal\/wp-json\/wp\/v2\/categories?post=13854"},{"taxonomy":"post_tag","embeddable":true,"href":"https:\/\/www.elamazonico.com\/portal\/wp-json\/wp\/v2\/tags?post=13854"}],"curies":[{"name":"wp","href":"https:\/\/api.w.org\/{rel}","templated":true}]}}