{"id":13848,"date":"2024-03-07T04:49:58","date_gmt":"2024-03-07T09:49:58","guid":{"rendered":"https:\/\/www.elamazonico.com\/portal\/?p=13848"},"modified":"2024-03-07T04:49:58","modified_gmt":"2024-03-07T09:49:58","slug":"colegio-sek-guayaquil-una-segunda-joven-habria-sido-violada-por-uno-de-los-implicados-en-punta-cana","status":"publish","type":"post","link":"https:\/\/www.elamazonico.com\/portal\/colegio-sek-guayaquil-una-segunda-joven-habria-sido-violada-por-uno-de-los-implicados-en-punta-cana\/","title":{"rendered":"Colegio SEK Guayaquil: Una segunda joven habr\u00eda sido violada por uno de los implicados en Punta Cana"},"content":{"rendered":"<p class=\"p_0\"><b>En medio de la investigaci\u00f3n por la denuncia de violaci\u00f3n cometida contra una estudiante del Colegio SEK de Guayaquil, el abogado Fernando Rosero asegur\u00f3 que una segunda joven fue abusada sexualmente por uno de los tres alumnos de la misma instituci\u00f3n se\u00f1alados como agresores.<\/b><\/p>\n<p class=\"p_1\">En una entrevista para el medio Radio Centro, el letrado se refiri\u00f3 al caso, ocurrido en medio de un\u00a0<b>viaje organizado<\/b>\u00a0por personas externas al plantel educativo a\u00a0<b>Punta Cana<\/b>, una ciudad caribe\u00f1a de Rep\u00fablica Dominicana, para festejar el hecho de que los implicados estaban<b>\u00a0pr\u00f3ximos a graduarse<\/b>, a finales de noviembre del 2023.<\/p>\n<p class=\"p_2\">Inicialmente se hab\u00eda difundido que\u00a0<b>solo una joven fue v\u00edctima del episodio de violencia denunciado<\/b>. Seg\u00fan sostiene su defensa, la primera en ser considerada como afectada fue<b>\u00a0citada en un restaurante del hotel<\/b>. Luego le dieron una\u00a0<b>bebida contaminada con una sustancia estupefaciente<\/b>, la cual provoc\u00f3 que se desmaye.<\/p>\n<div class=\"paragraph texto\">\n<p class=\"p_3\">Posteriormente, seg\u00fan la acusaci\u00f3n, los involucrados la\u00a0<b>condujeron a la habitaci\u00f3n<\/b>\u00a0de uno de ellos y participado en su\u00a0<b>violaci\u00f3n<\/b>.<\/p>\n<p class=\"p_4\">Este jueves, d\u00edas despu\u00e9s de que el caso se dio a conocer p\u00fablicamente en Ecuador, a inicios de marzo, Rosero, defensa de la estudiante cuyo presunto abuso fue reportado inicialmente,\u00a0<b>asegur\u00f3 que hay una segunda v\u00edctima.<\/b><\/p>\n<p class=\"p_5\">\u00abUno de ellos ya viendo que hab\u00eda entrado su amiguito a perpetrar el delito de violaci\u00f3n, sale igualmente y entra furtivamente al subirse a un escal\u00f3n m\u00e1s all\u00e1 y\u00a0<b>empuja la ventana de la suite que ocupaba otra compa\u00f1era y procede a violarla<\/b>\u00ab, indica el letrado.<\/p>\n<p class=\"p_6\">\u00abHay dos violaciones (&#8230;) Reci\u00e9n me enter\u00f3 el d\u00eda de ayer porque<b>\u00a0los padres por verg\u00fcenza no hab\u00edan hecho p\u00fablico este caso.\u00a0<\/b>Hab\u00edan guardado silencio porque realmente aqu\u00ed se estigmatizan mucho estos hechos\u00bb, acota el abogado. Fuente: Vistazo<\/p>\n<\/div>\n<div><\/div>\n","protected":false},"excerpt":{"rendered":"<p>En medio de la investigaci\u00f3n por la denuncia de violaci\u00f3n cometida contra una estudiante del Colegio SEK de Guayaquil, el abogado Fernando Rosero asegur\u00f3 que una segunda joven fue abusada sexualmente por uno de los tres alumnos de la misma instituci\u00f3n se\u00f1alados como agresores. En una entrevista para el medio Radio Centro, el letrado se refiri\u00f3 al caso, ocurrido en medio de un\u00a0viaje organizado\u00a0por personas externas al plantel educativo a\u00a0Punta Cana, una ciudad caribe\u00f1a de Rep\u00fablica Dominicana, para festejar el hecho de que los implicados estaban\u00a0pr\u00f3ximos a graduarse, a finales de noviembre del 2023. Inicialmente se hab\u00eda difundido que\u00a0solo una joven fue v\u00edctima del episodio de violencia denunciado. Seg\u00fan sostiene su defensa, la primera en ser considerada como afectada fue\u00a0citada en un restaurante del hotel. Luego le dieron una\u00a0bebida contaminada con una sustancia estupefaciente, la cual provoc\u00f3 que se desmaye. Posteriormente, seg\u00fan la acusaci\u00f3n, los involucrados la\u00a0condujeron a la habitaci\u00f3n\u00a0de uno de ellos y participado en su\u00a0violaci\u00f3n. Este jueves, d\u00edas despu\u00e9s de que el caso se dio a conocer p\u00fablicamente en Ecuador, a inicios de marzo, Rosero, defensa de la estudiante cuyo presunto abuso fue reportado inicialmente,\u00a0asegur\u00f3 que hay una segunda v\u00edctima. \u00abUno de ellos ya viendo que hab\u00eda entrado su amiguito a perpetrar el delito de violaci\u00f3n, sale igualmente y entra furtivamente al subirse a un escal\u00f3n m\u00e1s all\u00e1 y\u00a0empuja la ventana de la suite que ocupaba otra compa\u00f1era y procede a violarla\u00ab, indica el letrado. \u00abHay dos violaciones (&#8230;) Reci\u00e9n me enter\u00f3 el d\u00eda de ayer porque\u00a0los padres por verg\u00fcenza no hab\u00edan hecho p\u00fablico este caso.\u00a0Hab\u00edan guardado silencio porque realmente aqu\u00ed se estigmatizan mucho estos hechos\u00bb, acota el abogado. Fuente: Vistazo<\/p>\n","protected":false},"author":1,"featured_media":13849,"comment_status":"open","ping_status":"open","sticky":false,"template":"","format":"standard","meta":{"footnotes":""},"categories":[268],"tags":[],"class_list":["post-13848","post","type-post","status-publish","format-standard","has-post-thumbnail","hentry","category-nacionales"],"_links":{"self":[{"href":"https:\/\/www.elamazonico.com\/portal\/wp-json\/wp\/v2\/posts\/13848","targetHints":{"allow":["GET"]}}],"collection":[{"href":"https:\/\/www.elamazonico.com\/portal\/wp-json\/wp\/v2\/posts"}],"about":[{"href":"https:\/\/www.elamazonico.com\/portal\/wp-json\/wp\/v2\/types\/post"}],"author":[{"embeddable":true,"href":"https:\/\/www.elamazonico.com\/portal\/wp-json\/wp\/v2\/users\/1"}],"replies":[{"embeddable":true,"href":"https:\/\/www.elamazonico.com\/portal\/wp-json\/wp\/v2\/comments?post=13848"}],"version-history":[{"count":1,"href":"https:\/\/www.elamazonico.com\/portal\/wp-json\/wp\/v2\/posts\/13848\/revisions"}],"predecessor-version":[{"id":13850,"href":"https:\/\/www.elamazonico.com\/portal\/wp-json\/wp\/v2\/posts\/13848\/revisions\/13850"}],"wp:featuredmedia":[{"embeddable":true,"href":"https:\/\/www.elamazonico.com\/portal\/wp-json\/wp\/v2\/media\/13849"}],"wp:attachment":[{"href":"https:\/\/www.elamazonico.com\/portal\/wp-json\/wp\/v2\/media?parent=13848"}],"wp:term":[{"taxonomy":"category","embeddable":true,"href":"https:\/\/www.elamazonico.com\/portal\/wp-json\/wp\/v2\/categories?post=13848"},{"taxonomy":"post_tag","embeddable":true,"href":"https:\/\/www.elamazonico.com\/portal\/wp-json\/wp\/v2\/tags?post=13848"}],"curies":[{"name":"wp","href":"https:\/\/api.w.org\/{rel}","templated":true}]}}